{"id":20319,"date":"2026-04-30T10:19:47","date_gmt":"2026-04-30T13:19:47","guid":{"rendered":"https:\/\/comunidadtextil.com\/wpnews\/?p=20319"},"modified":"2026-04-30T10:19:47","modified_gmt":"2026-04-30T13:19:47","slug":"carters-inicia-un-ambicioso-plan-de-expansion-a-cinco-anos-y-abrira-30-espacios","status":"publish","type":"post","link":"https:\/\/comunidadtextil.com\/wpnews\/2026\/04\/carters-inicia-un-ambicioso-plan-de-expansion-a-cinco-anos-y-abrira-30-espacios\/","title":{"rendered":"Carter\u2019s inicia un ambicioso plan de expansi\u00f3n a cinco  a\u00f1os y abrir\u00e1 30 espacios"},"content":{"rendered":"<div id=\"attachment_20314\" style=\"width: 255px\" class=\"wp-caption alignleft\"><a href=\"https:\/\/comunidadtextil.com\/wpnews\/wp-content\/uploads\/2026\/04\/Tienda-de-Carter_s.jpg\"><img loading=\"lazy\" decoding=\"async\" aria-describedby=\"caption-attachment-20314\" class=\" wp-image-20314\" src=\"https:\/\/comunidadtextil.com\/wpnews\/wp-content\/uploads\/2026\/04\/Tienda-de-Carter_s-300x169.jpg\" alt=\"\" width=\"245\" height=\"138\" srcset=\"https:\/\/comunidadtextil.com\/wpnews\/wp-content\/uploads\/2026\/04\/Tienda-de-Carter_s-300x169.jpg 300w, https:\/\/comunidadtextil.com\/wpnews\/wp-content\/uploads\/2026\/04\/Tienda-de-Carter_s-768x432.jpg 768w, https:\/\/comunidadtextil.com\/wpnews\/wp-content\/uploads\/2026\/04\/Tienda-de-Carter_s.jpg 800w\" sizes=\"auto, (max-width: 245px) 100vw, 245px\" \/><\/a><p id=\"caption-attachment-20314\" class=\"wp-caption-text\">Tienda de Carter&#8217;s<\/p><\/div>\n<p>A partir de mayo la marca estadounidense, especializada en prendas para beb\u00e9s y ni\u00f1os, aumentar\u00e1 su presencia en Argentina. Carter\u2019s abrir\u00e1 inicialmente una nueva tienda en mayo en las Galer\u00edas Pac\u00edfico, uno de los principales shoppings de la ciudad de Buenos Aires. Y en junio sumar\u00e1 otro punto de venta en un importante centro comercial que a\u00fan no se ha dado a conocer.<\/p>\n<p>Seg\u00fan los planes anunciados, estas aperturas forman parte de un proyecto de expansi\u00f3n que incluye treinta nuevos puntos de venta en cinco a\u00f1os. Durante el segundo semestre de 2026, la compa\u00f1\u00eda abrir\u00e1 nuevas tiendas, entre ellas un outlet en el barrio de Palermo.<\/p>\n<div id=\"attachment_20313\" style=\"width: 163px\" class=\"wp-caption alignright\"><a href=\"https:\/\/comunidadtextil.com\/wpnews\/wp-content\/uploads\/2026\/04\/Conjunto-de-Carter_s-_2.jpg\"><img loading=\"lazy\" decoding=\"async\" aria-describedby=\"caption-attachment-20313\" class=\" wp-image-20313\" src=\"https:\/\/comunidadtextil.com\/wpnews\/wp-content\/uploads\/2026\/04\/Conjunto-de-Carter_s-_2-224x300.jpg\" alt=\"\" width=\"153\" height=\"205\" srcset=\"https:\/\/comunidadtextil.com\/wpnews\/wp-content\/uploads\/2026\/04\/Conjunto-de-Carter_s-_2-224x300.jpg 224w, https:\/\/comunidadtextil.com\/wpnews\/wp-content\/uploads\/2026\/04\/Conjunto-de-Carter_s-_2.jpg 747w\" sizes=\"auto, (max-width: 153px) 100vw, 153px\" \/><\/a><p id=\"caption-attachment-20313\" class=\"wp-caption-text\">Conjunto de Carter&#8217;s<\/p><\/div>\n<p>La marca tiene actualmente presencia en las ciudades de C\u00f3rdoba, Rosario, La Plata, Mar del Plata y Resistencia adem\u00e1s de franquicias en Buenos Aires y Mendoza.<\/p>\n<p>Carter se dedica a la comercializaci\u00f3n de ropa para beb\u00e9s y ni\u00f1os peque\u00f1os. Su oferta incluye bodies, pijamas, conjuntos deportivos, camperas livianas y accesorios. Sus prendas se caracterizan por la comodidad y durabilidad.<\/p>\n<p>La empresa se ocup\u00f3 de aclarar que, debido a la estructura tributaria y los costos financieros argentinos, los precios no ser\u00e1n los mismos que se ofrecen en sus tiendas de Estados Unidos.<br \/>\n&#8212;&#8212;&#8212;&#8212;&#8212;&#8212;&#8212;&#8212;&#8212;&#8212;&#8212;&#8212;&#8212;&#8212;&#8212;&#8211;<br \/>\nPinker Moda \/ Comunidad Textil<br \/>\n\u2014\u2014\u2014\u2014\u2014\u2014\u2014\u2014\u2014\u2014\u2014\u2014\u2014\u2014\u2014\u2014\u2014\u2014\u2014\u2014\u2014\u2014\u2014\u2014\u2014\u2014\u2014\u2014\u2014\u2014\u2014\u2014\u2014\u2014\u2014\u2014\u2014\u2014\u2014<\/p>\n<p dir=\"ltr\">Para comunicarse con ComunidadTextil: <span style=\"color: #3366ff;\"><a style=\"color: #3366ff;\" href=\"mailto:contacto@comunidadtextil.com\">contacto@comunidadtextil.com<\/a><\/span><\/p>\n<table border=\"0\" width=\"460\">\n<tbody>\n<tr>\n<td width=\"auto\"><a href=\"https:\/\/industriatextilexpo.ar.messefrankfurt.com\/buenosaires\/es.html\"><img loading=\"lazy\" decoding=\"async\" src=\"https:\/\/www.comunidadtextil.com\/publicidad\/2026\/emitex_junio.jpg\" alt=\"\" width=\"300\" height=\"300\" border=\"0\"><\/a>\n<\/td>\n<td width=\"auto\"><a href=\"https:\/\/www.aplf.com\/aplf-2027\/fashion-access-fair-details\/?utm_medium=media&#038;utm_source=barter&#038;utm_campaign=aplf_media&#038;utm_content=fa27_banner\" target=\"_blank\"><img loading=\"lazy\" decoding=\"async\" src=\"https:\/\/comunidadtextil.com\/publicidad\/2026\/fa2027_300x300px.png\" width=\"300\" height=\"300\"><\/a>\n<\/td>\n<\/tr>\n<\/tbody>\n<\/table>\n","protected":false},"excerpt":{"rendered":"<p>A partir de mayo la marca estadounidense, especializada en prendas para beb\u00e9s y ni\u00f1os, aumentar\u00e1 su presencia en Argentina. Carter\u2019s abrir\u00e1 inicialmente una nueva tienda en mayo en las Galer\u00edas Pac\u00edfico, uno de los principales shoppings de la ciudad de Buenos Aires. Y en junio sumar\u00e1 otro punto de venta en un importante centro comercial [&hellip;]<\/p>\n","protected":false},"author":1924,"featured_media":0,"comment_status":"closed","ping_status":"closed","sticky":false,"template":"","format":"standard","meta":{"footnotes":""},"categories":[8,49],"tags":[],"class_list":["post-20319","post","type-post","status-publish","format-standard","hentry","category-argentina","category-empresas-negocios","count-0","even alt","author-adminct","last"],"_links":{"self":[{"href":"https:\/\/comunidadtextil.com\/wpnews\/wp-json\/wp\/v2\/posts\/20319","targetHints":{"allow":["GET"]}}],"collection":[{"href":"https:\/\/comunidadtextil.com\/wpnews\/wp-json\/wp\/v2\/posts"}],"about":[{"href":"https:\/\/comunidadtextil.com\/wpnews\/wp-json\/wp\/v2\/types\/post"}],"author":[{"embeddable":true,"href":"https:\/\/comunidadtextil.com\/wpnews\/wp-json\/wp\/v2\/users\/1924"}],"replies":[{"embeddable":true,"href":"https:\/\/comunidadtextil.com\/wpnews\/wp-json\/wp\/v2\/comments?post=20319"}],"version-history":[{"count":4,"href":"https:\/\/comunidadtextil.com\/wpnews\/wp-json\/wp\/v2\/posts\/20319\/revisions"}],"predecessor-version":[{"id":20323,"href":"https:\/\/comunidadtextil.com\/wpnews\/wp-json\/wp\/v2\/posts\/20319\/revisions\/20323"}],"wp:attachment":[{"href":"https:\/\/comunidadtextil.com\/wpnews\/wp-json\/wp\/v2\/media?parent=20319"}],"wp:term":[{"taxonomy":"category","embeddable":true,"href":"https:\/\/comunidadtextil.com\/wpnews\/wp-json\/wp\/v2\/categories?post=20319"},{"taxonomy":"post_tag","embeddable":true,"href":"https:\/\/comunidadtextil.com\/wpnews\/wp-json\/wp\/v2\/tags?post=20319"}],"curies":[{"name":"wp","href":"https:\/\/api.w.org\/{rel}","templated":true}]}}