{"id":20035,"date":"2026-03-10T13:53:25","date_gmt":"2026-03-10T16:53:25","guid":{"rendered":"https:\/\/comunidadtextil.com\/wpnews\/?p=20035"},"modified":"2026-03-12T11:34:25","modified_gmt":"2026-03-12T14:34:25","slug":"argentina-los-empresarios-dicen-que-la-industria-textil-vive-una-situacion-terminal","status":"publish","type":"post","link":"https:\/\/comunidadtextil.com\/wpnews\/2026\/03\/argentina-los-empresarios-dicen-que-la-industria-textil-vive-una-situacion-terminal\/","title":{"rendered":"Argentina: los empresarios dicen que la industria textil vive una situaci\u00f3n terminal"},"content":{"rendered":"<div id=\"attachment_20034\" style=\"width: 169px\" class=\"wp-caption alignleft\"><a href=\"https:\/\/comunidadtextil.com\/wpnews\/wp-content\/uploads\/2026\/03\/Priscila-Makari-Directora-Ejecutiva-de-la-Fundacion-ProTejer.-_2-.jpg\"><img loading=\"lazy\" decoding=\"async\" aria-describedby=\"caption-attachment-20034\" class=\" wp-image-20034\" src=\"https:\/\/comunidadtextil.com\/wpnews\/wp-content\/uploads\/2026\/03\/Priscila-Makari-Directora-Ejecutiva-de-la-Fundacion-ProTejer.-_2--223x300.jpg\" alt=\"\" width=\"159\" height=\"214\" srcset=\"https:\/\/comunidadtextil.com\/wpnews\/wp-content\/uploads\/2026\/03\/Priscila-Makari-Directora-Ejecutiva-de-la-Fundacion-ProTejer.-_2--223x300.jpg 223w, https:\/\/comunidadtextil.com\/wpnews\/wp-content\/uploads\/2026\/03\/Priscila-Makari-Directora-Ejecutiva-de-la-Fundacion-ProTejer.-_2--762x1024.jpg 762w, https:\/\/comunidadtextil.com\/wpnews\/wp-content\/uploads\/2026\/03\/Priscila-Makari-Directora-Ejecutiva-de-la-Fundacion-ProTejer.-_2--768x1032.jpg 768w, https:\/\/comunidadtextil.com\/wpnews\/wp-content\/uploads\/2026\/03\/Priscila-Makari-Directora-Ejecutiva-de-la-Fundacion-ProTejer.-_2--1143x1536.jpg 1143w, https:\/\/comunidadtextil.com\/wpnews\/wp-content\/uploads\/2026\/03\/Priscila-Makari-Directora-Ejecutiva-de-la-Fundacion-ProTejer.-_2--1524x2048.jpg 1524w, https:\/\/comunidadtextil.com\/wpnews\/wp-content\/uploads\/2026\/03\/Priscila-Makari-Directora-Ejecutiva-de-la-Fundacion-ProTejer.-_2-.jpg 1785w\" sizes=\"auto, (max-width: 159px) 100vw, 159px\" \/><\/a><p id=\"caption-attachment-20034\" class=\"wp-caption-text\">Priscila Makari, Directora Ejecutiva de la Fundaci\u00f3n ProTejer.<\/p><\/div>\n<p>Priscila Makari, Directora Ejecutiva de la Fundaci\u00f3n ProTejer \u2013entidad que representa a todo el arco empresario del sector textil y confecciones- analiz\u00f3 el momento que atraviesan esas industrias en Argentina. La ejecutiva asegur\u00f3 que el rubro atraviesa una crisis profunda.<\/p>\n<p>La situaci\u00f3n es tal que algunos empresarios consultados han llegado a calificar esta situaci\u00f3n como \u201cterminal\u201d. La pol\u00edtica de mantener un d\u00f3lar artificialmente bajo, abrir indiscriminadamente el comercio -incluidas las compras en las plataformas chinas- junto mantener un fuerte nivel de impuestos y tasas de inter\u00e9s que son las m\u00e1s altas del mundo, esta estrangulando al sector productivo local.<\/p>\n<p>Makari se\u00f1al\u00f3 que \u201ccuando se tiene la percepci\u00f3n de que la ropa argentina es cara por lo general se est\u00e1 mirando la ropa de marcas de alta gama, que se vende en shoppings. Estas prendas son en un 70% importadas, por lo cual es injusto atribuirle a la industria nacional ese precio final\u201d.<\/p>\n<p>La industria textil argentina emplea a unos 540.000 trabajadores en todo el pa\u00eds. El sector tiene presencia en todas las provincias y, en algunos casos, representa m\u00e1s del 35% del empleo industrial formal de esas regiones. Asimismo, en gran medida utiliza materias primas generadas en el pa\u00eds y posee una tecnolog\u00eda de nivel mundial por las fuertes inversiones realizadas en los \u00faltimos a\u00f1os.<\/p>\n<p><a href=\"https:\/\/comunidadtextil.com\/wpnews\/wp-content\/uploads\/2026\/03\/industria-textil-arg_2_.jpg\"><img loading=\"lazy\" decoding=\"async\" class=\" wp-image-20033 alignright\" src=\"https:\/\/comunidadtextil.com\/wpnews\/wp-content\/uploads\/2026\/03\/industria-textil-arg_2_-300x178.jpg\" alt=\"\" width=\"249\" height=\"148\" srcset=\"https:\/\/comunidadtextil.com\/wpnews\/wp-content\/uploads\/2026\/03\/industria-textil-arg_2_-300x178.jpg 300w, https:\/\/comunidadtextil.com\/wpnews\/wp-content\/uploads\/2026\/03\/industria-textil-arg_2_-768x455.jpg 768w, https:\/\/comunidadtextil.com\/wpnews\/wp-content\/uploads\/2026\/03\/industria-textil-arg_2_.jpg 937w\" sizes=\"auto, (max-width: 249px) 100vw, 249px\" \/><\/a>Justamente uno de los motivos que esgrimi\u00f3 el gobierno de Javier Milei para abrir la importaci\u00f3n de textiles fue que la ropa en Argentina es cara. Al respecto, Priscila Makari destac\u00f3 que, adem\u00e1s de que se analiza el precio de la ropa mirando los productos de alta gama que se vende en shoppings, se refiri\u00f3 a los distintos \u00edtems que impactan en el valor que paga el consumidor.<\/p>\n<p>\u201cHay muchas cuestiones que hacen al precio. Algunas estructurales que vienen desde hace muchos a\u00f1os como la estructura impositiva. El 50% del precio de una prenda de marca en mostrador se compone de impuestos. Adem\u00e1s tenemos costos log\u00edsticos muy altos. Es m\u00e1s costoso traer un cami\u00f3n de Catamarca a Buenos Aires (1.100 km) que traer un contenedor de China a Buenos Aires. Asimismo, Argentina tiene los costos de alquileres de espacios en los shoppings que son de los m\u00e1s caros del mundo\u201d.<\/p>\n<p>En otro tramo de la entrevista, la ejecutiva de la Fundaci\u00f3n ProTejer critic\u00f3 la pol\u00edtica que impulsa el gobierno: \u201cA esto se suma el modelo econ\u00f3mico que le quita est\u00edmulos a la producci\u00f3n con un tipo de cambio artificialmente apreciado, tasas de inter\u00e9s reales de las m\u00e1s altas del mundo a lo que se suma la apertura y desregulaci\u00f3n comercial\u201d.<\/p>\n<p><a href=\"https:\/\/comunidadtextil.com\/wpnews\/wp-content\/uploads\/2026\/03\/0000174506-002.jpg\"><img loading=\"lazy\" decoding=\"async\" class=\"alignleft wp-image-20032\" src=\"https:\/\/comunidadtextil.com\/wpnews\/wp-content\/uploads\/2026\/03\/0000174506-002-300x169.jpg\" alt=\"\" width=\"245\" height=\"138\" srcset=\"https:\/\/comunidadtextil.com\/wpnews\/wp-content\/uploads\/2026\/03\/0000174506-002-300x169.jpg 300w, https:\/\/comunidadtextil.com\/wpnews\/wp-content\/uploads\/2026\/03\/0000174506-002-768x433.jpg 768w, https:\/\/comunidadtextil.com\/wpnews\/wp-content\/uploads\/2026\/03\/0000174506-002.jpg 877w\" sizes=\"auto, (max-width: 245px) 100vw, 245px\" \/><\/a>La directiva de la fundaci\u00f3n ProTejer mencion\u00f3 tangencialmente la grave situaci\u00f3n de desocupaci\u00f3n y ca\u00edda del salario real que soporta la mayor parte de la poblaci\u00f3n de Argentina. \u201cLo m\u00e1s importante hoy es el tema del consumo. La gente no tiene dinero para consumir y no se vende ni nacional ni importado. Es un mito que bajaron los precios porque se abri\u00f3 la importaci\u00f3n. La importaci\u00f3n comi\u00f3 mercado interno pero los precios bajaron porque, como no se vende nada, los comerciantes tuvieron que sacrificar su rentabilidad y m\u00e1s para afrontar parte de los costos fijos\u201d.<\/p>\n<p>Por \u00faltimo, Makari se refiri\u00f3 a la Ley de Modernizaci\u00f3n Laboral aprobada recientemente en el Congreso Nacional: \u201cLa reforma laboral no va a generar m\u00e1s empleo. Otros pa\u00edses tuvieron reformas de flexibilizaci\u00f3n laboral y no se vio un impacto en los puestos de trabajo. Lo que tracciona la econom\u00eda es el consumo. El consumo promueve la producci\u00f3n y la producci\u00f3n el empleo. Tenemos el poder adquisitivo golpeado y hay poco dinero para que la gente compre otros bienes\u201d explic\u00f3.<br \/>\n&#8212;&#8212;&#8212;&#8212;&#8212;&#8212;&#8212;&#8212;&#8212;&#8212;&#8212;&#8212;<br \/>\nA12 \/ Comunidad Textil<br \/>\n\u2014\u2014\u2014\u2014\u2014\u2014\u2014\u2014\u2014\u2014\u2014\u2014\u2014\u2014\u2014\u2014\u2014\u2014\u2014\u2014\u2014\u2014\u2014\u2014\u2014\u2014\u2014\u2014\u2014\u2014\u2014\u2014\u2014\u2014\u2014\u2014\u2014\u2014\u2014<\/p>\n<p dir=\"ltr\">Para comunicarse con ComunidadTextil: <span style=\"color: #3366ff;\"><a style=\"color: #3366ff;\" href=\"mailto:contacto@comunidadtextil.com\">contacto@comunidadtextil.com<\/a><\/span><\/p>\n<table border=\"0\" width=\"460\">\n<tbody>\n<tr>\n<td width=\"auto\"><a href=\"http:\/\/www.tintoreanatur.com.ar\" target=\"_blank\" rel=\"noopener\"><img loading=\"lazy\" decoding=\"async\" class=\"aligncenter\" src=\"https:\/\/www.comunidadtextil.com\/publicidad\/tintoreanatur-banner-300x200_2021.jpg\" alt=\"\" width=\"301\" height=\"201\" \/><\/a><\/td>\n<td width=\"auto\"><a href=\"http:\/\/www.actibiz.com.ar\" target=\"_blank\" rel=\"noopener\"><img loading=\"lazy\" decoding=\"async\" class=\"aligncenter\" src=\"https:\/\/www.comunidadtextil.com\/publicidad\/actibiz2019.jpg\" alt=\"\" width=\"300\" height=\"200\" border=\"0\" \/><\/a><\/td>\n<\/tr>\n<\/tbody>\n<\/table>\n","protected":false},"excerpt":{"rendered":"<p>Priscila Makari, Directora Ejecutiva de la Fundaci\u00f3n ProTejer \u2013entidad que representa a todo el arco empresario del sector textil y confecciones- analiz\u00f3 el momento que atraviesan esas industrias en Argentina. La ejecutiva asegur\u00f3 que el rubro atraviesa una crisis profunda. La situaci\u00f3n es tal que algunos empresarios consultados han llegado a calificar esta situaci\u00f3n como [&hellip;]<\/p>\n","protected":false},"author":1924,"featured_media":0,"comment_status":"closed","ping_status":"closed","sticky":false,"template":"","format":"standard","meta":{"footnotes":""},"categories":[8,43],"tags":[],"class_list":["post-20035","post","type-post","status-publish","format-standard","hentry","category-argentina","category-industria","count-0","even alt","author-adminct","last"],"_links":{"self":[{"href":"https:\/\/comunidadtextil.com\/wpnews\/wp-json\/wp\/v2\/posts\/20035","targetHints":{"allow":["GET"]}}],"collection":[{"href":"https:\/\/comunidadtextil.com\/wpnews\/wp-json\/wp\/v2\/posts"}],"about":[{"href":"https:\/\/comunidadtextil.com\/wpnews\/wp-json\/wp\/v2\/types\/post"}],"author":[{"embeddable":true,"href":"https:\/\/comunidadtextil.com\/wpnews\/wp-json\/wp\/v2\/users\/1924"}],"replies":[{"embeddable":true,"href":"https:\/\/comunidadtextil.com\/wpnews\/wp-json\/wp\/v2\/comments?post=20035"}],"version-history":[{"count":4,"href":"https:\/\/comunidadtextil.com\/wpnews\/wp-json\/wp\/v2\/posts\/20035\/revisions"}],"predecessor-version":[{"id":20039,"href":"https:\/\/comunidadtextil.com\/wpnews\/wp-json\/wp\/v2\/posts\/20035\/revisions\/20039"}],"wp:attachment":[{"href":"https:\/\/comunidadtextil.com\/wpnews\/wp-json\/wp\/v2\/media?parent=20035"}],"wp:term":[{"taxonomy":"category","embeddable":true,"href":"https:\/\/comunidadtextil.com\/wpnews\/wp-json\/wp\/v2\/categories?post=20035"},{"taxonomy":"post_tag","embeddable":true,"href":"https:\/\/comunidadtextil.com\/wpnews\/wp-json\/wp\/v2\/tags?post=20035"}],"curies":[{"name":"wp","href":"https:\/\/api.w.org\/{rel}","templated":true}]}}