{"id":20007,"date":"2026-03-10T13:17:35","date_gmt":"2026-03-10T16:17:35","guid":{"rendered":"https:\/\/comunidadtextil.com\/wpnews\/?p=20007"},"modified":"2026-03-10T13:17:35","modified_gmt":"2026-03-10T16:17:35","slug":"la-crisis-politica-mundial-ya-obliga-a-fuertes-cambios-en-la-industria-textil-global","status":"publish","type":"post","link":"https:\/\/comunidadtextil.com\/wpnews\/2026\/03\/la-crisis-politica-mundial-ya-obliga-a-fuertes-cambios-en-la-industria-textil-global\/","title":{"rendered":"La crisis pol\u00edtica mundial ya obliga a fuertes cambios en la industria textil global"},"content":{"rendered":"<div id=\"attachment_19986\" style=\"width: 260px\" class=\"wp-caption alignleft\"><a href=\"https:\/\/comunidadtextil.com\/wpnews\/wp-content\/uploads\/2026\/03\/Bombardeo-de-EE.UU_.-a-Iran-_6-.jpg\"><img loading=\"lazy\" decoding=\"async\" aria-describedby=\"caption-attachment-19986\" class=\" wp-image-19986\" src=\"https:\/\/comunidadtextil.com\/wpnews\/wp-content\/uploads\/2026\/03\/Bombardeo-de-EE.UU_.-a-Iran-_6--300x169.jpg\" alt=\"\" width=\"250\" height=\"141\" srcset=\"https:\/\/comunidadtextil.com\/wpnews\/wp-content\/uploads\/2026\/03\/Bombardeo-de-EE.UU_.-a-Iran-_6--300x169.jpg 300w, https:\/\/comunidadtextil.com\/wpnews\/wp-content\/uploads\/2026\/03\/Bombardeo-de-EE.UU_.-a-Iran-_6--768x432.jpg 768w, https:\/\/comunidadtextil.com\/wpnews\/wp-content\/uploads\/2026\/03\/Bombardeo-de-EE.UU_.-a-Iran-_6-.jpg 971w\" sizes=\"auto, (max-width: 250px) 100vw, 250px\" \/><\/a><p id=\"caption-attachment-19986\" class=\"wp-caption-text\">Bombardeo de EE.UU. a Ir\u00e1n<\/p><\/div>\n<p>El aumento de los precios internacionales de la energ\u00eda a ra\u00edz de la guerra en Oriente Medio, y la consecuente suba de las materias primas, est\u00e1 generando nuevos desaf\u00edos para la industria textil mundial. El sector es intensivo en consumo energ\u00e9tico que depende en gran medida del gas natural, la electricidad y los derivados del petr\u00f3leo, tanto para sus procesos productivos como para la fabricaci\u00f3n de fibras sint\u00e9ticas. En estos d\u00edas, la volatilidad en los mercados energ\u00e9ticos se ha intensificado debido a esas tensiones geopol\u00edticas, restricciones en la oferta y cambios en las rutas de suministro, provocando episodios de subas abruptas en los precios del gas natural que en algunos mercados llegaron -al cierre de este art\u00edculo- a incrementarse hasta en un 80%. Esta situaci\u00f3n se suma a la crisis generada por los aranceles impuestos a diversos pa\u00edses por la administraci\u00f3n de los EE.UU.<\/p>\n<p><a href=\"https:\/\/comunidadtextil.com\/wpnews\/wp-content\/uploads\/2026\/03\/Bombardeo-de-EE.UU_.-a-Iran.-_2b-.jpg\"><img loading=\"lazy\" decoding=\"async\" class=\" wp-image-19987 alignright\" src=\"https:\/\/comunidadtextil.com\/wpnews\/wp-content\/uploads\/2026\/03\/Bombardeo-de-EE.UU_.-a-Iran.-_2b--257x300.jpg\" alt=\"\" width=\"185\" height=\"216\" srcset=\"https:\/\/comunidadtextil.com\/wpnews\/wp-content\/uploads\/2026\/03\/Bombardeo-de-EE.UU_.-a-Iran.-_2b--257x300.jpg 257w, https:\/\/comunidadtextil.com\/wpnews\/wp-content\/uploads\/2026\/03\/Bombardeo-de-EE.UU_.-a-Iran.-_2b--878x1024.jpg 878w, https:\/\/comunidadtextil.com\/wpnews\/wp-content\/uploads\/2026\/03\/Bombardeo-de-EE.UU_.-a-Iran.-_2b--768x895.jpg 768w, https:\/\/comunidadtextil.com\/wpnews\/wp-content\/uploads\/2026\/03\/Bombardeo-de-EE.UU_.-a-Iran.-_2b-.jpg 1175w\" sizes=\"auto, (max-width: 185px) 100vw, 185px\" \/><\/a>El impacto de esta situaci\u00f3n es particularmente significativo en las etapas de tintura, lavado, secado y acabado de los textiles, procesos que requieren grandes cantidades de energ\u00eda t\u00e9rmica y el\u00e9ctrica. En determinadas plantas industriales estos procesos pueden representar m\u00e1s del 20% del costo total de producci\u00f3n de una prenda o tejido. Cuando el precio del gas o de la electricidad aumenta de manera repentina, el efecto se traslada r\u00e1pidamente a los costos operativos, reduciendo m\u00e1rgenes y obligando a las empresas a renegociar contratos o ajustar precios.<\/p>\n<p>La presi\u00f3n tambi\u00e9n se siente en la producci\u00f3n de fibras sint\u00e9ticas como el poli\u00e9ster, el nylon o el acr\u00edlico, cuya fabricaci\u00f3n depende directamente de derivados del petr\u00f3leo. Seg\u00fan estimaciones de analistas del sector, el poli\u00e9ster \u2014que representa m\u00e1s del 50% de la fibra textil utilizada en el mundo\u2014 es especialmente sensible a las variaciones en los precios del crudo y de los productos petroqu\u00edmicos. Esto significa que los movimientos en los mercados energ\u00e9ticos pueden repercutir r\u00e1pidamente en toda la cadena de valor de la moda y de los textiles t\u00e9cnicos.<\/p>\n<p>A este escenario se suma el encarecimiento del transporte mar\u00edtimo y las alteraciones en las rutas comerciales internacionales. Los conflictos en zonas estrat\u00e9gicas para el comercio global y los desv\u00edos de buques en determinados corredores mar\u00edtimos han aumentado los tiempos de tr\u00e1nsito y los costos log\u00edsticos. En algunos casos, los fletes entre Asia y Europa o Am\u00e9rica se han incrementado de manera significativa respecto de los niveles previos a las recientes tensiones geopol\u00edticas, afectando especialmente a los fabricantes que dependen de cadenas de suministro largas y globalizadas.<\/p>\n<p><a href=\"https:\/\/comunidadtextil.com\/wpnews\/wp-content\/uploads\/2026\/03\/Bombardeo-de-EE.UU_.-a-Iran-.jpg\"><img loading=\"lazy\" decoding=\"async\" class=\"alignleft wp-image-19985\" src=\"https:\/\/comunidadtextil.com\/wpnews\/wp-content\/uploads\/2026\/03\/Bombardeo-de-EE.UU_.-a-Iran--300x169.jpg\" alt=\"\" width=\"249\" height=\"140\" srcset=\"https:\/\/comunidadtextil.com\/wpnews\/wp-content\/uploads\/2026\/03\/Bombardeo-de-EE.UU_.-a-Iran--300x169.jpg 300w, https:\/\/comunidadtextil.com\/wpnews\/wp-content\/uploads\/2026\/03\/Bombardeo-de-EE.UU_.-a-Iran--768x432.jpg 768w, https:\/\/comunidadtextil.com\/wpnews\/wp-content\/uploads\/2026\/03\/Bombardeo-de-EE.UU_.-a-Iran-.jpg 1024w\" sizes=\"auto, (max-width: 249px) 100vw, 249px\" \/><\/a>Para muchas empresas textiles, esta combinaci\u00f3n de factores est\u00e1 generando un clima de creciente incertidumbre respecto de los costos futuros de producci\u00f3n. Frente a este contexto, algunas compa\u00f1\u00edas est\u00e1n revisando sus estrategias de abastecimiento, y otras analizando la posibilidad de relocalizar parte de sus procesos productivos para reducir riesgos log\u00edsticos y energ\u00e9ticos. El fen\u00f3meno de \u201cnearshoring\u201d, que busca acercar la producci\u00f3n a los mercados de consumo, comienza a ganar mayor atenci\u00f3n dentro del sector.<\/p>\n<p>Paralelamente, se observa un aumento en las inversiones destinadas a mejorar la eficiencia energ\u00e9tica en las plantas industriales. Tecnolog\u00edas como sistemas de recuperaci\u00f3n de calor, maquinaria de tintura de bajo consumo, automatizaci\u00f3n de procesos y el uso de energ\u00edas renovables est\u00e1n siendo evaluadas como herramientas clave para reducir costos y mejorar la resiliencia frente a la volatilidad energ\u00e9tica. En algunos polos textiles de Asia, Europa y Am\u00e9rica Latina, las empresas ya est\u00e1n incorporando calderas m\u00e1s eficientes, paneles solares industriales y sistemas de gesti\u00f3n energ\u00e9tica basados en datos.<\/p>\n<p>Los analistas del sector consideran que esta presi\u00f3n sobre los costos energ\u00e9ticos podr\u00eda acelerar una transformaci\u00f3n estructural en la industria textil. La transici\u00f3n hacia procesos m\u00e1s sostenibles y eficientes energ\u00e9ticamente no solo responde a exigencias ambientales cada vez m\u00e1s estrictas, sino tambi\u00e9n a una necesidad econ\u00f3mica concreta.<\/p>\n<p>A medida que las regulaciones clim\u00e1ticas se vuelvan m\u00e1s exigentes y los precios de la energ\u00eda contin\u00faen mostrando fuertes fluctuaciones, las empresas que logren reducir su intensidad energ\u00e9tica y diversificar sus fuentes de suministro estar\u00e1n mejor posicionadas para competir en el mercado global.<br \/>\n&#8212;&#8212;&#8212;&#8212;&#8212;&#8212;&#8212;&#8212;&#8212;&#8212;&#8212;&#8212;&#8212;&#8212;&#8212;&#8212;&#8212;&#8212;&#8212;&#8212;<br \/>\nIndustria de la Moda \/Comunidad Textil<\/p>\n<p>\u2014\u2014\u2014\u2014\u2014\u2014\u2014\u2014\u2014\u2014\u2014\u2014\u2014\u2014\u2014\u2014\u2014\u2014\u2014\u2014\u2014\u2014\u2014\u2014\u2014\u2014\u2014\u2014\u2014\u2014\u2014\u2014\u2014\u2014\u2014\u2014\u2014\u2014\u2014<\/p>\n<p dir=\"ltr\">Para comunicarse con ComunidadTextil: <span style=\"color: #3366ff;\"><a style=\"color: #3366ff;\" href=\"mailto:contacto@comunidadtextil.com\">contacto@comunidadtextil.com<\/a><\/span><\/p>\n<table border=\"0\" width=\"460\">\n<tbody>\n<tr>\n<td width=\"auto\"><a href=\"http:\/\/www.tikvatex.com.ar\" target=\"_blank\" rel=\"noopener\"><img loading=\"lazy\" decoding=\"async\" class=\"aligncenter\" src=\"https:\/\/www.comunidadtextil.com\/publicidad\/tikvatex062020.png\" alt=\"\" width=\"300\" height=\"190\" border=\"0\" \/><\/a><\/td>\n<td width=\"auto\"><a href=\"https:\/\/www.instagram.com\/institutobelkynuic\/?hl=es-la\" target=\"_blank\" rel=\"noopener\"><img loading=\"lazy\" decoding=\"async\" class=\"aligncenter\" src=\"https:\/\/comunidadtextil.com\/cursos300x200.jpg\" alt=\"\" width=\"300\" height=\"200\" border=\"0\" \/><\/a><\/td>\n<\/tr>\n<\/tbody>\n<\/table>\n","protected":false},"excerpt":{"rendered":"<p>El aumento de los precios internacionales de la energ\u00eda a ra\u00edz de la guerra en Oriente Medio, y la consecuente suba de las materias primas, est\u00e1 generando nuevos desaf\u00edos para la industria textil mundial. El sector es intensivo en consumo energ\u00e9tico que depende en gran medida del gas natural, la electricidad y los derivados del [&hellip;]<\/p>\n","protected":false},"author":1924,"featured_media":0,"comment_status":"closed","ping_status":"closed","sticky":false,"template":"","format":"standard","meta":{"footnotes":""},"categories":[59,58,60,62],"tags":[],"class_list":["post-20007","post","type-post","status-publish","format-standard","hentry","category-noticias-de-america-del-norte","category-noticias-de-america-latina","category-noticias-de-asia","category-noticias-de-europa","count-0","even alt","author-adminct","last"],"_links":{"self":[{"href":"https:\/\/comunidadtextil.com\/wpnews\/wp-json\/wp\/v2\/posts\/20007","targetHints":{"allow":["GET"]}}],"collection":[{"href":"https:\/\/comunidadtextil.com\/wpnews\/wp-json\/wp\/v2\/posts"}],"about":[{"href":"https:\/\/comunidadtextil.com\/wpnews\/wp-json\/wp\/v2\/types\/post"}],"author":[{"embeddable":true,"href":"https:\/\/comunidadtextil.com\/wpnews\/wp-json\/wp\/v2\/users\/1924"}],"replies":[{"embeddable":true,"href":"https:\/\/comunidadtextil.com\/wpnews\/wp-json\/wp\/v2\/comments?post=20007"}],"version-history":[{"count":1,"href":"https:\/\/comunidadtextil.com\/wpnews\/wp-json\/wp\/v2\/posts\/20007\/revisions"}],"predecessor-version":[{"id":20008,"href":"https:\/\/comunidadtextil.com\/wpnews\/wp-json\/wp\/v2\/posts\/20007\/revisions\/20008"}],"wp:attachment":[{"href":"https:\/\/comunidadtextil.com\/wpnews\/wp-json\/wp\/v2\/media?parent=20007"}],"wp:term":[{"taxonomy":"category","embeddable":true,"href":"https:\/\/comunidadtextil.com\/wpnews\/wp-json\/wp\/v2\/categories?post=20007"},{"taxonomy":"post_tag","embeddable":true,"href":"https:\/\/comunidadtextil.com\/wpnews\/wp-json\/wp\/v2\/tags?post=20007"}],"curies":[{"name":"wp","href":"https:\/\/api.w.org\/{rel}","templated":true}]}}