{"id":20001,"date":"2026-03-10T12:42:24","date_gmt":"2026-03-10T15:42:24","guid":{"rendered":"https:\/\/comunidadtextil.com\/wpnews\/?p=20001"},"modified":"2026-03-10T12:42:24","modified_gmt":"2026-03-10T15:42:24","slug":"en-mayo-llegara-una-nueva-exposicion-a-barcelona-con-el-foco-en-impresion-textil","status":"publish","type":"post","link":"https:\/\/comunidadtextil.com\/wpnews\/2026\/03\/en-mayo-llegara-una-nueva-exposicion-a-barcelona-con-el-foco-en-impresion-textil\/","title":{"rendered":"En mayo llegar\u00e1 una nueva exposici\u00f3n a Barcelona con el foco en impresi\u00f3n textil"},"content":{"rendered":"<p><a href=\"https:\/\/comunidadtextil.com\/wpnews\/wp-content\/uploads\/2026\/03\/Fira-de-B_1.jpg\"><img loading=\"lazy\" decoding=\"async\" class=\"alignleft wp-image-19993\" src=\"https:\/\/comunidadtextil.com\/wpnews\/wp-content\/uploads\/2026\/03\/Fira-de-B_1-300x171.jpg\" alt=\"\" width=\"249\" height=\"142\" srcset=\"https:\/\/comunidadtextil.com\/wpnews\/wp-content\/uploads\/2026\/03\/Fira-de-B_1-300x171.jpg 300w, https:\/\/comunidadtextil.com\/wpnews\/wp-content\/uploads\/2026\/03\/Fira-de-B_1-768x437.jpg 768w, https:\/\/comunidadtextil.com\/wpnews\/wp-content\/uploads\/2026\/03\/Fira-de-B_1.jpg 1000w\" sizes=\"auto, (max-width: 249px) 100vw, 249px\" \/><\/a>La feria \u201cTextile\u201d es organizada por FESPA 2026 y tendr\u00e1 lugar del 19 al 22 de mayo en la Fira de Barcelona. En el mismo recinto se llevar\u00e1n a cabo otros salones relacionados con el rubro impresi\u00f3n digital, lo que convertir\u00e1 al predio en un gran punto de encuentro del sector.<\/p>\n<p>Barcelona ser\u00e1 en mayo el epicentro de la impresi\u00f3n textil. FESPA presentar\u00e1 en la Fira el nuevo sal\u00f3n Textile que se realizar\u00e1 junto con Global Print Expo, European Sign Expo, Personalisation Experience, WrapFest y el nuevo Corrugated.<\/p>\n<p><a href=\"https:\/\/comunidadtextil.com\/wpnews\/wp-content\/uploads\/2026\/03\/feria.jpg\"><img loading=\"lazy\" decoding=\"async\" class=\" wp-image-19991 alignright\" src=\"https:\/\/comunidadtextil.com\/wpnews\/wp-content\/uploads\/2026\/03\/feria-300x200.jpg\" alt=\"\" width=\"248\" height=\"165\" srcset=\"https:\/\/comunidadtextil.com\/wpnews\/wp-content\/uploads\/2026\/03\/feria-300x200.jpg 300w, https:\/\/comunidadtextil.com\/wpnews\/wp-content\/uploads\/2026\/03\/feria-768x512.jpg 768w, https:\/\/comunidadtextil.com\/wpnews\/wp-content\/uploads\/2026\/03\/feria.jpg 1000w\" sizes=\"auto, (max-width: 248px) 100vw, 248px\" \/><\/a>La nueva exposici\u00f3n estar\u00e1 dedicada a textiles impresos en prendas de vestir y decoraci\u00f3n, adem\u00e1s de productos promocionales, marketing e impresi\u00f3n bajo demanda. Textile convocar\u00e1 a impresores textiles, productores de prendas, decoradores de prendas, proveedores, marcas y dise\u00f1adores que ofrecer\u00e1n las \u00faltimas soluciones en tecnolog\u00edas, materiales y flujos de trabajo de producci\u00f3n.<\/p>\n<p>Los expositores mostrar\u00e1n maquinarias y procesos para brindar buenos resultados en art\u00edculos cotidianos como camisetas, gorras y bolsos, as\u00ed como ropa deportiva, ropa de trabajo y aplicaciones de interior, sin comprometer la calidad ni la sostenibilidad.<\/p>\n<p><a href=\"https:\/\/comunidadtextil.com\/wpnews\/wp-content\/uploads\/2026\/03\/FESPA_Textile-1-b-.jpg\"><img loading=\"lazy\" decoding=\"async\" class=\"alignleft wp-image-19989\" src=\"https:\/\/comunidadtextil.com\/wpnews\/wp-content\/uploads\/2026\/03\/FESPA_Textile-1-b--300x201.jpg\" alt=\"\" width=\"243\" height=\"163\" srcset=\"https:\/\/comunidadtextil.com\/wpnews\/wp-content\/uploads\/2026\/03\/FESPA_Textile-1-b--300x201.jpg 300w, https:\/\/comunidadtextil.com\/wpnews\/wp-content\/uploads\/2026\/03\/FESPA_Textile-1-b-.jpg 600w\" sizes=\"auto, (max-width: 243px) 100vw, 243px\" \/><\/a>Los rubros que estar\u00e1n presentes en la feria incluyen producci\u00f3n digital de rollo a rollo para moda y textiles para el hogar, impresi\u00f3n directo a la prenda (DTG) y directo a pel\u00edcula (DTF), software de flujo de trabajo y dise\u00f1o, gesti\u00f3n de color y soluciones RIP, bordado y costura, corte y acabado, pretratamiento y fijaci\u00f3n, tintes, recubrimientos, materiales y prendas.<\/p>\n<p>Adem\u00e1s del espacio dedicado a la exposici\u00f3n, la feria ofrecer\u00e1 un programa de conferencias sobre la eficiencia en la impresi\u00f3n, reducci\u00f3n de residuos, gesti\u00f3n de recursos y energ\u00eda, flujo de trabajo digital y modelos circulares.<br \/>\n&#8212;&#8212;&#8212;&#8212;&#8212;&#8212;&#8212;&#8212;&#8212;&#8212;&#8212;&#8212;&#8212;&#8212;&#8212;&#8211;<br \/>\nPinker Moda \/ Comunidad Textil<\/p>\n<p>\u2014\u2014\u2014\u2014\u2014\u2014\u2014\u2014\u2014\u2014\u2014\u2014\u2014\u2014\u2014\u2014\u2014\u2014\u2014\u2014\u2014\u2014\u2014\u2014\u2014\u2014\u2014\u2014\u2014\u2014\u2014\u2014\u2014\u2014\u2014\u2014\u2014\u2014\u2014<\/p>\n<p dir=\"ltr\">Para comunicarse con ComunidadTextil: <span style=\"color: #3366ff;\"><a style=\"color: #3366ff;\" href=\"mailto:contacto@comunidadtextil.com\">contacto@comunidadtextil.com<\/a><\/span><\/p>\n<table border=\"0\" width=\"460\">\n<tbody>\n<tr>\n<td width=\"auto\"><a href=\"https:\/\/industriatextilexpo.ar.messefrankfurt.com\/buenosaires\/es.html\" target=\"_blank\" rel=\"noopener\"><img loading=\"lazy\" decoding=\"async\" class=\"aligncenter\" src=\"https:\/\/www.comunidadtextil.com\/publicidad\/2026\/emitex_junio.jpg\" alt=\"\" width=\"300\" height=\"300\" \/><\/a><\/td>\n<td width=\"auto\"><a href=\"https:\/\/www.aplf.com\/aplf-2026\/fashion-access-fair-details\/\" target=\"_blank\" rel=\"noopener\"><img loading=\"lazy\" decoding=\"async\" class=\"aligncenter\" src=\"https:\/\/comunidadtextil.com\/publicidad\/2025\/aplf26_fasacc_banner_300x300.png\" width=\"300\" height=\"300\" \/><\/a><\/td>\n<\/tr>\n<\/tbody>\n<\/table>\n","protected":false},"excerpt":{"rendered":"<p>La feria \u201cTextile\u201d es organizada por FESPA 2026 y tendr\u00e1 lugar del 19 al 22 de mayo en la Fira de Barcelona. En el mismo recinto se llevar\u00e1n a cabo otros salones relacionados con el rubro impresi\u00f3n digital, lo que convertir\u00e1 al predio en un gran punto de encuentro del sector. Barcelona ser\u00e1 en mayo [&hellip;]<\/p>\n","protected":false},"author":1924,"featured_media":0,"comment_status":"closed","ping_status":"closed","sticky":false,"template":"","format":"standard","meta":{"footnotes":""},"categories":[50],"tags":[],"class_list":["post-20001","post","type-post","status-publish","format-standard","hentry","category-ferias-proximas","count-0","even alt","author-adminct","last"],"_links":{"self":[{"href":"https:\/\/comunidadtextil.com\/wpnews\/wp-json\/wp\/v2\/posts\/20001","targetHints":{"allow":["GET"]}}],"collection":[{"href":"https:\/\/comunidadtextil.com\/wpnews\/wp-json\/wp\/v2\/posts"}],"about":[{"href":"https:\/\/comunidadtextil.com\/wpnews\/wp-json\/wp\/v2\/types\/post"}],"author":[{"embeddable":true,"href":"https:\/\/comunidadtextil.com\/wpnews\/wp-json\/wp\/v2\/users\/1924"}],"replies":[{"embeddable":true,"href":"https:\/\/comunidadtextil.com\/wpnews\/wp-json\/wp\/v2\/comments?post=20001"}],"version-history":[{"count":5,"href":"https:\/\/comunidadtextil.com\/wpnews\/wp-json\/wp\/v2\/posts\/20001\/revisions"}],"predecessor-version":[{"id":20006,"href":"https:\/\/comunidadtextil.com\/wpnews\/wp-json\/wp\/v2\/posts\/20001\/revisions\/20006"}],"wp:attachment":[{"href":"https:\/\/comunidadtextil.com\/wpnews\/wp-json\/wp\/v2\/media?parent=20001"}],"wp:term":[{"taxonomy":"category","embeddable":true,"href":"https:\/\/comunidadtextil.com\/wpnews\/wp-json\/wp\/v2\/categories?post=20001"},{"taxonomy":"post_tag","embeddable":true,"href":"https:\/\/comunidadtextil.com\/wpnews\/wp-json\/wp\/v2\/tags?post=20001"}],"curies":[{"name":"wp","href":"https:\/\/api.w.org\/{rel}","templated":true}]}}