{"id":19969,"date":"2026-02-26T09:14:12","date_gmt":"2026-02-26T12:14:12","guid":{"rendered":"https:\/\/comunidadtextil.com\/wpnews\/?p=19969"},"modified":"2026-02-26T09:14:12","modified_gmt":"2026-02-26T12:14:12","slug":"entre-la-moda-rapida-y-la-baja-del-lujo-los-productos-de-gama-media-buscan-su-precio","status":"publish","type":"post","link":"https:\/\/comunidadtextil.com\/wpnews\/2026\/02\/entre-la-moda-rapida-y-la-baja-del-lujo-los-productos-de-gama-media-buscan-su-precio\/","title":{"rendered":"Entre la moda r\u00e1pida y la baja del lujo, los productos de gama media buscan su precio"},"content":{"rendered":"<p>El an\u00e1lisis de los precios de la temporada para Oto\u00f1o\/Invierno 2025 de Europa y los EE.UU. revela que las marcas de moda de gama media est\u00e1n subiendo los precios y reposicion\u00e1ndose hacia la alta gama, en medio de una cambiante capacidad adquisitiva de los consumidores. Tambi\u00e9n influy\u00f3 cierta saturaci\u00f3n que generaron los fuertes aumentos de los productos de lujo, que dejaron afuera a ciertos compradores con \u2018aspiraciones\u2019 pero no tanto dinero.<\/p>\n<p>En el Hemisferio Norte la temporada Oto\u00f1o\/Invierno 2025\/2026 ha anunciado algo m\u00e1s que una nueva ronda de subas de precios en la industria de la moda. Marc\u00f3 un cambio m\u00e1s amplio entre las marcas de gran consumo y las de gama media que intentan crear valor en una econom\u00eda global desigual y cambiante.<\/p>\n<table>\n<tbody>\n<tr>\n<td><a href=\"https:\/\/comunidadtextil.com\/wpnews\/wp-content\/uploads\/2026\/02\/6_a-scaled.jpg\"><img loading=\"lazy\" decoding=\"async\" class=\"size-medium wp-image-19946 aligncenter\" src=\"https:\/\/comunidadtextil.com\/wpnews\/wp-content\/uploads\/2026\/02\/6_a-200x300.jpg\" alt=\"\" width=\"200\" height=\"300\" srcset=\"https:\/\/comunidadtextil.com\/wpnews\/wp-content\/uploads\/2026\/02\/6_a-200x300.jpg 200w, https:\/\/comunidadtextil.com\/wpnews\/wp-content\/uploads\/2026\/02\/6_a-683x1024.jpg 683w, https:\/\/comunidadtextil.com\/wpnews\/wp-content\/uploads\/2026\/02\/6_a-768x1152.jpg 768w, https:\/\/comunidadtextil.com\/wpnews\/wp-content\/uploads\/2026\/02\/6_a-1024x1536.jpg 1024w, https:\/\/comunidadtextil.com\/wpnews\/wp-content\/uploads\/2026\/02\/6_a-1365x2048.jpg 1365w, https:\/\/comunidadtextil.com\/wpnews\/wp-content\/uploads\/2026\/02\/6_a-scaled.jpg 1707w\" sizes=\"auto, (max-width: 200px) 100vw, 200px\" \/><\/a><\/td>\n<td><a href=\"https:\/\/comunidadtextil.com\/wpnews\/wp-content\/uploads\/2026\/02\/4_a-scaled.jpg\"><img loading=\"lazy\" decoding=\"async\" class=\"size-medium wp-image-19944 aligncenter\" src=\"https:\/\/comunidadtextil.com\/wpnews\/wp-content\/uploads\/2026\/02\/4_a-200x300.jpg\" alt=\"\" width=\"200\" height=\"300\" srcset=\"https:\/\/comunidadtextil.com\/wpnews\/wp-content\/uploads\/2026\/02\/4_a-200x300.jpg 200w, https:\/\/comunidadtextil.com\/wpnews\/wp-content\/uploads\/2026\/02\/4_a-683x1024.jpg 683w, https:\/\/comunidadtextil.com\/wpnews\/wp-content\/uploads\/2026\/02\/4_a-768x1152.jpg 768w, https:\/\/comunidadtextil.com\/wpnews\/wp-content\/uploads\/2026\/02\/4_a-1024x1536.jpg 1024w, https:\/\/comunidadtextil.com\/wpnews\/wp-content\/uploads\/2026\/02\/4_a-1365x2048.jpg 1365w, https:\/\/comunidadtextil.com\/wpnews\/wp-content\/uploads\/2026\/02\/4_a-scaled.jpg 1707w\" sizes=\"auto, (max-width: 200px) 100vw, 200px\" \/><\/a><\/td>\n<td><a href=\"https:\/\/comunidadtextil.com\/wpnews\/wp-content\/uploads\/2026\/02\/5--scaled.jpg\"><img loading=\"lazy\" decoding=\"async\" class=\"size-medium wp-image-19945 aligncenter\" src=\"https:\/\/comunidadtextil.com\/wpnews\/wp-content\/uploads\/2026\/02\/5--200x300.jpg\" alt=\"\" width=\"200\" height=\"300\" srcset=\"https:\/\/comunidadtextil.com\/wpnews\/wp-content\/uploads\/2026\/02\/5--200x300.jpg 200w, https:\/\/comunidadtextil.com\/wpnews\/wp-content\/uploads\/2026\/02\/5--683x1024.jpg 683w, https:\/\/comunidadtextil.com\/wpnews\/wp-content\/uploads\/2026\/02\/5--768x1152.jpg 768w, https:\/\/comunidadtextil.com\/wpnews\/wp-content\/uploads\/2026\/02\/5--1024x1536.jpg 1024w, https:\/\/comunidadtextil.com\/wpnews\/wp-content\/uploads\/2026\/02\/5--1365x2048.jpg 1365w, https:\/\/comunidadtextil.com\/wpnews\/wp-content\/uploads\/2026\/02\/5--scaled.jpg 1707w\" sizes=\"auto, (max-width: 200px) 100vw, 200px\" \/><\/a><\/td>\n<\/tr>\n<\/tbody>\n<\/table>\n<p>Un nuevo informe de Retviews -una plataforma de inteligencia comercial de la compa\u00f1\u00eda Lectra, impulsada por IA- ha revelado que en 2025 los actores del mercado de productos de gama media han subido los precios m\u00e1s de un 50% en Europa, en comparaci\u00f3n con las cifras del a\u00f1o anterior. Y algunas marcas estadounidenses casi han duplicado sus precios.<\/p>\n<p>Esto no es solo un reflejo de la inflaci\u00f3n y los aranceles que se trasladan a los clientes, sino de un reposicionamiento m\u00e1s amplio que se est\u00e1 produciendo dentro del segmento. A medida que un entorno vol\u00e1til sigue configurando el retail, seg\u00fan Retviews el mercado de gama media est\u00e1 asumiendo un nuevo papel estrat\u00e9gico, destacando como un sector din\u00e1mico y en crecimiento.<\/p>\n<p>La consultora sostiene que los modelos que antes se defin\u00edan por lanzamientos de gran volumen, amplios surtidos y descuentos agresivos est\u00e1n perdiendo gravitaci\u00f3n. Los actores del mercado de gran consumo compiten cada vez m\u00e1s con los gigantes del comercio electr\u00f3nico de \u2018bajo costo\u2019, pero el aumento de los costos y los riesgos de inventario, junto con un mayor enfoque en el valor por parte de los consumidores, significa que el formato de la moda r\u00e1pida est\u00e1 flaqueando.<\/p>\n<p><a href=\"https:\/\/comunidadtextil.com\/wpnews\/wp-content\/uploads\/2026\/02\/chio-lecca-marcas-de-moda-.jpg\"><img loading=\"lazy\" decoding=\"async\" class=\"alignleft wp-image-19951\" src=\"https:\/\/comunidadtextil.com\/wpnews\/wp-content\/uploads\/2026\/02\/chio-lecca-marcas-de-moda--300x225.jpg\" alt=\"\" width=\"248\" height=\"186\" srcset=\"https:\/\/comunidadtextil.com\/wpnews\/wp-content\/uploads\/2026\/02\/chio-lecca-marcas-de-moda--300x225.jpg 300w, https:\/\/comunidadtextil.com\/wpnews\/wp-content\/uploads\/2026\/02\/chio-lecca-marcas-de-moda--1024x768.jpg 1024w, https:\/\/comunidadtextil.com\/wpnews\/wp-content\/uploads\/2026\/02\/chio-lecca-marcas-de-moda--768x576.jpg 768w, https:\/\/comunidadtextil.com\/wpnews\/wp-content\/uploads\/2026\/02\/chio-lecca-marcas-de-moda--1536x1152.jpg 1536w, https:\/\/comunidadtextil.com\/wpnews\/wp-content\/uploads\/2026\/02\/chio-lecca-marcas-de-moda--2048x1536.jpg 2048w\" sizes=\"auto, (max-width: 248px) 100vw, 248px\" \/><\/a>Esto est\u00e1 abriendo el camino a las marcas de gama media, que est\u00e1n \u201csuperando al lujo como motor de valor\u201d, ha afirmado Retviews. Los esfuerzos por refinar el dise\u00f1o de los productos, mejorar los materiales y reforzar el discurso de la marca, contribuyen a un objetivo progresivo en todo el sector. Buscan distinguirse del mercado de gran consumo y, a su vez, avanzar hacia un posicionamiento m\u00e1s premium.<\/p>\n<p>Antonella Capelli, presidenta de EMEA en Lectra, ha descrito la transici\u00f3n hacia gamas de productos m\u00e1s optimizadas y colecciones m\u00e1s cuidadas como un reflejo de los retos del mercado. \u201cAl mismo tiempo, las estrategias de descuento est\u00e1n cambiando. Los porcentajes de descuento est\u00e1n disminuyendo, pero los periodos promocionales se est\u00e1n alargando, ya que las marcas buscan preservar su poder de fijaci\u00f3n de precios sin perder impulso en un mercado marcado por la \u2018cautela en el gasto\u2019 de los consumidores\u201d, explic\u00f3 Capelli.<\/p>\n<p><strong>La divisi\u00f3n de los consumidores obliga a un posicionamiento m\u00e1s claro<\/strong><br \/>\nA nivel macroecon\u00f3mico, la complejidad persiste. En el Reino Unido, por ejemplo, la inflaci\u00f3n de los precios alcanz\u00f3 el 3,4% en diciembre de 2025, seg\u00fan la Oficina de Estad\u00edsticas Nacionales (ONS). Al mismo tiempo, los aranceles de importaci\u00f3n de Estados Unidos han aumentado los costos de aprovisionamiento en todas las categor\u00edas. Ambos factores han reforzado a\u00fan m\u00e1s la \u2018cautela en el gasto\u2019.<\/p>\n<p>Estas presiones se est\u00e1n desarrollando en lo que los analistas describen como una \u201ceconom\u00eda en forma de K\u201d, un t\u00e9rmino que se refiere a que los consumidores de rentas m\u00e1s altas siguen gastando de forma constante, o incluso mejorando sus compras, mientras que los compradores que tienen menos dinero recortan gastos. Esta estructura est\u00e1 empujando a las marcas de moda a revisar sus estrategias de precios y promociones, al tiempo que garantizan su relevancia entre los diferentes segmentos de consumidores. La respuesta, seg\u00fan los datos de Retviews, es un claro giro hacia la \u2018premiumizaci\u00f3n\u2019 entre las marcas de gama media.<\/p>\n<p>Al analizar espec\u00edficamente la recalibraci\u00f3n de las estrategias promocionales, Retviews se\u00f1ala que, en Europa, tanto el porcentaje medio de descuento como la proporci\u00f3n de productos rebajados fueron menores durante septiembre y diciembre de 2025 que en a\u00f1os anteriores. A pesar de ello, los periodos promocionales duraron m\u00e1s. Esto demuestra que las marcas se est\u00e1n alejando de las rebajas dr\u00e1sticas y a corto plazo que pueden da\u00f1ar su reputaci\u00f3n, para optar por promociones m\u00e1s moderadas.<br \/>\n&#8212;&#8212;&#8212;&#8212;&#8212;&#8212;&#8212;&#8212;&#8212;&#8212;&#8212;&#8212;&#8212;&#8212;&#8212;&#8212;&#8211;<br \/>\nFashion United \/ Comunidad Textil<br \/>\n\u2014\u2014\u2014\u2014\u2014\u2014\u2014\u2014\u2014\u2014\u2014\u2014\u2014\u2014\u2014\u2014\u2014\u2014\u2014\u2014\u2014\u2014\u2014\u2014\u2014\u2014\u2014\u2014\u2014\u2014\u2014\u2014\u2014\u2014\u2014\u2014\u2014\u2014\u2014<\/p>\n<p dir=\"ltr\">Para comunicarse con ComunidadTextil: <span style=\"color: #3366ff;\"><a style=\"color: #3366ff;\" href=\"mailto:contacto@comunidadtextil.com\">contacto@comunidadtextil.com<\/a><\/span><\/p>\n<table border=\"0\" width=\"460\">\n<tbody>\n<tr>\n<td width=\"auto\"><a href=\"https:\/\/algoselanflandria.com.ar\/\" target=\"_blank\" rel=\"noopener\"><img loading=\"lazy\" decoding=\"async\" class=\"aligncenter\" src=\"https:\/\/comunidadtextil.com\/publicidad\/af-2020-300x200px.gif\" alt=\"\" width=\"300\" height=\"200\" border=\"0\" \/><\/a><\/td>\n<td width=\"auto\"><a href=\"https:\/\/ciaindumentaria.com.ar\/\" target=\"_blank\" rel=\"noopener\"><img loading=\"lazy\" decoding=\"async\" class=\"aligncenter\" src=\"https:\/\/comunidadtextil.com\/publicidad\/banner-ciai.gif\" alt=\"\" width=\"300\" height=\"153\" border=\"0\" \/><\/a><\/td>\n<\/tr>\n<\/tbody>\n<\/table>\n","protected":false},"excerpt":{"rendered":"<p>El an\u00e1lisis de los precios de la temporada para Oto\u00f1o\/Invierno 2025 de Europa y los EE.UU. revela que las marcas de moda de gama media est\u00e1n subiendo los precios y reposicion\u00e1ndose hacia la alta gama, en medio de una cambiante capacidad adquisitiva de los consumidores. Tambi\u00e9n influy\u00f3 cierta saturaci\u00f3n que generaron los fuertes aumentos de [&hellip;]<\/p>\n","protected":false},"author":1924,"featured_media":0,"comment_status":"closed","ping_status":"closed","sticky":false,"template":"","format":"standard","meta":{"footnotes":""},"categories":[57,62],"tags":[],"class_list":["post-19969","post","type-post","status-publish","format-standard","hentry","category-mercados","category-noticias-de-europa","count-0","even alt","author-adminct","last"],"_links":{"self":[{"href":"https:\/\/comunidadtextil.com\/wpnews\/wp-json\/wp\/v2\/posts\/19969","targetHints":{"allow":["GET"]}}],"collection":[{"href":"https:\/\/comunidadtextil.com\/wpnews\/wp-json\/wp\/v2\/posts"}],"about":[{"href":"https:\/\/comunidadtextil.com\/wpnews\/wp-json\/wp\/v2\/types\/post"}],"author":[{"embeddable":true,"href":"https:\/\/comunidadtextil.com\/wpnews\/wp-json\/wp\/v2\/users\/1924"}],"replies":[{"embeddable":true,"href":"https:\/\/comunidadtextil.com\/wpnews\/wp-json\/wp\/v2\/comments?post=19969"}],"version-history":[{"count":3,"href":"https:\/\/comunidadtextil.com\/wpnews\/wp-json\/wp\/v2\/posts\/19969\/revisions"}],"predecessor-version":[{"id":19972,"href":"https:\/\/comunidadtextil.com\/wpnews\/wp-json\/wp\/v2\/posts\/19969\/revisions\/19972"}],"wp:attachment":[{"href":"https:\/\/comunidadtextil.com\/wpnews\/wp-json\/wp\/v2\/media?parent=19969"}],"wp:term":[{"taxonomy":"category","embeddable":true,"href":"https:\/\/comunidadtextil.com\/wpnews\/wp-json\/wp\/v2\/categories?post=19969"},{"taxonomy":"post_tag","embeddable":true,"href":"https:\/\/comunidadtextil.com\/wpnews\/wp-json\/wp\/v2\/tags?post=19969"}],"curies":[{"name":"wp","href":"https:\/\/api.w.org\/{rel}","templated":true}]}}