{"id":19918,"date":"2026-02-24T10:34:23","date_gmt":"2026-02-24T13:34:23","guid":{"rendered":"https:\/\/comunidadtextil.com\/wpnews\/?p=19918"},"modified":"2026-02-24T10:34:23","modified_gmt":"2026-02-24T13:34:23","slug":"avanza-en-francia-el-habito-de-realizar-compras-online-aplicando-el-sistema-de-ia","status":"publish","type":"post","link":"https:\/\/comunidadtextil.com\/wpnews\/2026\/02\/avanza-en-francia-el-habito-de-realizar-compras-online-aplicando-el-sistema-de-ia\/","title":{"rendered":"Avanza en Francia el h\u00e1bito de realizar compras online aplicando el sistema de IA"},"content":{"rendered":"<div id=\"attachment_19912\" style=\"width: 257px\" class=\"wp-caption alignright\"><a href=\"https:\/\/comunidadtextil.com\/wpnews\/wp-content\/uploads\/2026\/02\/La-Inteligemncia-Artificial-invade-el-eCommerce.-.jpg\"><img loading=\"lazy\" decoding=\"async\" aria-describedby=\"caption-attachment-19912\" class=\" wp-image-19912\" src=\"https:\/\/comunidadtextil.com\/wpnews\/wp-content\/uploads\/2026\/02\/La-Inteligemncia-Artificial-invade-el-eCommerce.--300x171.jpg\" alt=\"\" width=\"247\" height=\"141\" srcset=\"https:\/\/comunidadtextil.com\/wpnews\/wp-content\/uploads\/2026\/02\/La-Inteligemncia-Artificial-invade-el-eCommerce.--300x171.jpg 300w, https:\/\/comunidadtextil.com\/wpnews\/wp-content\/uploads\/2026\/02\/La-Inteligemncia-Artificial-invade-el-eCommerce.--768x439.jpg 768w, https:\/\/comunidadtextil.com\/wpnews\/wp-content\/uploads\/2026\/02\/La-Inteligemncia-Artificial-invade-el-eCommerce.-.jpg 1000w\" sizes=\"auto, (max-width: 247px) 100vw, 247px\" \/><\/a><p id=\"caption-attachment-19912\" class=\"wp-caption-text\">La Inteligencia Artificial invade el eCommerce.<\/p><\/div>\n<p>Seg\u00fan un reciente estudio de Odoxa para la Federaci\u00f3n Francesa del Comercio Electr\u00f3nico y de la Venta a Distancia (Fevad), el llamado comercio ag\u00e9ntico -es decir, las compras realizadas con asistencia directa de inteligencia artificial- avanza con rapidez en Francia y comienza a perfilar cambios estructurales en el consumo.<\/p>\n<p>La investigaci\u00f3n de Odoxa revela que el 31% de los compradores online franceses ya utiliza IA generativa en sus procesos de compra, una adopci\u00f3n considerada excepcionalmente veloz para una tecnolog\u00eda con apenas tres a\u00f1os de desarrollo. En el segmento de indumentaria -ropa, calzado y complementos- la penetraci\u00f3n ya alcanza el 21% de las compras, lo que confirma que la moda empieza a incorporarse de lleno a esta nueva l\u00f3gica comercial.<\/p>\n<div id=\"attachment_19914\" style=\"width: 255px\" class=\"wp-caption alignleft\"><a href=\"https:\/\/comunidadtextil.com\/wpnews\/wp-content\/uploads\/2026\/02\/Tienda-Paris-xxxxx-.jpg\"><img loading=\"lazy\" decoding=\"async\" aria-describedby=\"caption-attachment-19914\" class=\" wp-image-19914\" src=\"https:\/\/comunidadtextil.com\/wpnews\/wp-content\/uploads\/2026\/02\/Tienda-Paris-xxxxx--300x200.jpg\" alt=\"\" width=\"245\" height=\"163\" srcset=\"https:\/\/comunidadtextil.com\/wpnews\/wp-content\/uploads\/2026\/02\/Tienda-Paris-xxxxx--300x200.jpg 300w, https:\/\/comunidadtextil.com\/wpnews\/wp-content\/uploads\/2026\/02\/Tienda-Paris-xxxxx--1024x683.jpg 1024w, https:\/\/comunidadtextil.com\/wpnews\/wp-content\/uploads\/2026\/02\/Tienda-Paris-xxxxx--768x512.jpg 768w, https:\/\/comunidadtextil.com\/wpnews\/wp-content\/uploads\/2026\/02\/Tienda-Paris-xxxxx-.jpg 1200w\" sizes=\"auto, (max-width: 245px) 100vw, 245px\" \/><\/a><p id=\"caption-attachment-19914\" class=\"wp-caption-text\">Tienda en Paris.<\/p><\/div>\n<p>El impulso proviene principalmente de los consumidores j\u00f3venes, ya que casi uno de cada dos usuarios de entre 15 y 24 a\u00f1os recurre a la IA para comprar, muy por encima de los mayores de edad. Tambi\u00e9n se observa una brecha socioecon\u00f3mica y geogr\u00e1fica, con mayor adopci\u00f3n entre ejecutivos y residentes de la regi\u00f3n parisina. Aun as\u00ed, la tendencia es claramente expansiva: m\u00e1s de la mitad de los usuarios actuales afirma utilizar estas herramientas cada vez con mayor frecuencia.<\/p>\n<p>Hoy la IA cumple sobre todo un rol de \u201csupervendedor\u201d en la fase previa a la compra. El 58% de los usuarios la emplea para comparar ofertas, resumir opiniones y reducir la incertidumbre. Sin embargo, persiste una barrera relevante en el momento del pago. Aunque el 47% conf\u00eda en la IA durante la b\u00fasqueda, la cifra cae al 30% cuando debe validar la transacci\u00f3n, principalmente por temores vinculados a la privacidad de datos y a la p\u00e9rdida de control del gasto.<\/p>\n<div id=\"attachment_19913\" style=\"width: 256px\" class=\"wp-caption alignright\"><a href=\"https:\/\/comunidadtextil.com\/wpnews\/wp-content\/uploads\/2026\/02\/Los-compradores-usan-inteligencia-artificial-para-sus-compras.-.jpg\"><img loading=\"lazy\" decoding=\"async\" aria-describedby=\"caption-attachment-19913\" class=\" wp-image-19913\" src=\"https:\/\/comunidadtextil.com\/wpnews\/wp-content\/uploads\/2026\/02\/Los-compradores-usan-inteligencia-artificial-para-sus-compras.--300x155.jpg\" alt=\"\" width=\"246\" height=\"127\" srcset=\"https:\/\/comunidadtextil.com\/wpnews\/wp-content\/uploads\/2026\/02\/Los-compradores-usan-inteligencia-artificial-para-sus-compras.--300x155.jpg 300w, https:\/\/comunidadtextil.com\/wpnews\/wp-content\/uploads\/2026\/02\/Los-compradores-usan-inteligencia-artificial-para-sus-compras.--768x396.jpg 768w, https:\/\/comunidadtextil.com\/wpnews\/wp-content\/uploads\/2026\/02\/Los-compradores-usan-inteligencia-artificial-para-sus-compras.-.jpg 970w\" sizes=\"auto, (max-width: 246px) 100vw, 246px\" \/><\/a><p id=\"caption-attachment-19913\" class=\"wp-caption-text\">Los compradores usan inteligencia artificial para sus compras.<\/p><\/div>\n<p>Otro foco de preocupaci\u00f3n para el sector es la neutralidad comercial de los agentes de IA. La Fevad advierte que, si pocos proveedores concentran el control de estos sistemas, podr\u00edan reproducirse din\u00e1micas de poder similares a las de los grandes buscadores y marketplaces, donde la visibilidad depende de inversiones crecientes.<\/p>\n<p>El precio tambi\u00e9n condiciona la adopci\u00f3n. Los consumidores se muestran m\u00e1s dispuestos a delegar compras inferiores a \u20ac 50, un umbral cercano al ticket promedio del comercio electr\u00f3nico franc\u00e9s. No obstante, entre los usuarios habituales de IA -que ya representan el 25% de la poblaci\u00f3n de Francia- la aceptaci\u00f3n es mucho m\u00e1s alta. El 73% ya la utiliza en sus recorridos de compra y el 92% planea hacerlo a futuro.<\/p>\n<p>Para los empresarios de moda y retail el comercio ag\u00e9ntico no est\u00e1 limitado por el e-commerce sino por el ritmo de adopci\u00f3n de la IA. A medida que esta tecnolog\u00eda se integre en la vida cotidiana, la compra asistida por agentes virtuales se perfila como una nueva norma de consumo que el sector comercial deber\u00e1 incorporar estrat\u00e9gicamente.<br \/>\n&#8212;&#8212;&#8212;&#8212;&#8212;&#8212;&#8212;&#8212;&#8212;&#8212;&#8212;&#8212;&#8212;&#8212;&#8212;&#8212;&#8212;-<br \/>\nFashion Network \/ Comunidad Textil<br \/>\n\u2014\u2014\u2014\u2014\u2014\u2014\u2014\u2014\u2014\u2014\u2014\u2014\u2014\u2014\u2014\u2014\u2014\u2014\u2014\u2014\u2014\u2014\u2014\u2014\u2014\u2014\u2014\u2014\u2014\u2014\u2014\u2014\u2014\u2014\u2014\u2014\u2014\u2014\u2014<\/p>\n<p dir=\"ltr\">Para comunicarse con ComunidadTextil: <span style=\"color: #3366ff;\"><a style=\"color: #3366ff;\" href=\"mailto:contacto@comunidadtextil.com\">contacto@comunidadtextil.com<\/a><\/span><\/p>\n<table border=\"0\" width=\"460\">\n<tbody>\n<tr>\n<td width=\"auto\"><a href=\"https:\/\/epson.com.ar\/Para-el-trabajo\/Impresoras\/Gran-Formato\/Impresora-Epson-SureColor-F10070\/p\/C11CF84202\" target=\"_blank\" rel=\"noopener\"><img loading=\"lazy\" decoding=\"async\" class=\"aligncenter\" src=\"https:\/\/www.comunidadtextil.com\/publicidad\/2024\/2213251_ARG_VISUAL_DE_MEDIOS_DICIEMBRE_20_COMUNIDAD_TEXTIL_Banner_Gif_300x200_02.gif\" alt=\"\" width=\"300\" height=\"200\" \/><\/a><\/td>\n<td width=\"auto\"><a href=\"https:\/\/www.faiia.com.ar\/programa-crecer\/\" target=\"_blank\" rel=\"noopener\"><img loading=\"lazy\" decoding=\"async\" class=\"aligncenter\" src=\"\/publicidad\/crecer-banner-julio17.gif\" alt=\"\" width=\"300\" height=\"200\" border=\"0\" \/><\/a><\/td>\n<\/tr>\n<\/tbody>\n<\/table>\n","protected":false},"excerpt":{"rendered":"<p>Seg\u00fan un reciente estudio de Odoxa para la Federaci\u00f3n Francesa del Comercio Electr\u00f3nico y de la Venta a Distancia (Fevad), el llamado comercio ag\u00e9ntico -es decir, las compras realizadas con asistencia directa de inteligencia artificial- avanza con rapidez en Francia y comienza a perfilar cambios estructurales en el consumo. La investigaci\u00f3n de Odoxa revela que [&hellip;]<\/p>\n","protected":false},"author":1924,"featured_media":0,"comment_status":"closed","ping_status":"closed","sticky":false,"template":"","format":"standard","meta":{"footnotes":""},"categories":[57,62],"tags":[],"class_list":["post-19918","post","type-post","status-publish","format-standard","hentry","category-mercados","category-noticias-de-europa","count-0","even alt","author-adminct","last"],"_links":{"self":[{"href":"https:\/\/comunidadtextil.com\/wpnews\/wp-json\/wp\/v2\/posts\/19918","targetHints":{"allow":["GET"]}}],"collection":[{"href":"https:\/\/comunidadtextil.com\/wpnews\/wp-json\/wp\/v2\/posts"}],"about":[{"href":"https:\/\/comunidadtextil.com\/wpnews\/wp-json\/wp\/v2\/types\/post"}],"author":[{"embeddable":true,"href":"https:\/\/comunidadtextil.com\/wpnews\/wp-json\/wp\/v2\/users\/1924"}],"replies":[{"embeddable":true,"href":"https:\/\/comunidadtextil.com\/wpnews\/wp-json\/wp\/v2\/comments?post=19918"}],"version-history":[{"count":1,"href":"https:\/\/comunidadtextil.com\/wpnews\/wp-json\/wp\/v2\/posts\/19918\/revisions"}],"predecessor-version":[{"id":19920,"href":"https:\/\/comunidadtextil.com\/wpnews\/wp-json\/wp\/v2\/posts\/19918\/revisions\/19920"}],"wp:attachment":[{"href":"https:\/\/comunidadtextil.com\/wpnews\/wp-json\/wp\/v2\/media?parent=19918"}],"wp:term":[{"taxonomy":"category","embeddable":true,"href":"https:\/\/comunidadtextil.com\/wpnews\/wp-json\/wp\/v2\/categories?post=19918"},{"taxonomy":"post_tag","embeddable":true,"href":"https:\/\/comunidadtextil.com\/wpnews\/wp-json\/wp\/v2\/tags?post=19918"}],"curies":[{"name":"wp","href":"https:\/\/api.w.org\/{rel}","templated":true}]}}