{"id":19870,"date":"2026-02-12T13:14:46","date_gmt":"2026-02-12T16:14:46","guid":{"rendered":"https:\/\/comunidadtextil.com\/wpnews\/?p=19870"},"modified":"2026-02-12T13:15:32","modified_gmt":"2026-02-12T16:15:32","slug":"tratado-europa-mercosur-algunas-entidades-del-sector-se-adelantan-con-acuerdos","status":"publish","type":"post","link":"https:\/\/comunidadtextil.com\/wpnews\/2026\/02\/tratado-europa-mercosur-algunas-entidades-del-sector-se-adelantan-con-acuerdos\/","title":{"rendered":"Tratado Europa &#8211; Mercosur: algunas entidades del sector se adelantan con acuerdos"},"content":{"rendered":"<div id=\"attachment_19869\" style=\"width: 260px\" class=\"wp-caption alignleft\"><a href=\"https:\/\/comunidadtextil.com\/wpnews\/wp-content\/uploads\/2026\/02\/Renion-Mercosur-Euratex-febrero-de-2026-.jpg\"><img loading=\"lazy\" decoding=\"async\" aria-describedby=\"caption-attachment-19869\" class=\" wp-image-19869\" src=\"https:\/\/comunidadtextil.com\/wpnews\/wp-content\/uploads\/2026\/02\/Renion-Mercosur-Euratex-febrero-de-2026--300x240.jpg\" alt=\"\" width=\"250\" height=\"200\" srcset=\"https:\/\/comunidadtextil.com\/wpnews\/wp-content\/uploads\/2026\/02\/Renion-Mercosur-Euratex-febrero-de-2026--300x240.jpg 300w, https:\/\/comunidadtextil.com\/wpnews\/wp-content\/uploads\/2026\/02\/Renion-Mercosur-Euratex-febrero-de-2026--768x614.jpg 768w, https:\/\/comunidadtextil.com\/wpnews\/wp-content\/uploads\/2026\/02\/Renion-Mercosur-Euratex-febrero-de-2026-.jpg 960w\" sizes=\"auto, (max-width: 250px) 100vw, 250px\" \/><\/a><p id=\"caption-attachment-19869\" class=\"wp-caption-text\">Reni\u00f3n Mercosur &#8211; Euratex febrero de 2026<\/p><\/div>\n<p>Recientemente se concret\u00f3 un encuentro empresarial entre representantes de la Federaci\u00f3n Argentina de la Industria Textil (FITA), la Asociaci\u00f3n Brasilera de la Industria Textil y de la Confecci\u00f3n (ABIT), la Asociaci\u00f3n Industrial Paraguaya de Fabricantes de Ropa (AICP) y la Confederaci\u00f3n Europea de la Confecci\u00f3n y Textil (EURATEX). De esa reuni\u00f3n, de la que no participaron representantes de la industria confeccionista de la Argentina ni de su amplio conjunto de proveedores, se inform\u00f3 a trav\u00e9s de comunicado que tuvo como objetivo \u201csupervisar y reforzar el proceso de internalizaci\u00f3n del Acuerdo de Asociaci\u00f3n entre el Mercosur y la Uni\u00f3n Europea\u201d.<\/p>\n<p>Si bien las organizaciones que se reunieron consideran que las condiciones del Tratado permitir\u00e1n la competitividad de las industrias del sector textil y de la confecci\u00f3n en ambos lados del Atl\u00e1ntico, hay importantes sectores industriales del Mercosur que las cuestionan.<\/p>\n<p>En ese comunicado conjunto -emitido desde Par\u00eds el 5 de febrero de 2026-, las cuatro entidades que se reunieron destacaron que \u201cel acuerdo Mercosur-UE constituye un elemento clave para facilitar reglas previsibles, acceso a mercados ampliados y apoyo al multilateralismo en un contexto internacional cada vez m\u00e1s desafiante\u201d. Recordaron adem\u00e1s que, pese a que el texto es actualmente investigado por parte del Tribunal de Justicia de la Uni\u00f3n Europea, \u201cmantienen la confianza en que su visi\u00f3n estrat\u00e9gica prevalecer\u00e1 y permitir\u00e1 avanzar hacia su plena implementaci\u00f3n\u201d.<\/p>\n<div id=\"attachment_19868\" style=\"width: 163px\" class=\"wp-caption alignright\"><a href=\"https:\/\/comunidadtextil.com\/wpnews\/wp-content\/uploads\/2026\/02\/Luis-Tendlarz-presidente-de-FITA.jpg\"><img loading=\"lazy\" decoding=\"async\" aria-describedby=\"caption-attachment-19868\" class=\" wp-image-19868\" src=\"https:\/\/comunidadtextil.com\/wpnews\/wp-content\/uploads\/2026\/02\/Luis-Tendlarz-presidente-de-FITA-191x300.jpg\" alt=\"\" width=\"153\" height=\"240\" srcset=\"https:\/\/comunidadtextil.com\/wpnews\/wp-content\/uploads\/2026\/02\/Luis-Tendlarz-presidente-de-FITA-191x300.jpg 191w, https:\/\/comunidadtextil.com\/wpnews\/wp-content\/uploads\/2026\/02\/Luis-Tendlarz-presidente-de-FITA.jpg 632w\" sizes=\"auto, (max-width: 153px) 100vw, 153px\" \/><\/a><p id=\"caption-attachment-19868\" class=\"wp-caption-text\">Luis Tendlarz, presidente de FITA.<\/p><\/div>\n<p>Seg\u00fan se anuncia, el Acuerdo de Asociaci\u00f3n Mercosur-Uni\u00f3n Europea aborda comercio, cooperaci\u00f3n pol\u00edtica, desarrollo sostenible y normas comunes que afectan a bienes, servicios y cadenas de valor completas. Algunos interpretan que para \u201clos sectores textil y de confecci\u00f3n, este acuerdo no representa \u00fanicamente la eliminaci\u00f3n o reducci\u00f3n de barreras arancelarias, sino tambi\u00e9n una oportunidad para modernizar cadenas productivas, incrementar la inserci\u00f3n en mercados competitivos y consolidar inversiones estrat\u00e9gicas que impulsen tanto a empresas como a trabajadores\u201d.<\/p>\n<p>No obstante, hay amplios sectores del \u00e1mbito de la producci\u00f3n de pa\u00edses como Argentina y Brasil, especialmente en el \u00e1mbito PYME integrado por miles de empresas, estos conceptos son controvertidos. Se asegura que Europa mantiene una larga experiencia en montar barreras paraarancelarias con las que buscar\u00e1n frenar la producci\u00f3n de los pa\u00edses del Mercosur. Adem\u00e1s, aseguran que las industrias de pa\u00edses del Mercosur producen con altos costos estructurales e impositivos, ajenos a la fabricaci\u00f3n. Esto les impide competir en igualdad de condiciones con proveedores asi\u00e1ticos que ya tienen ganado el mercado Europa y que los seguir\u00e1n eligiendo.<\/p>\n<div id=\"attachment_19867\" style=\"width: 186px\" class=\"wp-caption alignleft\"><a href=\"https:\/\/comunidadtextil.com\/wpnews\/wp-content\/uploads\/2026\/02\/El-empresario-portugues-Mario-Jorge-Machado-es-el-presidente-de-EURATEX.-.png\"><img loading=\"lazy\" decoding=\"async\" aria-describedby=\"caption-attachment-19867\" class=\" wp-image-19867\" src=\"https:\/\/comunidadtextil.com\/wpnews\/wp-content\/uploads\/2026\/02\/El-empresario-portugues-Mario-Jorge-Machado-es-el-presidente-de-EURATEX.--236x300.png\" alt=\"\" width=\"176\" height=\"224\" srcset=\"https:\/\/comunidadtextil.com\/wpnews\/wp-content\/uploads\/2026\/02\/El-empresario-portugues-Mario-Jorge-Machado-es-el-presidente-de-EURATEX.--236x300.png 236w, https:\/\/comunidadtextil.com\/wpnews\/wp-content\/uploads\/2026\/02\/El-empresario-portugues-Mario-Jorge-Machado-es-el-presidente-de-EURATEX.-.png 600w\" sizes=\"auto, (max-width: 176px) 100vw, 176px\" \/><\/a><p id=\"caption-attachment-19867\" class=\"wp-caption-text\">El empresario portugu\u00e9s Mario Jorge Machado es el presidente de EURATEX.<\/p><\/div>\n<p>En el comunicado firmado por FITA, ABIT, AICP y EURATEX se\u00f1ala que \u201cel tratado puede abrir puertas a oportunidades de acceso a mercados m\u00e1s amplios, cooperaci\u00f3n tecnol\u00f3gica, flujo de inversi\u00f3n y refuerzo de est\u00e1ndares ambientales y laborales compartidos por ambos bloques econ\u00f3micos\u201d. Estas entidades opinan que \u201ctales elementos son particularmente relevantes para industrias que emplean a millones de personas, generan importantes vol\u00famenes de producci\u00f3n y dependen de reglas claras para competir a escala global.\u201d<\/p>\n<p>En el comunicado las organizaciones empresariales destacaron que la industria textil y de la confecci\u00f3n europea est\u00e1 compuesta por aproximadamente 200.000 empresas y 1,2 millones de trabajadores, con un volumen de negocio cercano a los \u20ac 170.000 millones, cifras que ilustran la magnitud del sector en la UE.<\/p>\n<p>Por su parte, Brasil, Argentina y Paraguay, la industria textil y de confecci\u00f3n cuenta con s\u00f3lo 30.050 empresas pero con 1,9 millones de empleados y una facturaci\u00f3n de US$ 45.000 millones.<br \/>\n&#8212;&#8212;&#8212;&#8212;&#8212;&#8212;&#8212;&#8212;&#8212;&#8212;&#8212;&#8212;&#8212;&#8212;&#8212;&#8212;&#8212;&#8212;&#8212;&#8212;&#8212;&#8212;&#8212;&#8212;&#8212;<br \/>\nFITA, ABIT, AICP y EURATEX \/ Comunidad Textil<br \/>\n\u2014\u2014\u2014\u2014\u2014\u2014\u2014\u2014\u2014\u2014\u2014\u2014\u2014\u2014\u2014\u2014\u2014\u2014\u2014\u2014\u2014\u2014\u2014\u2014\u2014\u2014\u2014\u2014\u2014\u2014\u2014\u2014\u2014\u2014\u2014\u2014\u2014\u2014\u2014<\/p>\n<p dir=\"ltr\">Para comunicarse con ComunidadTextil: <span style=\"color: #3366ff;\"><a style=\"color: #3366ff;\" href=\"mailto:contacto@comunidadtextil.com\">contacto@comunidadtextil.com<\/a><\/span><\/p>\n<table border=\"0\" width=\"460\">\n<tbody>\n<tr>\n<td width=\"auto\"><a href=\"http:\/\/www.tikvatex.com.ar\" target=\"_blank\" rel=\"noopener\"><img loading=\"lazy\" decoding=\"async\" class=\"aligncenter\" src=\"https:\/\/www.comunidadtextil.com\/publicidad\/tikvatex062020.png\" alt=\"\" width=\"300\" height=\"190\" border=\"0\" \/><\/a><\/td>\n<td width=\"auto\"><a href=\"http:\/\/www.actibiz.com.ar\" target=\"_blank\" rel=\"noopener\"><img loading=\"lazy\" decoding=\"async\" class=\"aligncenter\" src=\"https:\/\/www.comunidadtextil.com\/publicidad\/actibiz2019.jpg\" alt=\"\" width=\"300\" height=\"200\" border=\"0\" \/><\/a><\/td>\n<\/tr>\n<\/tbody>\n<\/table>\n","protected":false},"excerpt":{"rendered":"<p>Recientemente se concret\u00f3 un encuentro empresarial entre representantes de la Federaci\u00f3n Argentina de la Industria Textil (FITA), la Asociaci\u00f3n Brasilera de la Industria Textil y de la Confecci\u00f3n (ABIT), la Asociaci\u00f3n Industrial Paraguaya de Fabricantes de Ropa (AICP) y la Confederaci\u00f3n Europea de la Confecci\u00f3n y Textil (EURATEX). De esa reuni\u00f3n, de la que no [&hellip;]<\/p>\n","protected":false},"author":1924,"featured_media":0,"comment_status":"closed","ping_status":"closed","sticky":false,"template":"","format":"standard","meta":{"footnotes":""},"categories":[57,58,62],"tags":[],"class_list":["post-19870","post","type-post","status-publish","format-standard","hentry","category-mercados","category-noticias-de-america-latina","category-noticias-de-europa","count-0","even alt","author-adminct","last"],"_links":{"self":[{"href":"https:\/\/comunidadtextil.com\/wpnews\/wp-json\/wp\/v2\/posts\/19870","targetHints":{"allow":["GET"]}}],"collection":[{"href":"https:\/\/comunidadtextil.com\/wpnews\/wp-json\/wp\/v2\/posts"}],"about":[{"href":"https:\/\/comunidadtextil.com\/wpnews\/wp-json\/wp\/v2\/types\/post"}],"author":[{"embeddable":true,"href":"https:\/\/comunidadtextil.com\/wpnews\/wp-json\/wp\/v2\/users\/1924"}],"replies":[{"embeddable":true,"href":"https:\/\/comunidadtextil.com\/wpnews\/wp-json\/wp\/v2\/comments?post=19870"}],"version-history":[{"count":4,"href":"https:\/\/comunidadtextil.com\/wpnews\/wp-json\/wp\/v2\/posts\/19870\/revisions"}],"predecessor-version":[{"id":19873,"href":"https:\/\/comunidadtextil.com\/wpnews\/wp-json\/wp\/v2\/posts\/19870\/revisions\/19873"}],"wp:attachment":[{"href":"https:\/\/comunidadtextil.com\/wpnews\/wp-json\/wp\/v2\/media?parent=19870"}],"wp:term":[{"taxonomy":"category","embeddable":true,"href":"https:\/\/comunidadtextil.com\/wpnews\/wp-json\/wp\/v2\/categories?post=19870"},{"taxonomy":"post_tag","embeddable":true,"href":"https:\/\/comunidadtextil.com\/wpnews\/wp-json\/wp\/v2\/tags?post=19870"}],"curies":[{"name":"wp","href":"https:\/\/api.w.org\/{rel}","templated":true}]}}