{"id":19741,"date":"2026-01-21T11:10:25","date_gmt":"2026-01-21T14:10:25","guid":{"rendered":"http:\/\/comunidadtextil.com\/wpnews\/?p=19741"},"modified":"2026-01-21T11:10:25","modified_gmt":"2026-01-21T14:10:25","slug":"se-realizara-el-1er-congreso-sobre-la-inteligencia-artificial-aplicada-al-mundo-de-la-moda","status":"publish","type":"post","link":"https:\/\/comunidadtextil.com\/wpnews\/2026\/01\/se-realizara-el-1er-congreso-sobre-la-inteligencia-artificial-aplicada-al-mundo-de-la-moda\/","title":{"rendered":"Se realizar\u00e1 el 1er. Congreso sobre la Inteligencia Artificial aplicada al mundo de la moda"},"content":{"rendered":"<div id=\"attachment_19733\" style=\"width: 181px\" class=\"wp-caption alignleft\"><a href=\"https:\/\/comunidadtextil.com\/wpnews\/wp-content\/uploads\/2026\/01\/Fashion-Tech-AI-Summit-2026.-_-3-.jpg\"><img loading=\"lazy\" decoding=\"async\" aria-describedby=\"caption-attachment-19733\" class=\" wp-image-19733\" src=\"https:\/\/comunidadtextil.com\/wpnews\/wp-content\/uploads\/2026\/01\/Fashion-Tech-AI-Summit-2026.-_-3--240x300.jpg\" alt=\"\" width=\"171\" height=\"214\" srcset=\"https:\/\/comunidadtextil.com\/wpnews\/wp-content\/uploads\/2026\/01\/Fashion-Tech-AI-Summit-2026.-_-3--240x300.jpg 240w, https:\/\/comunidadtextil.com\/wpnews\/wp-content\/uploads\/2026\/01\/Fashion-Tech-AI-Summit-2026.-_-3-.jpg 600w\" sizes=\"auto, (max-width: 171px) 100vw, 171px\" \/><\/a><p id=\"caption-attachment-19733\" class=\"wp-caption-text\">Fashion Tech AI Summit 2026.<\/p><\/div>\n<p>El Cl\u00faster Catal\u00e1n de la Moda (Modacc) anunci\u00f3 que el 17 de febrero se llevar\u00e1 a cabo Fashion Tech AI Summit 2026, la primera cumbre dedicada a la aplicaci\u00f3n de la inteligencia artificial en la moda. El objetivo es conectar a empresas de tecnolog\u00eda y marcas del sector para fomentar la colaboraci\u00f3n y la transferencia de conocimiento.<\/p>\n<p>La inteligencia artificial es una de las herramientas que el mundo de la moda ya est\u00e1 utilizando. En este contexto se llevar\u00e1 a cabo la primera cumbre sobre el uso de esta tecnolog\u00eda en el sector. Durante el evento, las empresas tecnol\u00f3gicas presentar\u00e1n las soluciones que tienen para aportar a los fabricantes de indumentaria.<\/p>\n<p>En las charlas y ponencias se expondr\u00e1 sobre el uso de la IA en toda la cadena de valor. Las conferencias estar\u00e1n agrupadas en ejes tem\u00e1ticos enfocados en dise\u00f1o y desarrollo de producto, supply chain y producci\u00f3n, comercializaci\u00f3n y venta y marketing y experiencia del cliente.<\/p>\n<p>El Congreso est\u00e1 dirigido tanto a PyMEs como a grandes empresas sin importar su nivel de digitalizaci\u00f3n. El objetivo es mostrar c\u00f3mo la IA puede ser clave para mejorar la competitividad, la sustentabilidad y el dise\u00f1o.<\/p>\n<table>\n<tbody>\n<tr>\n<td><a href=\"https:\/\/comunidadtextil.com\/wpnews\/wp-content\/uploads\/2026\/01\/Fashion-Tech-AI-Summit-2026.-.jpg\"><img loading=\"lazy\" decoding=\"async\" class=\" wp-image-19731 aligncenter\" src=\"https:\/\/comunidadtextil.com\/wpnews\/wp-content\/uploads\/2026\/01\/Fashion-Tech-AI-Summit-2026.--300x200.jpg\" alt=\"\" width=\"243\" height=\"162\" srcset=\"https:\/\/comunidadtextil.com\/wpnews\/wp-content\/uploads\/2026\/01\/Fashion-Tech-AI-Summit-2026.--300x200.jpg 300w, https:\/\/comunidadtextil.com\/wpnews\/wp-content\/uploads\/2026\/01\/Fashion-Tech-AI-Summit-2026.--1024x683.jpg 1024w, https:\/\/comunidadtextil.com\/wpnews\/wp-content\/uploads\/2026\/01\/Fashion-Tech-AI-Summit-2026.--768x512.jpg 768w, https:\/\/comunidadtextil.com\/wpnews\/wp-content\/uploads\/2026\/01\/Fashion-Tech-AI-Summit-2026.-.jpg 1200w\" sizes=\"auto, (max-width: 243px) 100vw, 243px\" \/><\/a><\/td>\n<td><a href=\"https:\/\/comunidadtextil.com\/wpnews\/wp-content\/uploads\/2026\/01\/Fashion-Tech-AI-Summit-2026.-_-.jpg\"><img loading=\"lazy\" decoding=\"async\" class=\"size-medium wp-image-19732 aligncenter\" src=\"https:\/\/comunidadtextil.com\/wpnews\/wp-content\/uploads\/2026\/01\/Fashion-Tech-AI-Summit-2026.-_--300x161.jpg\" alt=\"\" width=\"300\" height=\"161\" srcset=\"https:\/\/comunidadtextil.com\/wpnews\/wp-content\/uploads\/2026\/01\/Fashion-Tech-AI-Summit-2026.-_--300x161.jpg 300w, https:\/\/comunidadtextil.com\/wpnews\/wp-content\/uploads\/2026\/01\/Fashion-Tech-AI-Summit-2026.-_--768x413.jpg 768w, https:\/\/comunidadtextil.com\/wpnews\/wp-content\/uploads\/2026\/01\/Fashion-Tech-AI-Summit-2026.-_-.jpg 800w\" sizes=\"auto, (max-width: 300px) 100vw, 300px\" \/><\/a><\/td>\n<\/tr>\n<\/tbody>\n<\/table>\n<p>El evento se desarrollar\u00e1 100% online y las inscripciones ya est\u00e1n abiertas. Para registrarse hay que visitar la p\u00e1gina web de Modacc.<br \/>\n&#8212;&#8212;&#8212;&#8212;&#8212;&#8212;&#8212;&#8212;&#8212;&#8212;&#8212;&#8212;&#8212;&#8212;&#8212;&#8212;&#8212;&#8212;&#8212;-<br \/>\nIndustria de la Moda \/ Comunidad Textil<\/p>\n<p>\u2014\u2014\u2014\u2014\u2014\u2014\u2014\u2014\u2014\u2014\u2014\u2014\u2014\u2014\u2014\u2014\u2014\u2014\u2014\u2014\u2014\u2014\u2014\u2014\u2014\u2014\u2014\u2014\u2014\u2014\u2014\u2014\u2014\u2014\u2014\u2014\u2014\u2014\u2014<\/p>\n<p dir=\"ltr\">Para comunicarse con ComunidadTextil: <span style=\"color: #3366ff;\"><a style=\"color: #3366ff;\" href=\"mailto:contacto@comunidadtextil.com\">contacto@comunidadtextil.com<\/a><\/span><\/p>\n<table border=\"0\" width=\"460\">\n<tbody>\n<tr>\n<td width=\"auto\"><a href=\"https:\/\/algoselanflandria.com.ar\/\" target=\"_blank\" rel=\"noopener\"><img loading=\"lazy\" decoding=\"async\" class=\"aligncenter\" src=\"http:\/\/comunidadtextil.com\/publicidad\/af-2020-300x200px.gif\" alt=\"\" width=\"300\" height=\"200\" border=\"0\" \/><\/a><\/td>\n<td width=\"auto\"><a href=\"http:\/\/www.tikvatex.com.ar\" target=\"_blank\" rel=\"noopener\"><img loading=\"lazy\" decoding=\"async\" class=\"aligncenter\" src=\"http:\/\/www.comunidadtextil.com\/publicidad\/tikvatex062020.png\" alt=\"\" width=\"300\" height=\"190\" border=\"0\" \/><\/a><\/td>\n<\/tr>\n<\/tbody>\n<\/table>\n","protected":false},"excerpt":{"rendered":"<p>El Cl\u00faster Catal\u00e1n de la Moda (Modacc) anunci\u00f3 que el 17 de febrero se llevar\u00e1 a cabo Fashion Tech AI Summit 2026, la primera cumbre dedicada a la aplicaci\u00f3n de la inteligencia artificial en la moda. El objetivo es conectar a empresas de tecnolog\u00eda y marcas del sector para fomentar la colaboraci\u00f3n y la transferencia [&hellip;]<\/p>\n","protected":false},"author":1924,"featured_media":0,"comment_status":"closed","ping_status":"closed","sticky":false,"template":"","format":"standard","meta":{"footnotes":""},"categories":[62,44],"tags":[],"class_list":["post-19741","post","type-post","status-publish","format-standard","hentry","category-noticias-de-europa","category-tendencias","count-0","even alt","author-adminct","last"],"_links":{"self":[{"href":"https:\/\/comunidadtextil.com\/wpnews\/wp-json\/wp\/v2\/posts\/19741","targetHints":{"allow":["GET"]}}],"collection":[{"href":"https:\/\/comunidadtextil.com\/wpnews\/wp-json\/wp\/v2\/posts"}],"about":[{"href":"https:\/\/comunidadtextil.com\/wpnews\/wp-json\/wp\/v2\/types\/post"}],"author":[{"embeddable":true,"href":"https:\/\/comunidadtextil.com\/wpnews\/wp-json\/wp\/v2\/users\/1924"}],"replies":[{"embeddable":true,"href":"https:\/\/comunidadtextil.com\/wpnews\/wp-json\/wp\/v2\/comments?post=19741"}],"version-history":[{"count":5,"href":"https:\/\/comunidadtextil.com\/wpnews\/wp-json\/wp\/v2\/posts\/19741\/revisions"}],"predecessor-version":[{"id":19746,"href":"https:\/\/comunidadtextil.com\/wpnews\/wp-json\/wp\/v2\/posts\/19741\/revisions\/19746"}],"wp:attachment":[{"href":"https:\/\/comunidadtextil.com\/wpnews\/wp-json\/wp\/v2\/media?parent=19741"}],"wp:term":[{"taxonomy":"category","embeddable":true,"href":"https:\/\/comunidadtextil.com\/wpnews\/wp-json\/wp\/v2\/categories?post=19741"},{"taxonomy":"post_tag","embeddable":true,"href":"https:\/\/comunidadtextil.com\/wpnews\/wp-json\/wp\/v2\/tags?post=19741"}],"curies":[{"name":"wp","href":"https:\/\/api.w.org\/{rel}","templated":true}]}}