{"id":19737,"date":"2026-01-21T10:51:02","date_gmt":"2026-01-21T13:51:02","guid":{"rendered":"http:\/\/comunidadtextil.com\/wpnews\/?p=19737"},"modified":"2026-01-21T10:51:02","modified_gmt":"2026-01-21T13:51:02","slug":"peru-suritex-amplia-su-oferta-con-el-estampado-digital-en-las-telas-de-fibras-naturales","status":"publish","type":"post","link":"https:\/\/comunidadtextil.com\/wpnews\/2026\/01\/peru-suritex-amplia-su-oferta-con-el-estampado-digital-en-las-telas-de-fibras-naturales\/","title":{"rendered":"Per\u00fa: Suritex ampl\u00eda su oferta con el estampado digital en las telas de fibras naturales"},"content":{"rendered":"<p><a href=\"https:\/\/comunidadtextil.com\/wpnews\/wp-content\/uploads\/2026\/01\/Suritex-.jpg\"><img loading=\"lazy\" decoding=\"async\" class=\" wp-image-19721 alignright\" src=\"https:\/\/comunidadtextil.com\/wpnews\/wp-content\/uploads\/2026\/01\/Suritex--300x200.jpg\" alt=\"\" width=\"245\" height=\"163\" srcset=\"https:\/\/comunidadtextil.com\/wpnews\/wp-content\/uploads\/2026\/01\/Suritex--300x200.jpg 300w, https:\/\/comunidadtextil.com\/wpnews\/wp-content\/uploads\/2026\/01\/Suritex-.jpg 656w\" sizes=\"auto, (max-width: 245px) 100vw, 245px\" \/><\/a>La empresa peruana ultima los detalles para el lanzamiento de prendas de alpaca y lana con estampaci\u00f3n digital. Tambi\u00e9n agregar\u00e1 una l\u00ednea de productos para el hogar que incluye alfombras y almohadones. Con este proyecto, la empresa planea aumentar su facturaci\u00f3n en un 30%.<\/p>\n<p>Suritex, la empresa que desarrolla tejidos planos y de punto, anunci\u00f3 que logr\u00f3 confeccionar prendas de vestir con alto valor agregado en base al estampado digital en tejidos de fibras naturales como alpaca, lana y seda y fibras vegetales como algod\u00f3n, modal y bamb\u00fa. Estas prendas son muy apreciadas en el mercado de lujo y resaltan por su confort, suavidad y durabilidad.<\/p>\n<div id=\"attachment_19720\" style=\"width: 257px\" class=\"wp-caption alignleft\"><a href=\"https:\/\/comunidadtextil.com\/wpnews\/wp-content\/uploads\/2026\/01\/Gregor-Brenner-Knoch-gerente-general-de-Suritex.-.jpg\"><img loading=\"lazy\" decoding=\"async\" aria-describedby=\"caption-attachment-19720\" class=\" wp-image-19720\" src=\"https:\/\/comunidadtextil.com\/wpnews\/wp-content\/uploads\/2026\/01\/Gregor-Brenner-Knoch-gerente-general-de-Suritex.--300x204.jpg\" alt=\"\" width=\"247\" height=\"168\" srcset=\"https:\/\/comunidadtextil.com\/wpnews\/wp-content\/uploads\/2026\/01\/Gregor-Brenner-Knoch-gerente-general-de-Suritex.--300x204.jpg 300w, https:\/\/comunidadtextil.com\/wpnews\/wp-content\/uploads\/2026\/01\/Gregor-Brenner-Knoch-gerente-general-de-Suritex.--768x522.jpg 768w, https:\/\/comunidadtextil.com\/wpnews\/wp-content\/uploads\/2026\/01\/Gregor-Brenner-Knoch-gerente-general-de-Suritex.-.jpg 1000w\" sizes=\"auto, (max-width: 247px) 100vw, 247px\" \/><\/a><p id=\"caption-attachment-19720\" class=\"wp-caption-text\">Gregor Brenner Knoch, gerente general de Suritex.<\/p><\/div>\n<p>Adem\u00e1s de lograr dise\u00f1os diferenciados para sus colecciones, la empresa puso el servicio de impresi\u00f3n digital a disposici\u00f3n de peque\u00f1as empresas y dise\u00f1adores que no est\u00e1n en condiciones de invertir en el equipamiento necesario. \u201cHace 3 a\u00f1os realizamos una inversi\u00f3n importante en maquinaria de estampado digital sobre fibras naturales. Este a\u00f1o relanzaremos esta l\u00ednea y estamos terminando de acondicionar las m\u00e1quinas del taller, con lo cual concentraremos toda la producci\u00f3n en nuestra planta de Concepci\u00f3n, Jun\u00edn\u201d, explic\u00f3 Gregor Brenner Knoch, gerente general de Suritex.<\/p>\n<p>La empresa opera bajo el eslogan \u201cAdd color to your life\u201d y ya tiene una oferta de unos 80 art\u00edculos disponibles en distintas combinaciones de colores. Elabora una l\u00ednea artesanal en la cual trabajan con hilos de fantas\u00eda para dar mayor volumen a las prendas, y otra elaborada en telares industriales con hilos m\u00e1s delgados. Adem\u00e1s, producen art\u00edculos de punto como gorros, guantes y chalinas.<\/p>\n<p>En sus inicios, la firma vend\u00eda sus productos a los turistas que visitaban Per\u00fa, pero desde hace 20 a\u00f1os ha comenzado a exportar a mercados como Estados Unidos, Europa, Australia y Asia. \u201cLos env\u00edos al exterior representaron hasta el 70% de nuestras ventas. Sin embargo, en los \u00faltimos 2 a\u00f1os el turismo nacional se recuper\u00f3, por lo cual hoy mantenemos una relaci\u00f3n de 60% exportaci\u00f3n y 40% mercado interno\u201d explic\u00f3 Knoch.<\/p>\n<table>\n<tbody>\n<tr>\n<td><a href=\"https:\/\/comunidadtextil.com\/wpnews\/wp-content\/uploads\/2026\/01\/Suritex-_3-.jpg\"><img loading=\"lazy\" decoding=\"async\" class=\"size-medium wp-image-19723 aligncenter\" src=\"https:\/\/comunidadtextil.com\/wpnews\/wp-content\/uploads\/2026\/01\/Suritex-_3--214x300.jpg\" alt=\"\" width=\"214\" height=\"300\" srcset=\"https:\/\/comunidadtextil.com\/wpnews\/wp-content\/uploads\/2026\/01\/Suritex-_3--214x300.jpg 214w, https:\/\/comunidadtextil.com\/wpnews\/wp-content\/uploads\/2026\/01\/Suritex-_3-.jpg 731w\" sizes=\"auto, (max-width: 214px) 100vw, 214px\" \/><\/a><\/td>\n<td><a href=\"https:\/\/comunidadtextil.com\/wpnews\/wp-content\/uploads\/2026\/01\/Suritex-_2-.jpg\"><img loading=\"lazy\" decoding=\"async\" class=\"size-medium wp-image-19722 aligncenter\" src=\"https:\/\/comunidadtextil.com\/wpnews\/wp-content\/uploads\/2026\/01\/Suritex-_2--214x300.jpg\" alt=\"\" width=\"214\" height=\"300\" srcset=\"https:\/\/comunidadtextil.com\/wpnews\/wp-content\/uploads\/2026\/01\/Suritex-_2--214x300.jpg 214w, https:\/\/comunidadtextil.com\/wpnews\/wp-content\/uploads\/2026\/01\/Suritex-_2-.jpg 450w\" sizes=\"auto, (max-width: 214px) 100vw, 214px\" \/><\/a><\/td>\n<\/tr>\n<\/tbody>\n<\/table>\n<p>Con el objetivo de llegar a nuevos mercados, Suritex volver\u00e1 a participar en ferias internacionales en Estados Unidos y Europa. Con este plan y el lanzamiento de la l\u00ednea estampada en telas digitales proyectan un crecimiento del 30% en 2026.<br \/>\n&#8212;&#8212;&#8212;&#8212;&#8212;&#8212;&#8212;&#8212;&#8212;&#8212;&#8212;&#8212;&#8212;&#8212;&#8212;&#8212;&#8212;&#8212;-<br \/>\nFashion Network \/ Comunidad Textil<\/p>\n<p>\u2014\u2014\u2014\u2014\u2014\u2014\u2014\u2014\u2014\u2014\u2014\u2014\u2014\u2014\u2014\u2014\u2014\u2014\u2014\u2014\u2014\u2014\u2014\u2014\u2014\u2014\u2014\u2014\u2014\u2014\u2014\u2014\u2014\u2014\u2014\u2014\u2014\u2014\u2014<\/p>\n<p dir=\"ltr\">Para comunicarse con ComunidadTextil: <span style=\"color: #3366ff;\"><a style=\"color: #3366ff;\" href=\"mailto:contacto@comunidadtextil.com\">contacto@comunidadtextil.com<\/a><\/span><\/p>\n<table border=\"0\" width=\"460\">\n<tbody>\n<tr>\n<td width=\"auto\"><a href=\"https:\/\/epson.com.ar\/Para-el-trabajo\/Impresoras\/Gran-Formato\/Impresora-Epson-SureColor-F10070\/p\/C11CF84202\" target=\"_blank\" rel=\"noopener\"><img loading=\"lazy\" decoding=\"async\" class=\"aligncenter\" src=\"http:\/\/www.comunidadtextil.com\/publicidad\/2024\/2213251_ARG_VISUAL_DE_MEDIOS_DICIEMBRE_20_COMUNIDAD_TEXTIL_Banner_Gif_300x200_02.gif\" alt=\"\" width=\"300\" height=\"200\" \/><\/a><\/td>\n<td width=\"auto\"><a href=\"https:\/\/www.faiia.com.ar\/programa-crecer\/\" target=\"_blank\" rel=\"noopener\"><img loading=\"lazy\" decoding=\"async\" class=\"aligncenter\" src=\"\/publicidad\/crecer-banner-julio17.gif\" alt=\"\" width=\"300\" height=\"200\" border=\"0\" \/><\/a><\/td>\n<\/tr>\n<\/tbody>\n<\/table>\n","protected":false},"excerpt":{"rendered":"<p>La empresa peruana ultima los detalles para el lanzamiento de prendas de alpaca y lana con estampaci\u00f3n digital. Tambi\u00e9n agregar\u00e1 una l\u00ednea de productos para el hogar que incluye alfombras y almohadones. Con este proyecto, la empresa planea aumentar su facturaci\u00f3n en un 30%. Suritex, la empresa que desarrolla tejidos planos y de punto, anunci\u00f3 [&hellip;]<\/p>\n","protected":false},"author":1924,"featured_media":0,"comment_status":"closed","ping_status":"closed","sticky":false,"template":"","format":"standard","meta":{"footnotes":""},"categories":[49,58],"tags":[],"class_list":["post-19737","post","type-post","status-publish","format-standard","hentry","category-empresas-negocios","category-noticias-de-america-latina","count-0","even alt","author-adminct","last"],"_links":{"self":[{"href":"https:\/\/comunidadtextil.com\/wpnews\/wp-json\/wp\/v2\/posts\/19737","targetHints":{"allow":["GET"]}}],"collection":[{"href":"https:\/\/comunidadtextil.com\/wpnews\/wp-json\/wp\/v2\/posts"}],"about":[{"href":"https:\/\/comunidadtextil.com\/wpnews\/wp-json\/wp\/v2\/types\/post"}],"author":[{"embeddable":true,"href":"https:\/\/comunidadtextil.com\/wpnews\/wp-json\/wp\/v2\/users\/1924"}],"replies":[{"embeddable":true,"href":"https:\/\/comunidadtextil.com\/wpnews\/wp-json\/wp\/v2\/comments?post=19737"}],"version-history":[{"count":3,"href":"https:\/\/comunidadtextil.com\/wpnews\/wp-json\/wp\/v2\/posts\/19737\/revisions"}],"predecessor-version":[{"id":19740,"href":"https:\/\/comunidadtextil.com\/wpnews\/wp-json\/wp\/v2\/posts\/19737\/revisions\/19740"}],"wp:attachment":[{"href":"https:\/\/comunidadtextil.com\/wpnews\/wp-json\/wp\/v2\/media?parent=19737"}],"wp:term":[{"taxonomy":"category","embeddable":true,"href":"https:\/\/comunidadtextil.com\/wpnews\/wp-json\/wp\/v2\/categories?post=19737"},{"taxonomy":"post_tag","embeddable":true,"href":"https:\/\/comunidadtextil.com\/wpnews\/wp-json\/wp\/v2\/tags?post=19737"}],"curies":[{"name":"wp","href":"https:\/\/api.w.org\/{rel}","templated":true}]}}