{"id":19512,"date":"2025-12-09T12:36:23","date_gmt":"2025-12-09T15:36:23","guid":{"rendered":"http:\/\/comunidadtextil.com\/wpnews\/?p=19512"},"modified":"2025-12-09T12:36:23","modified_gmt":"2025-12-09T15:36:23","slug":"texworld-apparel-sourcing-con-1-300-expositores-sera-eje-en-la-moda-verano-2027","status":"publish","type":"post","link":"https:\/\/comunidadtextil.com\/wpnews\/2025\/12\/texworld-apparel-sourcing-con-1-300-expositores-sera-eje-en-la-moda-verano-2027\/","title":{"rendered":"Texworld Apparel Sourcing, con 1.300 expositores, ser\u00e1 eje en la moda verano 2027"},"content":{"rendered":"<div id=\"attachment_19508\" style=\"width: 257px\" class=\"wp-caption alignleft\"><a href=\"https:\/\/comunidadtextil.com\/wpnews\/wp-content\/uploads\/2025\/12\/Texworld-Apparel-Sourcing-Paris-_1.jpg\"><img loading=\"lazy\" decoding=\"async\" aria-describedby=\"caption-attachment-19508\" class=\" wp-image-19508\" src=\"https:\/\/comunidadtextil.com\/wpnews\/wp-content\/uploads\/2025\/12\/Texworld-Apparel-Sourcing-Paris-_1-300x199.jpg\" alt=\"\" width=\"247\" height=\"164\" srcset=\"https:\/\/comunidadtextil.com\/wpnews\/wp-content\/uploads\/2025\/12\/Texworld-Apparel-Sourcing-Paris-_1-300x199.jpg 300w, https:\/\/comunidadtextil.com\/wpnews\/wp-content\/uploads\/2025\/12\/Texworld-Apparel-Sourcing-Paris-_1-768x509.jpg 768w, https:\/\/comunidadtextil.com\/wpnews\/wp-content\/uploads\/2025\/12\/Texworld-Apparel-Sourcing-Paris-_1.jpg 1000w\" sizes=\"auto, (max-width: 247px) 100vw, 247px\" \/><\/a><p id=\"caption-attachment-19508\" class=\"wp-caption-text\">Texworld Apparel Sourcing Paris.<\/p><\/div>\n<p>Texworld Apparel Sourcing Paris se prepara para recibir, del 2 al 4 de febrero de 2026 en los pabellones de Paris-Le Bourget, a m\u00e1s de 1.300 proveedores internacionales en una edici\u00f3n que se reafirma como uno de los encuentros m\u00e1s influyentes para la industria textil y de la confecci\u00f3n.<\/p>\n<p>Considerada un aut\u00e9ntico term\u00f3metro del sector, esta 58\u00aa edici\u00f3n reunir\u00e1 a fabricantes de tejidos, confeccionistas y expositores procedentes de alrededor de treinta pa\u00edses l\u00edderes en producci\u00f3n textil, consolidando el papel de Europa como motor de la demanda global y reforzando a Par\u00eds como epicentro internacional de la moda, la creatividad y el abastecimiento.<\/p>\n<p>Para los empresarios y compradores que buscan anticipar tendencias, la feria ofrecer\u00e1 una visi\u00f3n estrat\u00e9gica del desarrollo de las colecciones primavera-verano 2027. Los directores art\u00edsticos del sal\u00f3n, Louis G\u00e9rin y Gregory Lamaud, presentar\u00e1n las l\u00edneas creativas que marcar\u00e1n la pr\u00f3xima temporada, sirviendo de gu\u00eda para la toma de decisiones en dise\u00f1o, sourcing y planificaci\u00f3n de producto.<\/p>\n<p><a href=\"https:\/\/comunidadtextil.com\/wpnews\/wp-content\/uploads\/2025\/12\/Texworld-Apparel-Sourcing-Paris-_-6-.jpg\"><img loading=\"lazy\" decoding=\"async\" class=\" wp-image-19510 alignright\" src=\"https:\/\/comunidadtextil.com\/wpnews\/wp-content\/uploads\/2025\/12\/Texworld-Apparel-Sourcing-Paris-_-6--300x169.jpg\" alt=\"\" width=\"247\" height=\"139\" srcset=\"https:\/\/comunidadtextil.com\/wpnews\/wp-content\/uploads\/2025\/12\/Texworld-Apparel-Sourcing-Paris-_-6--300x169.jpg 300w, https:\/\/comunidadtextil.com\/wpnews\/wp-content\/uploads\/2025\/12\/Texworld-Apparel-Sourcing-Paris-_-6--768x432.jpg 768w, https:\/\/comunidadtextil.com\/wpnews\/wp-content\/uploads\/2025\/12\/Texworld-Apparel-Sourcing-Paris-_-6-.jpg 1000w\" sizes=\"auto, (max-width: 247px) 100vw, 247px\" \/><\/a>La sostenibilidad ser\u00e1 otro eje central de esta edici\u00f3n. Ante una industria que exige cada vez mayor transparencia y responsabilidad ambiental, Texworld integrar\u00e1 itinerarios tem\u00e1ticos, conferencias y herramientas del programa Texpertise Econogy, dise\u00f1ado por Messe Frankfurt para identificar innovaciones y socios comprometidos con procesos m\u00e1s responsables. El Econogy HUB, ubicado entre los pabellones 2 y 3, se convertir\u00e1 en el punto neur\u00e1lgico donde los visitantes podr\u00e1n conocer iniciativas enfocadas en trazabilidad, gesti\u00f3n eficiente de recursos y nuevos modelos de producci\u00f3n sostenible.<\/p>\n<p><a href=\"https:\/\/comunidadtextil.com\/wpnews\/wp-content\/uploads\/2025\/12\/Texworld-Apparel-Sourcing-Paris-_-4_.jpg\"><img loading=\"lazy\" decoding=\"async\" class=\"alignleft wp-image-19509\" src=\"https:\/\/comunidadtextil.com\/wpnews\/wp-content\/uploads\/2025\/12\/Texworld-Apparel-Sourcing-Paris-_-4_-300x200.jpg\" alt=\"\" width=\"245\" height=\"163\" srcset=\"https:\/\/comunidadtextil.com\/wpnews\/wp-content\/uploads\/2025\/12\/Texworld-Apparel-Sourcing-Paris-_-4_-300x200.jpg 300w, https:\/\/comunidadtextil.com\/wpnews\/wp-content\/uploads\/2025\/12\/Texworld-Apparel-Sourcing-Paris-_-4_-768x512.jpg 768w, https:\/\/comunidadtextil.com\/wpnews\/wp-content\/uploads\/2025\/12\/Texworld-Apparel-Sourcing-Paris-_-4_.jpg 1000w\" sizes=\"auto, (max-width: 245px) 100vw, 245px\" \/><\/a>Una de las novedades m\u00e1s destacadas ser\u00e1 la reorganizaci\u00f3n sectorial del espacio expositivo. Aunque la feria mantiene su distribuci\u00f3n general entre los pabellones 2, 3 y 4, Messe Frankfurt France ha redise\u00f1ado la disposici\u00f3n de los sectores para optimizar la experiencia de los compradores. El objetivo es permitir un recorrido m\u00e1s intuitivo y fluido entre tejidos, accesorios y productos acabados.<\/p>\n<p>El \u00e1rea Apparel Sourcing dedicada al vestuario femenino y la oferta de Texworld Knit se trasladar\u00e1n al pabell\u00f3n 3, mientras que el pabell\u00f3n 4 agrupar\u00e1 Activewear con Casual &amp; Sport clothing, adem\u00e1s de integrar Print y Jacquard junto a Silky Aspects para reforzar la oferta de pr\u00eat-\u00e0-porter femenino. El pabell\u00f3n 2, por su parte, centralizar\u00e1 los foros de tendencias, mesas redondas y zonas de servicios, ofreciendo espacios m\u00e1s c\u00f3modos para reuniones y networking.<\/p>\n<p><a href=\"https:\/\/comunidadtextil.com\/wpnews\/wp-content\/uploads\/2025\/12\/Texworld-Apparel-Sourcing-Paris-_-12-.jpg\"><img loading=\"lazy\" decoding=\"async\" class=\" wp-image-19511 alignright\" src=\"https:\/\/comunidadtextil.com\/wpnews\/wp-content\/uploads\/2025\/12\/Texworld-Apparel-Sourcing-Paris-_-12--300x200.jpg\" alt=\"\" width=\"245\" height=\"163\" srcset=\"https:\/\/comunidadtextil.com\/wpnews\/wp-content\/uploads\/2025\/12\/Texworld-Apparel-Sourcing-Paris-_-12--300x200.jpg 300w, https:\/\/comunidadtextil.com\/wpnews\/wp-content\/uploads\/2025\/12\/Texworld-Apparel-Sourcing-Paris-_-12--768x512.jpg 768w, https:\/\/comunidadtextil.com\/wpnews\/wp-content\/uploads\/2025\/12\/Texworld-Apparel-Sourcing-Paris-_-12-.jpg 1000w\" sizes=\"auto, (max-width: 245px) 100vw, 245px\" \/><\/a>Esta nueva organizaci\u00f3n pretende facilitar una experiencia de abastecimiento m\u00e1s inspiradora, donde los visitantes puedan pasar de manera natural entre categor\u00edas de producto, identificar sinergias y comparar propuestas con mayor rapidez. La feria tambi\u00e9n mantendr\u00e1 \u00e1reas especialmente valoradas por los visitantes, como Initiatives, un espacio dedicado a la artesan\u00eda y a proyectos colectivos que destaca la identidad textil y el saber hacer de distintos pa\u00edses y escuelas europeas.<\/p>\n<p>Asimismo, la zona Ready to Sell, situada cerca de los foros de tendencias, presentar\u00e1 una cuidada selecci\u00f3n de productos terminados elegidos por los directores art\u00edsticos del sal\u00f3n, permitiendo a los compradores detectar de un vistazo las colecciones m\u00e1s alineadas con las tendencias emergentes.<\/p>\n<p>Con esta edici\u00f3n, Texworld Apparel Sourcing Paris vuelve a posicionarse como una plataforma imprescindible para quienes buscan innovaci\u00f3n, competitividad y una visi\u00f3n clara del futuro de la industria textil internacional.<br \/>\n&#8212;&#8212;&#8212;&#8212;&#8212;&#8212;&#8212;&#8212;&#8212;&#8212;&#8212;&#8212;&#8212;&#8212;&#8212;&#8212;&#8212;&#8212;<br \/>\nNoticiero Textil \/ Comunidad Textil<\/p>\n<p>\u2014\u2014\u2014\u2014\u2014\u2014\u2014\u2014\u2014\u2014\u2014\u2014\u2014\u2014\u2014\u2014\u2014\u2014\u2014\u2014\u2014\u2014\u2014\u2014\u2014\u2014\u2014\u2014\u2014\u2014\u2014\u2014\u2014\u2014\u2014\u2014\u2014\u2014\u2014<\/p>\n<p dir=\"ltr\">Para comunicarse con ComunidadTextil: <span style=\"color: #3366ff;\"><a style=\"color: #3366ff;\" href=\"mailto:contacto@comunidadtextil.com\">contacto@comunidadtextil.com<\/a><\/span><\/p>\n<table border=\"0\" width=\"460\">\n<tbody>\n<tr>\n<td width=\"auto\"><a href=\"https:\/\/www.aplf.com\/?utm_medium=Ads&amp;utm_source=Digital_Barter&amp;utm_campaign=202603aplf_EP_fa26_banner_cueroamerica&amp;utm_content=fa26_banner_cueroamerica\" target=\"_blank\" rel=\"noopener\"><img loading=\"lazy\" decoding=\"async\" src=\"http:\/\/cueroamerica.info\/img\/publicidad\/2025\/aplf26_fasacc_banner_300x300.png\" width=\"300\" height=\"300\" \/><\/a><\/td>\n<td width=\"auto\"><a href=\"https:\/\/www.faiia.com.ar\/programa-crecer\/\" target=\"_blank\" rel=\"noopener\"><img loading=\"lazy\" decoding=\"async\" class=\"aligncenter\" src=\"\/publicidad\/crecer-banner-julio17.gif\" alt=\"\" width=\"300\" height=\"200\" border=\"0\" \/><\/a><\/td>\n<\/tr>\n<\/tbody>\n<\/table>\n","protected":false},"excerpt":{"rendered":"<p>Texworld Apparel Sourcing Paris se prepara para recibir, del 2 al 4 de febrero de 2026 en los pabellones de Paris-Le Bourget, a m\u00e1s de 1.300 proveedores internacionales en una edici\u00f3n que se reafirma como uno de los encuentros m\u00e1s influyentes para la industria textil y de la confecci\u00f3n. Considerada un aut\u00e9ntico term\u00f3metro del sector, [&hellip;]<\/p>\n","protected":false},"author":1924,"featured_media":0,"comment_status":"closed","ping_status":"closed","sticky":false,"template":"","format":"standard","meta":{"footnotes":""},"categories":[50],"tags":[],"class_list":["post-19512","post","type-post","status-publish","format-standard","hentry","category-ferias-proximas","count-0","even alt","author-adminct","last"],"_links":{"self":[{"href":"https:\/\/comunidadtextil.com\/wpnews\/wp-json\/wp\/v2\/posts\/19512","targetHints":{"allow":["GET"]}}],"collection":[{"href":"https:\/\/comunidadtextil.com\/wpnews\/wp-json\/wp\/v2\/posts"}],"about":[{"href":"https:\/\/comunidadtextil.com\/wpnews\/wp-json\/wp\/v2\/types\/post"}],"author":[{"embeddable":true,"href":"https:\/\/comunidadtextil.com\/wpnews\/wp-json\/wp\/v2\/users\/1924"}],"replies":[{"embeddable":true,"href":"https:\/\/comunidadtextil.com\/wpnews\/wp-json\/wp\/v2\/comments?post=19512"}],"version-history":[{"count":5,"href":"https:\/\/comunidadtextil.com\/wpnews\/wp-json\/wp\/v2\/posts\/19512\/revisions"}],"predecessor-version":[{"id":19517,"href":"https:\/\/comunidadtextil.com\/wpnews\/wp-json\/wp\/v2\/posts\/19512\/revisions\/19517"}],"wp:attachment":[{"href":"https:\/\/comunidadtextil.com\/wpnews\/wp-json\/wp\/v2\/media?parent=19512"}],"wp:term":[{"taxonomy":"category","embeddable":true,"href":"https:\/\/comunidadtextil.com\/wpnews\/wp-json\/wp\/v2\/categories?post=19512"},{"taxonomy":"post_tag","embeddable":true,"href":"https:\/\/comunidadtextil.com\/wpnews\/wp-json\/wp\/v2\/tags?post=19512"}],"curies":[{"name":"wp","href":"https:\/\/api.w.org\/{rel}","templated":true}]}}