{"id":1945,"date":"2015-10-06T09:59:19","date_gmt":"2015-10-06T12:59:19","guid":{"rendered":"http:\/\/www.comunidadtextil.com\/wpnews\/?p=1945"},"modified":"2016-12-21T18:06:29","modified_gmt":"2016-12-21T21:06:29","slug":"daniel-scioli-desarrollar-el-mercado-interno","status":"publish","type":"post","link":"https:\/\/comunidadtextil.com\/wpnews\/2015\/10\/daniel-scioli-desarrollar-el-mercado-interno\/","title":{"rendered":"DANIEL SCIOLI: Desarrollar el mercado interno"},"content":{"rendered":"<div id=\"attachment_1956\" style=\"width: 250px\" class=\"wp-caption alignleft\"><a href=\"http:\/\/www.comunidadtextil.com\/wpnews\/wp-content\/uploads\/2015\/10\/Daniel-Scioli-durante-el-discurso-que-dio-en-Pro-Textil-2015-expresando-su-compromiso-hacia-el-sector-textil.jpg\"><img loading=\"lazy\" decoding=\"async\" aria-describedby=\"caption-attachment-1956\" class=\" wp-image-1956\" src=\"http:\/\/www.comunidadtextil.com\/wpnews\/wp-content\/uploads\/2015\/10\/Daniel-Scioli-durante-el-discurso-que-dio-en-Pro-Textil-2015-expresando-su-compromiso-hacia-el-sector-textil-300x200.jpg\" alt=\"Daniel Scioli durante el discurso que dio en Pro Textil 2015, expresando su compromiso hacia el sector textil\" width=\"240\" height=\"160\" srcset=\"https:\/\/comunidadtextil.com\/wpnews\/wp-content\/uploads\/2015\/10\/Daniel-Scioli-durante-el-discurso-que-dio-en-Pro-Textil-2015-expresando-su-compromiso-hacia-el-sector-textil-300x200.jpg 300w, https:\/\/comunidadtextil.com\/wpnews\/wp-content\/uploads\/2015\/10\/Daniel-Scioli-durante-el-discurso-que-dio-en-Pro-Textil-2015-expresando-su-compromiso-hacia-el-sector-textil-1024x682.jpg 1024w, https:\/\/comunidadtextil.com\/wpnews\/wp-content\/uploads\/2015\/10\/Daniel-Scioli-durante-el-discurso-que-dio-en-Pro-Textil-2015-expresando-su-compromiso-hacia-el-sector-textil-150x100.jpg 150w, https:\/\/comunidadtextil.com\/wpnews\/wp-content\/uploads\/2015\/10\/Daniel-Scioli-durante-el-discurso-que-dio-en-Pro-Textil-2015-expresando-su-compromiso-hacia-el-sector-textil.jpg 1200w\" sizes=\"auto, (max-width: 240px) 100vw, 240px\" \/><\/a><p id=\"caption-attachment-1956\" class=\"wp-caption-text\">Daniel Scioli durante el discurso que dio en Pro Textil 2015, expresando su compromiso hacia el sector textil<\/p><\/div>\n<p>El gobernador de la Provincia de Buenos Aires y candidato presidencial por el Frente para la Victoria (FpV), Daniel Scioli, se comprometi\u00f3 -en un eventual gobierno- a \u00abdesarrollar al m\u00e1ximo el mercado interno\u00bb, mientras destac\u00f3 la recuperaci\u00f3n de la industria en los \u00faltimos a\u00f1os. \u00abGarantizo que vamos a dinamizar cada vez m\u00e1s el mercado interno en un contexto de incertidumbre global\u00bb, asegur\u00f3.<\/p>\n<p>Scioli destac\u00f3 el proceso de \u00abreindustrializaci\u00f3n\u00bb del pa\u00eds durante los \u00faltimos doce a\u00f1os y propuso \u00abno s\u00f3lo mejorar el empleo, sino tambi\u00e9n formalizarlo\u201d. Enfatiz\u00f3 que \u201cla industria resurgi\u00f3 en los \u00faltimos a\u00f1os\u00bb al tiempo que propuso \u00abconquistar nuevos mercados y construir una nueva actividad textil, que sea m\u00e1s pujante, que sea un orgullo para la Argentina\u00bb.<\/p>\n<p>En ese sentido, puntualiz\u00f3 que \u00abest\u00e1n todas las condiciones dadas\u00bb para que ello ocurra. \u00abQuiero darles tranquilidad y aliento\u00bb, resalt\u00f3 y afirm\u00f3: \u00abVamos a ir a votar una tasa baja de desocupaci\u00f3n\u00bb.<\/p>\n<p>Al referirse particularmente a los empresarios textiles, consider\u00f3 que el pa\u00eds \u00abnecesita expandir el sector e integrar m\u00e1s la cadena de valor\u00bb. Mas adelante el gobernador dijo: \u00abvamos a trabajar juntos por el bien del trabajo\u00bb, y prometi\u00f3 que dar\u00e1 \u00abherramientas\u00bb para que eso se pueda llevar a cabo luego de lograr una recuperaci\u00f3n durante los \u00faltimos a\u00f1os.<\/p>\n<p>Tambi\u00e9n analiz\u00f3 que \u00absiempre hay cosas para cuidar, corregir y cambiar, como ocurre en una familia o en una empresa\u00bb. Sin embargo, subray\u00f3 que hubo un \u00abavance\u00bb y ejemplific\u00f3: \u00abUstedes, el sector textil, son un fiel reflejo de una pol\u00edtica de reindustrializaci\u00f3n\u00bb.<\/p>\n<p>Daniel Scioli asegur\u00f3 que ese proceso \u00abno vino para quedarse en las palabras, sino desde los avances logrados durante este tiempo\u00bb.<br \/>\n&nbsp;<\/p>\n<hr \/>\n<p>Para comunicarse con Comunidad Textil: <a href=\"mailto:contacto@comunidadtextil.com\">contacto@comunidadtextil.com<\/a><\/p>\n<table border=\"0\" width=\"481\">\n<tbody>\n<tr>\n<td width=\"300\"><a href=\"http:\/\/www.calzado-online.com\/graff\/\"><img loading=\"lazy\" decoding=\"async\" src=\"\/publicidad\/banner-cajas-bolsas.jpg\" width=\"300\" height=\"200\" \/><\/a><\/td>\n<td width=\"300\"><a href=\"http:\/\/www.marketingdemoda.net\/\"><img loading=\"lazy\" decoding=\"async\" src=\"\/publicidad\/banner-mm-marketing.jpg\" alt=\"\" width=\"300\" height=\"200\" \/><\/a><\/td>\n<\/tr>\n<\/tbody>\n<\/table>\n","protected":false},"excerpt":{"rendered":"<p>El gobernador de la Provincia de Buenos Aires y candidato presidencial por el Frente para la Victoria (FpV), Daniel Scioli, se comprometi\u00f3 -en un eventual gobierno- a \u00abdesarrollar al m\u00e1ximo el mercado interno\u00bb, mientras destac\u00f3 la recuperaci\u00f3n de la industria en los \u00faltimos a\u00f1os. \u00abGarantizo que vamos a dinamizar cada vez m\u00e1s el mercado interno [&hellip;]<\/p>\n","protected":false},"author":1924,"featured_media":0,"comment_status":"closed","ping_status":"open","sticky":false,"template":"","format":"standard","meta":{"footnotes":""},"categories":[8,72,58],"tags":[],"class_list":["post-1945","post","type-post","status-publish","format-standard","hentry","category-argentina","category-conferencias","category-noticias-de-america-latina","count-0","even alt","author-adminct","last"],"_links":{"self":[{"href":"https:\/\/comunidadtextil.com\/wpnews\/wp-json\/wp\/v2\/posts\/1945","targetHints":{"allow":["GET"]}}],"collection":[{"href":"https:\/\/comunidadtextil.com\/wpnews\/wp-json\/wp\/v2\/posts"}],"about":[{"href":"https:\/\/comunidadtextil.com\/wpnews\/wp-json\/wp\/v2\/types\/post"}],"author":[{"embeddable":true,"href":"https:\/\/comunidadtextil.com\/wpnews\/wp-json\/wp\/v2\/users\/1924"}],"replies":[{"embeddable":true,"href":"https:\/\/comunidadtextil.com\/wpnews\/wp-json\/wp\/v2\/comments?post=1945"}],"version-history":[{"count":2,"href":"https:\/\/comunidadtextil.com\/wpnews\/wp-json\/wp\/v2\/posts\/1945\/revisions"}],"predecessor-version":[{"id":1974,"href":"https:\/\/comunidadtextil.com\/wpnews\/wp-json\/wp\/v2\/posts\/1945\/revisions\/1974"}],"wp:attachment":[{"href":"https:\/\/comunidadtextil.com\/wpnews\/wp-json\/wp\/v2\/media?parent=1945"}],"wp:term":[{"taxonomy":"category","embeddable":true,"href":"https:\/\/comunidadtextil.com\/wpnews\/wp-json\/wp\/v2\/categories?post=1945"},{"taxonomy":"post_tag","embeddable":true,"href":"https:\/\/comunidadtextil.com\/wpnews\/wp-json\/wp\/v2\/tags?post=1945"}],"curies":[{"name":"wp","href":"https:\/\/api.w.org\/{rel}","templated":true}]}}