{"id":1941,"date":"2015-10-06T09:58:21","date_gmt":"2015-10-06T12:58:21","guid":{"rendered":"http:\/\/www.comunidadtextil.com\/wpnews\/?p=1941"},"modified":"2016-12-21T18:06:29","modified_gmt":"2016-12-21T21:06:29","slug":"silvina-batakis-marco-lavagna-y-francisco-cabrera-los-referentes-economicos-de-los-candidatos-presidenciales-debatieron","status":"publish","type":"post","link":"https:\/\/comunidadtextil.com\/wpnews\/2015\/10\/silvina-batakis-marco-lavagna-y-francisco-cabrera-los-referentes-economicos-de-los-candidatos-presidenciales-debatieron\/","title":{"rendered":"Silvina Batakis, Marco Lavagna y Francisco Cabrera: Los referentes econ\u00f3micos de los candidatos presidenciales debatieron"},"content":{"rendered":"<p>Los principales referentes en materia econ\u00f3mica de los candidatos presidenciales debatieron sobre diversos temas de actualidad, e intentaron marcar cu\u00e1les son las diferentes posiciones de sus corrientes de pensamiento.<\/p>\n<div id=\"attachment_1961\" style=\"width: 290px\" class=\"wp-caption alignleft\"><a href=\"http:\/\/www.comunidadtextil.com\/wpnews\/wp-content\/uploads\/2015\/10\/Referentes-econ\u00f3micos-de-los-candidatos-debatieron-la-pol\u00edtica-industrial.jpg\"><img loading=\"lazy\" decoding=\"async\" aria-describedby=\"caption-attachment-1961\" class=\" wp-image-1961\" src=\"http:\/\/www.comunidadtextil.com\/wpnews\/wp-content\/uploads\/2015\/10\/Referentes-econ\u00f3micos-de-los-candidatos-debatieron-la-pol\u00edtica-industrial-300x196.jpg\" alt=\"Referentes econ\u00f3micos de los candidatos debatieron la pol\u00edtica industrial\" width=\"280\" height=\"183\" srcset=\"https:\/\/comunidadtextil.com\/wpnews\/wp-content\/uploads\/2015\/10\/Referentes-econ\u00f3micos-de-los-candidatos-debatieron-la-pol\u00edtica-industrial-300x196.jpg 300w, https:\/\/comunidadtextil.com\/wpnews\/wp-content\/uploads\/2015\/10\/Referentes-econ\u00f3micos-de-los-candidatos-debatieron-la-pol\u00edtica-industrial-1024x670.jpg 1024w, https:\/\/comunidadtextil.com\/wpnews\/wp-content\/uploads\/2015\/10\/Referentes-econ\u00f3micos-de-los-candidatos-debatieron-la-pol\u00edtica-industrial-150x98.jpg 150w, https:\/\/comunidadtextil.com\/wpnews\/wp-content\/uploads\/2015\/10\/Referentes-econ\u00f3micos-de-los-candidatos-debatieron-la-pol\u00edtica-industrial.jpg 1176w\" sizes=\"auto, (max-width: 280px) 100vw, 280px\" \/><\/a><p id=\"caption-attachment-1961\" class=\"wp-caption-text\">Referentes econ\u00f3micos de los candidatos debatieron la pol\u00edtica industrial<\/p><\/div>\n<p>El tipo de cambio, la presi\u00f3n impositiva, el rol del Estado y la administraci\u00f3n del comercio fueron los ejes que eligieron debatir los economistas Silvina Batakis, del equipo de Daniel Scioli; Marco Lavagna, referente de Sergio Massa y Francisco Cabrera, de Mauricio Macri.<\/p>\n<p>Cuando Lavagna critic\u00f3 la presi\u00f3n impositiva y dijo que Massa en caso de ser presidente ir\u00eda eliminando gradualmente \u201cimpuestos distorsivos\u201d, Batakis le respondi\u00f3 que \u201cla presi\u00f3n impositiva se mide en t\u00e9rminos de producto bruto, por eso existe cierta inconsistencia en la propuesta de crecer y bajar la carga tributaria. Nuestras propuestas tributarias ser\u00e1n pro productivas, debe haber una reorganizaci\u00f3n de los tributos\u201d, dijo.<\/p>\n<p>Batakis, ministra de Econom\u00eda de la provincia de Buenos Aires y referente en materia econ\u00f3mica del Frente para la Victoria, destac\u00f3 que en estos doce a\u00f1os la industria textil creci\u00f3 156%, y subray\u00f3 \u201cla competitividad que tiene la industria textil nacional\u201d.<\/p>\n<p>Sostuvo que \u201cel d\u00f3lar no puede ser la \u00fanica variable de competitividad que tenga el sector. Necesitamos seguir fomentando la coordinaci\u00f3n, que la textil sea una industria relevante para la Argentina\u201d, se\u00f1al\u00f3.<\/p>\n<p>\u201cHay que dar se\u00f1ales de mediano y largo plazo, porque desde 1940 hasta ahora tuvo 48 devaluaciones superiores al 20 % en cada caso. Necesitamos equilibrar la participaci\u00f3n de los eslabones en los distintos puntos de la cadena. Siempre pensando en el peque\u00f1o y mediano empresario. Se necesitan herramientas de financiamiento y accesibilidad, y coordinar entre todos los actores y construir sobre este 156% de crecimiento\u201d, se\u00f1al\u00f3.<\/p>\n<p>Silvina Batakis destac\u00f3 que \u201cen el 2007 la provincia generaba el 47% del valor agregado, y ahora el 60%. Eso se logr\u00f3 en ocho a\u00f1os y fue importante\u201d, y cuando se le consult\u00f3 sobre cu\u00e1l deber\u00eda ser el tipo de cambio, aclar\u00f3: \u201cAstrolog\u00eda por ahora no hago\u201d.<\/p>\n<p>Consider\u00f3 que \u201cel Estado debe ser un emprendedor tambi\u00e9n, y un socio del sector privado, con est\u00edmulos para generar grandes tecnolog\u00edas\u201d y prometi\u00f3: \u201cVamos a proteger el sector textil, para que la competencia que venga del exterior sea sana, teniendo en cuenta que hay pa\u00edses como Vietnam que pagan salarios de 120 d\u00f3lares\u201d, advirti\u00f3.<\/p>\n<p>\u201cCuando tenemos demanda tambi\u00e9n generamos mercado y mayor inversi\u00f3n para hacer una redistribuci\u00f3n y fomentar la industria nacional\u201d.<\/p>\n<p>\u201cEn Ganancias hay que ver la reinversi\u00f3n de utilidades y una presi\u00f3n tributaria que no sea regresiva. Eliminar impuestos a nivel nacional implica achicar las cajas\u201d, se\u00f1al\u00f3.<\/p>\n<p>En tanto, Lavagna sostuvo que \u201cla Argentina necesita mayor valor agregado y un mercado interno lo suficientemente importante para permitir un esquema de mayor mano de obra\u201d.<\/p>\n<p>\u201cLos principales problemas no son producto de los vaivenes internacionales sino de desequilibrios que se fueron acumulando, con la inflaci\u00f3n como eje central\u201d, dijo Lavagna.<\/p>\n<p>Se\u00f1al\u00f3 que \u201cesto hace que los distintos sectores les cueste cada vez m\u00e1s la competitividad. Hay que empezar a normalizar la econom\u00eda interna, porque sin macroeconom\u00eda estable todas las medidas se quedar\u00e1n a mitad de camino, y no vamos a poder lograr el desarrollo\u201d.<\/p>\n<p>Dijo que el tipo de cambio \u201ces una variable importante pero la competitividad va m\u00e1s all\u00e1, se relaciona con la calidad institucional, de los tr\u00e1mite para hacer una exportaci\u00f3n, los servicios p\u00fablicos, los tr\u00e1mites contables, y Argentina viene retrocediendo y eso juega en contra del desarrollo\u201d.<\/p>\n<p>\u201cLa presi\u00f3n impositiva es muy elevada y no se traduce en mejores servicios p\u00fablicos. El otro punto es el sector financiero que es s\u00f3lido, est\u00e1 l\u00edquido, pero tienen muy poca penetraci\u00f3n en el sistema productivo, y un sector laboral que es altamente productivo por un lado y por otro no\u201d, se\u00f1al\u00f3.<\/p>\n<p>Lavagna dijo que \u201chay que eliminar el cepo, porque tenemos cinco tipos de cambio, tenemos que tener un mercado \u00fanico con alguna administraci\u00f3n por parte del BCRA, no hay que tomarla aisladamente, lo que nos termina pasando es lo de enero de 2014, cuando la devaluaci\u00f3n se fue a precios\u201d.<\/p>\n<p>\u201cO hacemos entrar US$ 20.000 millones el d\u00eda uno, o devaluamos, nosotros estamos proponiendo eliminar el cepo en 100 d\u00edas, para atacar cuestiones de \u00edndole institucional\u201d, indic\u00f3.<\/p>\n<p>Por su parte, Cabrera, ministro de Desarrollo Econ\u00f3mico de la Ciudad de Buenos Aires, dijo que la Argentina \u201cse destaca en temas que tienen que ver con el dise\u00f1o y la exportaci\u00f3n. Lo que tienen que ver con la alta calidad tenemos la experiencia\u201d.<\/p>\n<p>\u201cHay que seguir promocionando, en t\u00e9rminos de algunas medidas que haya que tomar, hace falta promover el instituto de tecnolog\u00eda, generando mejores productos, y hacen falta mejoras para obtener esa calidad, que en el sector textil hay un grupo empresarial muy poderoso y con gran conocimiento del sector\u201d, indic\u00f3.<\/p>\n<p>\u201cEl tipo de cambio est\u00e1 atrasado, no se sabe cu\u00e1l es porque algunos est\u00e1n en 12 otros en 14, otros en 16, hay que ir a un levantamiento r\u00e1pido del tipo de cambio y que el mercado lo crea, parar la inflaci\u00f3n, dar confianza\u201d, indic\u00f3.<\/p>\n<p>Cabrera dijo que \u201chay que proteger el empleo argentino y que crezca la calidad del empleo\u201d.<\/p>\n<p>Le dijo a los empresarios que Macri \u201ces un industrial, nunca fue aperturista, y a nosotros nos ha tocada la chance de manejar, tenemos 240 empresas en el polo tecnol\u00f3gico\u201d.<\/p>\n<p>Advirti\u00f3 que \u201chay una carga fiscal excesiva, los empresarios necesitan crecer, necesitan reglas de juego estable, sacar los impuestos inflacionarios\u201d.<\/p>\n<p>Prometi\u00f3 que Macri \u201cbajar\u00e1 los impuestos al trabajo para el empleo joven, los primeros 60 aportes y contribuciones que sean cero, plan para la industria textil, la confecci\u00f3n necesita de la parte m\u00e1s d\u00e9bil, el sector necesita crecer y generar empleo\u201d.<\/p>\n<p>\u201cPara el empleo en negro necesitamos \u2013entre otras cosas- un parque industrial para talleres de confecci\u00f3n, un rol expl\u00edcito del Estado. Nos lo hemos puesto como objetivo en la mejora de la calidad laboral. Es una de las soluciones\u201d, se\u00f1al\u00f3.<br \/>\n&nbsp;<\/p>\n<hr \/>\n<p>Para comunicarse con Comunidad Textil: <a href=\"mailto:contacto@comunidadtextil.com\">contacto@comunidadtextil.com<\/a><\/p>\n<table border=\"0\" width=\"481\">\n<tbody>\n<tr>\n<td width=\"171\"><a href=\"http:\/\/www.calzado-online.com\/graff\/\" target=\"_blank\"><img loading=\"lazy\" decoding=\"async\" src=\"http:\/\/comunidadtextil.com\/publicidad\/banner-cajas-bolsas.jpg\" alt=\"\" width=\"300\" height=\"200\" border=\"0\" \/><\/a><\/td>\n<td width=\"300\"><a href=\"http:\/\/www.buscarclientes.com\/landing\/camkapmetal\"><img loading=\"lazy\" decoding=\"async\" src=\"\/publicidad\/banner-kapmetal.jpg\" alt=\"\" width=\"300\" height=\"200\" \/><\/a><\/td>\n<\/tr>\n<\/tbody>\n<\/table>\n","protected":false},"excerpt":{"rendered":"<p>Los principales referentes en materia econ\u00f3mica de los candidatos presidenciales debatieron sobre diversos temas de actualidad, e intentaron marcar cu\u00e1les son las diferentes posiciones de sus corrientes de pensamiento. El tipo de cambio, la presi\u00f3n impositiva, el rol del Estado y la administraci\u00f3n del comercio fueron los ejes que eligieron debatir los economistas Silvina Batakis, [&hellip;]<\/p>\n","protected":false},"author":1924,"featured_media":0,"comment_status":"closed","ping_status":"open","sticky":false,"template":"","format":"standard","meta":{"footnotes":""},"categories":[8,72,58],"tags":[],"class_list":["post-1941","post","type-post","status-publish","format-standard","hentry","category-argentina","category-conferencias","category-noticias-de-america-latina","count-0","even alt","author-adminct","last"],"_links":{"self":[{"href":"https:\/\/comunidadtextil.com\/wpnews\/wp-json\/wp\/v2\/posts\/1941","targetHints":{"allow":["GET"]}}],"collection":[{"href":"https:\/\/comunidadtextil.com\/wpnews\/wp-json\/wp\/v2\/posts"}],"about":[{"href":"https:\/\/comunidadtextil.com\/wpnews\/wp-json\/wp\/v2\/types\/post"}],"author":[{"embeddable":true,"href":"https:\/\/comunidadtextil.com\/wpnews\/wp-json\/wp\/v2\/users\/1924"}],"replies":[{"embeddable":true,"href":"https:\/\/comunidadtextil.com\/wpnews\/wp-json\/wp\/v2\/comments?post=1941"}],"version-history":[{"count":3,"href":"https:\/\/comunidadtextil.com\/wpnews\/wp-json\/wp\/v2\/posts\/1941\/revisions"}],"predecessor-version":[{"id":1969,"href":"https:\/\/comunidadtextil.com\/wpnews\/wp-json\/wp\/v2\/posts\/1941\/revisions\/1969"}],"wp:attachment":[{"href":"https:\/\/comunidadtextil.com\/wpnews\/wp-json\/wp\/v2\/media?parent=1941"}],"wp:term":[{"taxonomy":"category","embeddable":true,"href":"https:\/\/comunidadtextil.com\/wpnews\/wp-json\/wp\/v2\/categories?post=1941"},{"taxonomy":"post_tag","embeddable":true,"href":"https:\/\/comunidadtextil.com\/wpnews\/wp-json\/wp\/v2\/tags?post=1941"}],"curies":[{"name":"wp","href":"https:\/\/api.w.org\/{rel}","templated":true}]}}