{"id":1937,"date":"2015-10-06T09:55:59","date_gmt":"2015-10-06T12:55:59","guid":{"rendered":"http:\/\/www.comunidadtextil.com\/wpnews\/?p=1937"},"modified":"2016-12-21T18:06:45","modified_gmt":"2016-12-21T21:06:45","slug":"protextil-fue-la-gran-caja-de-resonancia-de-los-exitos-y-la-potencialidad-del-sector","status":"publish","type":"post","link":"https:\/\/comunidadtextil.com\/wpnews\/2015\/10\/protextil-fue-la-gran-caja-de-resonancia-de-los-exitos-y-la-potencialidad-del-sector\/","title":{"rendered":"PROTEXTIL fue la gran caja de resonancia de los \u00e9xitos y la potencialidad del sector"},"content":{"rendered":"<div id=\"attachment_1962\" style=\"width: 258px\" class=\"wp-caption alignright\"><a href=\"http:\/\/www.comunidadtextil.com\/wpnews\/wp-content\/uploads\/2015\/10\/Jorge-Sorabilla-Daniel-Scioli-y-Ricardo-Echegaray-durante-la-inauguraci\u00f3n-de-la-Pro-Textil-2015.jpg\"><img loading=\"lazy\" decoding=\"async\" aria-describedby=\"caption-attachment-1962\" class=\" wp-image-1962\" src=\"http:\/\/www.comunidadtextil.com\/wpnews\/wp-content\/uploads\/2015\/10\/Jorge-Sorabilla-Daniel-Scioli-y-Ricardo-Echegaray-durante-la-inauguraci\u00f3n-de-la-Pro-Textil-2015-300x156.jpg\" alt=\"Jorge Sorabilla, Daniel Scioli y Ricardo Echegaray durante la inauguraci\u00f3n de la Pro Textil 2015\" width=\"248\" height=\"129\" srcset=\"https:\/\/comunidadtextil.com\/wpnews\/wp-content\/uploads\/2015\/10\/Jorge-Sorabilla-Daniel-Scioli-y-Ricardo-Echegaray-durante-la-inauguraci\u00f3n-de-la-Pro-Textil-2015-300x156.jpg 300w, https:\/\/comunidadtextil.com\/wpnews\/wp-content\/uploads\/2015\/10\/Jorge-Sorabilla-Daniel-Scioli-y-Ricardo-Echegaray-durante-la-inauguraci\u00f3n-de-la-Pro-Textil-2015-1024x534.jpg 1024w, https:\/\/comunidadtextil.com\/wpnews\/wp-content\/uploads\/2015\/10\/Jorge-Sorabilla-Daniel-Scioli-y-Ricardo-Echegaray-durante-la-inauguraci\u00f3n-de-la-Pro-Textil-2015-150x78.jpg 150w, https:\/\/comunidadtextil.com\/wpnews\/wp-content\/uploads\/2015\/10\/Jorge-Sorabilla-Daniel-Scioli-y-Ricardo-Echegaray-durante-la-inauguraci\u00f3n-de-la-Pro-Textil-2015.jpg 1229w\" sizes=\"auto, (max-width: 248px) 100vw, 248px\" \/><\/a><p id=\"caption-attachment-1962\" class=\"wp-caption-text\">Jorge Sorabilla, Daniel Scioli y Ricardo Echegaray durante la inauguraci\u00f3n de la Pro Textil 2015<\/p><\/div>\n<p>Como desde hace once a\u00f1os, la Fundaci\u00f3n proteger realiz\u00f3 PROTEXTIL, su Convenci\u00f3n de la Agroindustria Textil y de la Indumentaria de Argentina. La conferencia tuvo lugar el 24 de septiembre en un hotel de la ciudad de Buenos Aires y concentr\u00f3 la atenci\u00f3n de m\u00e1s de 1500 empresarios y profesionales de Argentina.<\/p>\n<p>El sector plante\u00f3 importantes definiciones sobre su situaci\u00f3n actual y las perspectivas, teniendo este a\u00f1o la conferencia una fuerte impronta vinculada a las elecciones presidenciales de este a\u00f1o.<\/p>\n<p>Durante el transcurso de la tarde que ocup\u00f3 PROTEXTIL se sucedieron un informe econ\u00f3mico brindado por el director ejecutivo de la Fundaci\u00f3n proteger, Ariel Schale y Julieta Loustau, ambos economistas.<\/p>\n<div id=\"attachment_1955\" style=\"width: 271px\" class=\"wp-caption alignleft\"><a href=\"http:\/\/www.comunidadtextil.com\/wpnews\/wp-content\/uploads\/2015\/10\/Daniel-Scioli-durante-el-discurso-que-dio-en-Pro-Textil-2015-expresando-su-compromiso-hacia-el-sector-textil-2.jpg\"><img loading=\"lazy\" decoding=\"async\" aria-describedby=\"caption-attachment-1955\" class=\" wp-image-1955\" src=\"http:\/\/www.comunidadtextil.com\/wpnews\/wp-content\/uploads\/2015\/10\/Daniel-Scioli-durante-el-discurso-que-dio-en-Pro-Textil-2015-expresando-su-compromiso-hacia-el-sector-textil-2-300x193.jpg\" alt=\"Daniel Scioli durante el discurso que dio en Pro Textil 2015, expresando su compromiso hacia el sector textil\" width=\"261\" height=\"168\" srcset=\"https:\/\/comunidadtextil.com\/wpnews\/wp-content\/uploads\/2015\/10\/Daniel-Scioli-durante-el-discurso-que-dio-en-Pro-Textil-2015-expresando-su-compromiso-hacia-el-sector-textil-2-300x193.jpg 300w, https:\/\/comunidadtextil.com\/wpnews\/wp-content\/uploads\/2015\/10\/Daniel-Scioli-durante-el-discurso-que-dio-en-Pro-Textil-2015-expresando-su-compromiso-hacia-el-sector-textil-2-1024x659.jpg 1024w, https:\/\/comunidadtextil.com\/wpnews\/wp-content\/uploads\/2015\/10\/Daniel-Scioli-durante-el-discurso-que-dio-en-Pro-Textil-2015-expresando-su-compromiso-hacia-el-sector-textil-2-150x96.jpg 150w, https:\/\/comunidadtextil.com\/wpnews\/wp-content\/uploads\/2015\/10\/Daniel-Scioli-durante-el-discurso-que-dio-en-Pro-Textil-2015-expresando-su-compromiso-hacia-el-sector-textil-2.jpg 1188w\" sizes=\"auto, (max-width: 261px) 100vw, 261px\" \/><\/a><p id=\"caption-attachment-1955\" class=\"wp-caption-text\">Daniel Scioli durante el discurso que dio en Pro Textil 2015, expresando su compromiso hacia el sector textil<\/p><\/div>\n<p>Luego un debate entre los asesores econ\u00f3micos de los en ese momento tres candidatos presidenciales argentinos mejor ubicados en las elecciones internas realizadas en agosto.<\/p>\n<p>Luego habl\u00f3 uno de los candidatos, Daniel Scioli, y uno de sus asesores m\u00e1s directos en materia econ\u00f3mica. A posteriori habl\u00f3 un analista de opini\u00f3n p\u00fablica se refiri\u00f3 a las \u00faltimas encuestas electorales y finalmente el empresario Jorge Sorabilla, Presidente de la Fundaci\u00f3n proteger dijo sus palabras, dando as\u00ed cierre al evento.<\/p>\n<p>Dada la importancia de la informaci\u00f3n y las opiniones vertidas en el foro, damos a continuaci\u00f3n una s\u00edntesis de las mismas:<\/p>\n<p><a title=\"Fundaci\u00f3n PROTEJER: Informe econ\u00f3mico\" href=\"http:\/\/www.comunidadtextil.com\/wpnews\/2015\/10\/fundacion-protejer-informe-economico\/\">1. Informe econ\u00f3mico de la Fundaci\u00f3n ProTejer<\/a><br \/>\n<a title=\"Silvina Batakis, Marco Lavagna y Francisco Cabrera: Los referentes econ\u00f3micos de los candidatos presidenciales debatieron\" href=\"http:\/\/www.comunidadtextil.com\/wpnews\/2015\/10\/silvina-batakis-marco-lavagna-y-francisco-cabrera-los-referentes-economicos-de-los-candidatos-presidenciales-debatieron\/\">2. Debate de los asesores econ\u00f3micos de los candidatos<\/a><br \/>\n<a title=\"MIGUEL PEIRANO: \u201cVamos a trabajar en todos los incentivos financieros para la industria\u201d\" href=\"http:\/\/www.comunidadtextil.com\/wpnews\/2015\/10\/miguel-peirano-vamos-a-trabajar-en-todos-los-incentivos-financieros-para-la-industria\/\">3. Miguel Peirano, asesor econ\u00f3mico de Daniel Scioli<\/a><br \/>\n<a title=\"DANIEL SCIOLI: Desarrollar el mercado interno\" href=\"http:\/\/www.comunidadtextil.com\/wpnews\/2015\/10\/daniel-scioli-desarrollar-el-mercado-interno\/\">4. Daniel Scioli, candidato presidencial<\/a><br \/>\n<a title=\"JORGE SORABILLA: \u201cUna cadena de valor estrat\u00e9gica\u201d\" href=\"http:\/\/www.comunidadtextil.com\/wpnews\/2015\/10\/jorge-sorabilla-una-cadena-de-valor-estrategica\/\">5. Jorge Sorabilla, presidente de La Fundaci\u00f3n ProTejer<\/a><br \/>\n&nbsp;<\/p>\n<hr \/>\n<p>Para comunicarse con Comunidad Textil: <a href=\"mailto:contacto@comunidadtextil.com\">contacto@comunidadtextil.com<\/a><\/p>\n<table border=\"0\" width=\"481\">\n<tbody>\n<tr>\n<td width=\"171\"><a href=\"http:\/\/www.pedidosmayoristas.com\/novotex\/\" target=\"_blank\"><img loading=\"lazy\" decoding=\"async\" src=\"http:\/\/cueroamerica.info\/sponsors\/banner-novotex.jpg\" alt=\"\" width=\"300\" height=\"200\" border=\"0\" \/><\/a><\/td>\n<td width=\"300\"><a href=\"http:\/\/www.buscarclientes.com\/landing\/camkapmetal\"><img loading=\"lazy\" decoding=\"async\" src=\"\/publicidad\/banner-kapmetal.jpg\" alt=\"\" width=\"300\" height=\"200\" \/><\/a><\/td>\n<\/tr>\n<\/tbody>\n<\/table>\n","protected":false},"excerpt":{"rendered":"<p>Como desde hace once a\u00f1os, la Fundaci\u00f3n proteger realiz\u00f3 PROTEXTIL, su Convenci\u00f3n de la Agroindustria Textil y de la Indumentaria de Argentina. La conferencia tuvo lugar el 24 de septiembre en un hotel de la ciudad de Buenos Aires y concentr\u00f3 la atenci\u00f3n de m\u00e1s de 1500 empresarios y profesionales de Argentina. El sector plante\u00f3 [&hellip;]<\/p>\n","protected":false},"author":1924,"featured_media":0,"comment_status":"closed","ping_status":"open","sticky":false,"template":"","format":"standard","meta":{"footnotes":""},"categories":[8,72,58],"tags":[],"class_list":["post-1937","post","type-post","status-publish","format-standard","hentry","category-argentina","category-conferencias","category-noticias-de-america-latina","count-0","even alt","author-adminct","last"],"_links":{"self":[{"href":"https:\/\/comunidadtextil.com\/wpnews\/wp-json\/wp\/v2\/posts\/1937","targetHints":{"allow":["GET"]}}],"collection":[{"href":"https:\/\/comunidadtextil.com\/wpnews\/wp-json\/wp\/v2\/posts"}],"about":[{"href":"https:\/\/comunidadtextil.com\/wpnews\/wp-json\/wp\/v2\/types\/post"}],"author":[{"embeddable":true,"href":"https:\/\/comunidadtextil.com\/wpnews\/wp-json\/wp\/v2\/users\/1924"}],"replies":[{"embeddable":true,"href":"https:\/\/comunidadtextil.com\/wpnews\/wp-json\/wp\/v2\/comments?post=1937"}],"version-history":[{"count":13,"href":"https:\/\/comunidadtextil.com\/wpnews\/wp-json\/wp\/v2\/posts\/1937\/revisions"}],"predecessor-version":[{"id":1980,"href":"https:\/\/comunidadtextil.com\/wpnews\/wp-json\/wp\/v2\/posts\/1937\/revisions\/1980"}],"wp:attachment":[{"href":"https:\/\/comunidadtextil.com\/wpnews\/wp-json\/wp\/v2\/media?parent=1937"}],"wp:term":[{"taxonomy":"category","embeddable":true,"href":"https:\/\/comunidadtextil.com\/wpnews\/wp-json\/wp\/v2\/categories?post=1937"},{"taxonomy":"post_tag","embeddable":true,"href":"https:\/\/comunidadtextil.com\/wpnews\/wp-json\/wp\/v2\/tags?post=1937"}],"curies":[{"name":"wp","href":"https:\/\/api.w.org\/{rel}","templated":true}]}}