{"id":19323,"date":"2025-10-30T13:24:15","date_gmt":"2025-10-30T16:24:15","guid":{"rendered":"https:\/\/comunidadtextil.com\/wpnews\/?p=19323"},"modified":"2025-10-30T13:24:15","modified_gmt":"2025-10-30T16:24:15","slug":"la-union-europea-ya-aplica-la-norma-directiva-marco-de-residuos-sobre-los-textiles","status":"publish","type":"post","link":"https:\/\/comunidadtextil.com\/wpnews\/2025\/10\/la-union-europea-ya-aplica-la-norma-directiva-marco-de-residuos-sobre-los-textiles\/","title":{"rendered":"La Uni\u00f3n Europea ya aplica la norma Directiva Marco de Residuos sobre los textiles"},"content":{"rendered":"<div id=\"attachment_19302\" style=\"width: 259px\" class=\"wp-caption alignleft\"><a href=\"https:\/\/comunidadtextil.com\/wpnews\/wp-content\/uploads\/2025\/10\/Al-desierto-de-Atacama-en-el-Norte-de-Chile-lo-han-convertido-en-un-vertedero-de-ropa-que-ingresa-por-el-puerto-libre-de-Iquique.jpg\"><img loading=\"lazy\" decoding=\"async\" aria-describedby=\"caption-attachment-19302\" class=\" wp-image-19302\" src=\"https:\/\/comunidadtextil.com\/wpnews\/wp-content\/uploads\/2025\/10\/Al-desierto-de-Atacama-en-el-Norte-de-Chile-lo-han-convertido-en-un-vertedero-de-ropa-que-ingresa-por-el-puerto-libre-de-Iquique-300x169.jpg\" alt=\"\" width=\"249\" height=\"140\" srcset=\"https:\/\/comunidadtextil.com\/wpnews\/wp-content\/uploads\/2025\/10\/Al-desierto-de-Atacama-en-el-Norte-de-Chile-lo-han-convertido-en-un-vertedero-de-ropa-que-ingresa-por-el-puerto-libre-de-Iquique-300x169.jpg 300w, https:\/\/comunidadtextil.com\/wpnews\/wp-content\/uploads\/2025\/10\/Al-desierto-de-Atacama-en-el-Norte-de-Chile-lo-han-convertido-en-un-vertedero-de-ropa-que-ingresa-por-el-puerto-libre-de-Iquique-768x432.jpg 768w, https:\/\/comunidadtextil.com\/wpnews\/wp-content\/uploads\/2025\/10\/Al-desierto-de-Atacama-en-el-Norte-de-Chile-lo-han-convertido-en-un-vertedero-de-ropa-que-ingresa-por-el-puerto-libre-de-Iquique.jpg 1000w\" sizes=\"auto, (max-width: 249px) 100vw, 249px\" \/><\/a><p id=\"caption-attachment-19302\" class=\"wp-caption-text\">Al desierto de Atacama, en el Norte de Chile, lo han convertido en un vertedero de ropa que ingresa por el puerto libre de Iquique.<\/p><\/div>\n<p>La Uni\u00f3n Europea dio un paso decisivo hacia la econom\u00eda circular con la entrada en vigor, el pasado 16 de octubre, de la revisi\u00f3n espec\u00edfica de la Directiva Marco de Residuos. La norma establece por primera vez un marco com\u00fan para la responsabilidad ampliada del productor (RAP) en el sector textil y fija objetivos vinculantes para reducir los residuos alimentarios.<\/p>\n<p>Para la industria textil y de la confecci\u00f3n, que genera \u20ac 170.000 millones anuales y emplea a 1,3 millones de personas en la UE, el nuevo marco representa tanto un desaf\u00edo regulatorio como una oportunidad estrat\u00e9gica.<\/p>\n<p>El texto apunta a reducir el impacto ambiental de la producci\u00f3n y el consumo de textiles, un sector que en 2020 ocup\u00f3 el tercer lugar en uso de agua y tierra y el quinto en emisiones de gases de efecto invernadero en Europa. La magnitud del problema es clara: solo en 2019 se generaron 12,6 millones de toneladas de residuos textiles, y apenas una quinta parte fue recogida por separado para su reutilizaci\u00f3n o reciclaje.<\/p>\n<p><a href=\"https:\/\/comunidadtextil.com\/wpnews\/wp-content\/uploads\/2025\/10\/Al-desierto-de-Atacama-en-el-Norte-de-Chile-lo-han-convertido-en-un-vertedero-de-ropa-que-subrepticiamente-ingresa-por-el-puerto-libre-de.jpg\"><img loading=\"lazy\" decoding=\"async\" class=\" wp-image-19303 alignright\" src=\"https:\/\/comunidadtextil.com\/wpnews\/wp-content\/uploads\/2025\/10\/Al-desierto-de-Atacama-en-el-Norte-de-Chile-lo-han-convertido-en-un-vertedero-de-ropa-que-subrepticiamente-ingresa-por-el-puerto-libre-de-300x169.jpg\" alt=\"\" width=\"249\" height=\"140\" srcset=\"https:\/\/comunidadtextil.com\/wpnews\/wp-content\/uploads\/2025\/10\/Al-desierto-de-Atacama-en-el-Norte-de-Chile-lo-han-convertido-en-un-vertedero-de-ropa-que-subrepticiamente-ingresa-por-el-puerto-libre-de-300x169.jpg 300w, https:\/\/comunidadtextil.com\/wpnews\/wp-content\/uploads\/2025\/10\/Al-desierto-de-Atacama-en-el-Norte-de-Chile-lo-han-convertido-en-un-vertedero-de-ropa-que-subrepticiamente-ingresa-por-el-puerto-libre-de-1024x576.jpg 1024w, https:\/\/comunidadtextil.com\/wpnews\/wp-content\/uploads\/2025\/10\/Al-desierto-de-Atacama-en-el-Norte-de-Chile-lo-han-convertido-en-un-vertedero-de-ropa-que-subrepticiamente-ingresa-por-el-puerto-libre-de-768x432.jpg 768w, https:\/\/comunidadtextil.com\/wpnews\/wp-content\/uploads\/2025\/10\/Al-desierto-de-Atacama-en-el-Norte-de-Chile-lo-han-convertido-en-un-vertedero-de-ropa-que-subrepticiamente-ingresa-por-el-puerto-libre-de.jpg 1200w\" sizes=\"auto, (max-width: 249px) 100vw, 249px\" \/><\/a>La principal herramienta ser\u00e1 la creaci\u00f3n de sistemas nacionales de Responsabilidad Extendida del Productor (REP) para textiles y calzado. Bajo este esquema, los fabricantes deber\u00e1n pagar una tasa por cada producto comercializado, que se destinar\u00e1 a financiar la recolecci\u00f3n, clasificaci\u00f3n, reciclaje y eliminaci\u00f3n de residuos textiles. La gran novedad es la llamada \u2018ecomodulaci\u00f3n\u2019. Las tasas variar\u00e1n seg\u00fan la sostenibilidad de los productos, premiando el ecodise\u00f1o, la durabilidad y la reciclabilidad. De este modo, la norma busca alinear los costos ambientales con las decisiones empresariales, impulsando una competencia basada en la innovaci\u00f3n y la circularidad.<\/p>\n<p>Adem\u00e1s, los derechos de responsabilidad ampliada del productor se utilizar\u00e1n para informar a los consumidores y para fomentar la investigaci\u00f3n y el desarrollo en dise\u00f1o sostenible y gesti\u00f3n de residuos. A partir de ahora, todos los textiles recogidos selectivamente ser\u00e1n considerados residuos, lo que unifica criterios en toda la UE y evita exportaciones irregulares bajo la etiqueta de \u201cproductos usados\u201d.<\/p>\n<p>La Directiva tambi\u00e9n aborda el desperdicio de alimentos, imponiendo a los Estados miembros la obligaci\u00f3n de reducirlo en un 10% en la fase industrial y en un 30% per c\u00e1pita en la venta minorista y el consumo antes de 2030. Aunque este aspecto afecta principalmente a otros sectores, refleja el enfoque integral de la pol\u00edtica europea hacia la sostenibilidad y la eficiencia de los recursos.<\/p>\n<div id=\"attachment_19304\" style=\"width: 228px\" class=\"wp-caption alignleft\"><a href=\"https:\/\/comunidadtextil.com\/wpnews\/wp-content\/uploads\/2025\/10\/Ropa-descartada_3_a-.jpg\"><img loading=\"lazy\" decoding=\"async\" aria-describedby=\"caption-attachment-19304\" class=\" wp-image-19304\" src=\"https:\/\/comunidadtextil.com\/wpnews\/wp-content\/uploads\/2025\/10\/Ropa-descartada_3_a--300x300.jpg\" alt=\"\" width=\"218\" height=\"218\" srcset=\"https:\/\/comunidadtextil.com\/wpnews\/wp-content\/uploads\/2025\/10\/Ropa-descartada_3_a--300x300.jpg 300w, https:\/\/comunidadtextil.com\/wpnews\/wp-content\/uploads\/2025\/10\/Ropa-descartada_3_a--150x150.jpg 150w, https:\/\/comunidadtextil.com\/wpnews\/wp-content\/uploads\/2025\/10\/Ropa-descartada_3_a-.jpg 451w\" sizes=\"auto, (max-width: 218px) 100vw, 218px\" \/><\/a><p id=\"caption-attachment-19304\" class=\"wp-caption-text\">Ropa descartada.<\/p><\/div>\n<p>Los pa\u00edses de la Uni\u00f3n Europea tienen 20 meses para incorporar la Directiva a sus leyes nacionales y 30 meses para poner en marcha los sistemas REP. En este proceso, se prev\u00e9 un papel destacado para las empresas de econom\u00eda social dedicadas a la reutilizaci\u00f3n de textiles, que estar\u00e1n exentas de las obligaciones econ\u00f3micas del sistema y recibir\u00e1n apoyo log\u00edstico gratuito.<\/p>\n<p>Para las empresas textiles, esta nueva normativa marca el inicio de una etapa en la que la competitividad pasar\u00e1 por la sostenibilidad. Quienes adopten tempranamente modelos de producci\u00f3n circulares y materiales duraderos estar\u00e1n mejor posicionados no solo frente a la regulaci\u00f3n, sino tambi\u00e9n frente a un consumidor europeo que se espera sea \u2018cada vez m\u00e1s consciente del impacto ambiental de su vestuario\u2019.<br \/>\n&#8212;&#8212;&#8212;&#8212;&#8212;&#8212;&#8212;&#8212;&#8212;&#8212;&#8212;&#8212;&#8212;&#8212;&#8212;&#8212;&#8212;&#8212;&#8212;-<br \/>\nInnovation in Textiles \/ Comunidad Textil<\/p>\n<p>\u2014\u2014\u2014\u2014\u2014\u2014\u2014\u2014\u2014\u2014\u2014\u2014\u2014\u2014\u2014\u2014\u2014\u2014\u2014\u2014\u2014\u2014\u2014\u2014\u2014\u2014\u2014\u2014\u2014\u2014\u2014\u2014\u2014\u2014\u2014\u2014\u2014\u2014\u2014<\/p>\n<p dir=\"ltr\">Para comunicarse con ComunidadTextil: <span style=\"color: #3366ff;\"><a style=\"color: #3366ff;\" href=\"mailto:contacto@comunidadtextil.com\">contacto@comunidadtextil.com<\/a><\/span><\/p>\n<table border=\"0\" width=\"460\">\n<tbody>\n<tr>\n<td width=\"auto\"><a href=\"https:\/\/epson.com.ar\/Para-el-trabajo\/Impresoras\/Gran-Formato\/Impresora-Epson-SureColor-F10070\/p\/C11CF84202\" target=\"_blank\" rel=\"noopener\"><img loading=\"lazy\" decoding=\"async\" class=\"aligncenter\" src=\"http:\/\/www.comunidadtextil.com\/publicidad\/2024\/2213251_ARG_VISUAL_DE_MEDIOS_DICIEMBRE_20_COMUNIDAD_TEXTIL_Banner_Gif_300x200_02.gif\" alt=\"\" width=\"300\" height=\"200\" \/><\/a><\/td>\n<td width=\"auto\"><a href=\"http:\/\/www.tikvatex.com.ar\" target=\"_blank\" rel=\"noopener\"><img loading=\"lazy\" decoding=\"async\" class=\"aligncenter\" src=\"http:\/\/www.comunidadtextil.com\/publicidad\/tikvatex062020.png\" alt=\"\" width=\"300\" height=\"190\" border=\"0\" \/><\/a><\/td>\n<\/tr>\n<\/tbody>\n<\/table>\n","protected":false},"excerpt":{"rendered":"<p>La Uni\u00f3n Europea dio un paso decisivo hacia la econom\u00eda circular con la entrada en vigor, el pasado 16 de octubre, de la revisi\u00f3n espec\u00edfica de la Directiva Marco de Residuos. La norma establece por primera vez un marco com\u00fan para la responsabilidad ampliada del productor (RAP) en el sector textil y fija objetivos vinculantes [&hellip;]<\/p>\n","protected":false},"author":1924,"featured_media":0,"comment_status":"closed","ping_status":"closed","sticky":false,"template":"","format":"standard","meta":{"footnotes":""},"categories":[56,62],"tags":[],"class_list":["post-19323","post","type-post","status-publish","format-standard","hentry","category-medio-ambiente","category-noticias-de-europa","count-0","even alt","author-adminct","last"],"_links":{"self":[{"href":"https:\/\/comunidadtextil.com\/wpnews\/wp-json\/wp\/v2\/posts\/19323","targetHints":{"allow":["GET"]}}],"collection":[{"href":"https:\/\/comunidadtextil.com\/wpnews\/wp-json\/wp\/v2\/posts"}],"about":[{"href":"https:\/\/comunidadtextil.com\/wpnews\/wp-json\/wp\/v2\/types\/post"}],"author":[{"embeddable":true,"href":"https:\/\/comunidadtextil.com\/wpnews\/wp-json\/wp\/v2\/users\/1924"}],"replies":[{"embeddable":true,"href":"https:\/\/comunidadtextil.com\/wpnews\/wp-json\/wp\/v2\/comments?post=19323"}],"version-history":[{"count":4,"href":"https:\/\/comunidadtextil.com\/wpnews\/wp-json\/wp\/v2\/posts\/19323\/revisions"}],"predecessor-version":[{"id":19327,"href":"https:\/\/comunidadtextil.com\/wpnews\/wp-json\/wp\/v2\/posts\/19323\/revisions\/19327"}],"wp:attachment":[{"href":"https:\/\/comunidadtextil.com\/wpnews\/wp-json\/wp\/v2\/media?parent=19323"}],"wp:term":[{"taxonomy":"category","embeddable":true,"href":"https:\/\/comunidadtextil.com\/wpnews\/wp-json\/wp\/v2\/categories?post=19323"},{"taxonomy":"post_tag","embeddable":true,"href":"https:\/\/comunidadtextil.com\/wpnews\/wp-json\/wp\/v2\/tags?post=19323"}],"curies":[{"name":"wp","href":"https:\/\/api.w.org\/{rel}","templated":true}]}}