{"id":19313,"date":"2025-10-30T13:16:20","date_gmt":"2025-10-30T16:16:20","guid":{"rendered":"https:\/\/comunidadtextil.com\/wpnews\/?p=19313"},"modified":"2025-10-30T13:16:20","modified_gmt":"2025-10-30T16:16:20","slug":"desde-2026-la-ispo-dejara-munich-y-sera-en-amsterdam-con-un-nuevo-concepto-ferial","status":"publish","type":"post","link":"https:\/\/comunidadtextil.com\/wpnews\/2025\/10\/desde-2026-la-ispo-dejara-munich-y-sera-en-amsterdam-con-un-nuevo-concepto-ferial\/","title":{"rendered":"Desde 2026 la ISPO dejar\u00e1 Munich y ser\u00e1 en \u00c1msterdam, con un nuevo concepto ferial"},"content":{"rendered":"<p><a href=\"https:\/\/comunidadtextil.com\/wpnews\/wp-content\/uploads\/2025\/10\/ISPO-2023-_4-.jpg\"><img loading=\"lazy\" decoding=\"async\" class=\"alignleft wp-image-19299\" src=\"https:\/\/comunidadtextil.com\/wpnews\/wp-content\/uploads\/2025\/10\/ISPO-2023-_4--300x200.jpg\" alt=\"\" width=\"245\" height=\"163\" srcset=\"https:\/\/comunidadtextil.com\/wpnews\/wp-content\/uploads\/2025\/10\/ISPO-2023-_4--300x200.jpg 300w, https:\/\/comunidadtextil.com\/wpnews\/wp-content\/uploads\/2025\/10\/ISPO-2023-_4--768x511.jpg 768w, https:\/\/comunidadtextil.com\/wpnews\/wp-content\/uploads\/2025\/10\/ISPO-2023-_4-.jpg 800w\" sizes=\"auto, (max-width: 245px) 100vw, 245px\" \/><\/a>ISPO, la feria l\u00edder mundial dedicada a la ropa de deporte y actividades al aire libre, iniciar\u00e1 una nueva etapa en 2026 con un cambio de sede, de fechas y de gesti\u00f3n. Tras m\u00e1s de cinco d\u00e9cadas en Munich, el evento se trasladar\u00e1 a \u00c1msterdam, donde se celebrar\u00e1 del 3 al 5 de noviembre del a\u00f1o pr\u00f3ximo, bajo un nuevo concepto y con la direcci\u00f3n del grupo brit\u00e1nico Raccoon Media Group. La edici\u00f3n de 2025, prevista del 30 de noviembre al 2 de diciembre en Munich, ser\u00e1 la \u00faltima bajo la organizaci\u00f3n exclusiva de Messe M\u00fcnchen.<\/p>\n<p><a href=\"https:\/\/comunidadtextil.com\/wpnews\/wp-content\/uploads\/2025\/10\/ISPO-.jpg\"><img loading=\"lazy\" decoding=\"async\" class=\" wp-image-19298 alignright\" src=\"https:\/\/comunidadtextil.com\/wpnews\/wp-content\/uploads\/2025\/10\/ISPO--300x200.jpg\" alt=\"\" width=\"243\" height=\"162\" srcset=\"https:\/\/comunidadtextil.com\/wpnews\/wp-content\/uploads\/2025\/10\/ISPO--300x200.jpg 300w, https:\/\/comunidadtextil.com\/wpnews\/wp-content\/uploads\/2025\/10\/ISPO-.jpg 611w\" sizes=\"auto, (max-width: 243px) 100vw, 243px\" \/><\/a>M\u00fcnchen, organizador hist\u00f3rico del encuentro, permanecer\u00e1 como socio estrat\u00e9gico en esta transici\u00f3n que sus responsables definen como \u201cel comienzo de una nueva era\u201d. La alianza entre ambas entidades busca revitalizar la identidad de ISPO, combinando su prestigiosa trayectoria con una visi\u00f3n m\u00e1s din\u00e1mica y comunitaria.<\/p>\n<p>\u201cDurante demasiado tiempo, ISPO se ha guiado \u00fanicamente por la \u2018raz\u00f3n\u2019 y ha perdido parte de su esencia\u201d, se\u00f1al\u00f3 Mike Seaman, CEO de Raccoon Media Group. \u201cQueremos devolverle la \u2018pasi\u00f3n\u2019 y el esp\u00edritu colaborativo que hicieron grande a esta feria, creando una plataforma que una voces e inspire a la pr\u00f3xima generaci\u00f3n de marcas y l\u00edderes\u201d.<\/p>\n<p><a href=\"https:\/\/comunidadtextil.com\/wpnews\/wp-content\/uploads\/2025\/10\/ISPO-2023-_6-.jpg\"><img loading=\"lazy\" decoding=\"async\" class=\"alignleft wp-image-19300\" src=\"https:\/\/comunidadtextil.com\/wpnews\/wp-content\/uploads\/2025\/10\/ISPO-2023-_6--300x225.jpg\" alt=\"\" width=\"243\" height=\"182\" srcset=\"https:\/\/comunidadtextil.com\/wpnews\/wp-content\/uploads\/2025\/10\/ISPO-2023-_6--300x225.jpg 300w, https:\/\/comunidadtextil.com\/wpnews\/wp-content\/uploads\/2025\/10\/ISPO-2023-_6-.jpg 650w\" sizes=\"auto, (max-width: 243px) 100vw, 243px\" \/><\/a>El traslado a \u00c1msterdam responde a la necesidad de ofrecer una ubicaci\u00f3n m\u00e1s accesible internacionalmente y a la intenci\u00f3n de fortalecer los lazos con el mercado norteamericano. Adem\u00e1s, los organizadores prometen una estructura de costos m\u00e1s eficiente y un modelo de participaci\u00f3n m\u00e1s inclusivo. Harald Kirchschlager, director de Estrategia Corporativa de Messe M\u00fcnchen, explic\u00f3 que la reestructuraci\u00f3n estrat\u00e9gica apunta a \u201cimpulsar el crecimiento de la feria con objetivos claros, fomentando la innovaci\u00f3n, el intercambio y las oportunidades de negocio en toda la cadena de valor del deporte\u201d.<\/p>\n<p><a href=\"https:\/\/comunidadtextil.com\/wpnews\/wp-content\/uploads\/2025\/10\/ispo_munich_2015_255018.jpg\"><img loading=\"lazy\" decoding=\"async\" class=\" wp-image-19301 alignright\" src=\"https:\/\/comunidadtextil.com\/wpnews\/wp-content\/uploads\/2025\/10\/ispo_munich_2015_255018-300x200.jpg\" alt=\"\" width=\"240\" height=\"160\" srcset=\"https:\/\/comunidadtextil.com\/wpnews\/wp-content\/uploads\/2025\/10\/ispo_munich_2015_255018-300x200.jpg 300w, https:\/\/comunidadtextil.com\/wpnews\/wp-content\/uploads\/2025\/10\/ispo_munich_2015_255018-768x512.jpg 768w, https:\/\/comunidadtextil.com\/wpnews\/wp-content\/uploads\/2025\/10\/ispo_munich_2015_255018.jpg 1000w\" sizes=\"auto, (max-width: 240px) 100vw, 240px\" \/><\/a>La nueva etapa de ISPO incluir\u00e1 un ambicioso plan de inversi\u00f3n de tres millones de euros: un mill\u00f3n destinado a apoyar organizaciones sin fines de lucro vinculadas al deporte y la sostenibilidad. Otro mill\u00f3n para un programa global de compradores invitados que reunir\u00e1 a los principales minoristas y marcas del mundo. Y un tercero para el desarrollo de contenidos, entre ellos la nueva Cumbre de L\u00edderes de ISPO. Este foro reunir\u00e1 a figuras influyentes como Jimmy Chin, Hap Klopp, Laura McAllister, Andy Rubin, John Lacey y Pia Heidenmark Cook, consolidando a ISPO como espacio de reflexi\u00f3n y liderazgo en la industria.<\/p>\n<p>A partir de 2026 ISPO se desarrollar\u00e1 en el Centro de Exposiciones RAI de \u00c1msterdam, donde tambi\u00e9n debutar\u00e1 en 2025 la International Running Expo, otra iniciativa de Raccoon Media, que el a\u00f1o pr\u00f3ximo se integrar\u00e1 a ISPO.<br \/>\n&#8212;&#8212;&#8212;&#8212;&#8212;&#8212;&#8212;&#8212;&#8212;&#8212;&#8212;&#8212;&#8212;&#8212;&#8212;&#8212;&#8212;&#8212;-<br \/>\nFashion Magazine \/ Comunidad Textil<\/p>\n<p>\u2014\u2014\u2014\u2014\u2014\u2014\u2014\u2014\u2014\u2014\u2014\u2014\u2014\u2014\u2014\u2014\u2014\u2014\u2014\u2014\u2014\u2014\u2014\u2014\u2014\u2014\u2014\u2014\u2014\u2014\u2014\u2014\u2014\u2014\u2014\u2014\u2014\u2014\u2014<\/p>\n<p dir=\"ltr\">Para comunicarse con ComunidadTextil: <span style=\"color: #3366ff;\"><a style=\"color: #3366ff;\" href=\"mailto:contacto@comunidadtextil.com\">contacto@comunidadtextil.com<\/a><\/span><\/p>\n<table border=\"0\" width=\"460\">\n<tbody>\n<tr>\n<td width=\"auto\"><a href=\"https:\/\/ciaindumentaria.com.ar\/\" target=\"_blank\" rel=\"noopener\"><img loading=\"lazy\" decoding=\"async\" class=\"aligncenter\" src=\"http:\/\/comunidadtextil.com\/publicidad\/banner-ciai.gif\" alt=\"\" width=\"300\" height=\"153\" border=\"0\" \/><\/a><\/td>\n<td width=\"auto\"><a href=\"https:\/\/algoselanflandria.com.ar\/\" target=\"_blank\" rel=\"noopener\"><img loading=\"lazy\" decoding=\"async\" class=\"aligncenter\" src=\"http:\/\/comunidadtextil.com\/publicidad\/af-2020-300x200px.gif\" alt=\"\" width=\"300\" height=\"200\" border=\"0\" \/><\/a><\/td>\n<\/tr>\n<\/tbody>\n<\/table>\n","protected":false},"excerpt":{"rendered":"<p>ISPO, la feria l\u00edder mundial dedicada a la ropa de deporte y actividades al aire libre, iniciar\u00e1 una nueva etapa en 2026 con un cambio de sede, de fechas y de gesti\u00f3n. Tras m\u00e1s de cinco d\u00e9cadas en Munich, el evento se trasladar\u00e1 a \u00c1msterdam, donde se celebrar\u00e1 del 3 al 5 de noviembre del [&hellip;]<\/p>\n","protected":false},"author":1924,"featured_media":0,"comment_status":"closed","ping_status":"closed","sticky":false,"template":"","format":"standard","meta":{"footnotes":""},"categories":[50],"tags":[],"class_list":["post-19313","post","type-post","status-publish","format-standard","hentry","category-ferias-proximas","count-0","even alt","author-adminct","last"],"_links":{"self":[{"href":"https:\/\/comunidadtextil.com\/wpnews\/wp-json\/wp\/v2\/posts\/19313","targetHints":{"allow":["GET"]}}],"collection":[{"href":"https:\/\/comunidadtextil.com\/wpnews\/wp-json\/wp\/v2\/posts"}],"about":[{"href":"https:\/\/comunidadtextil.com\/wpnews\/wp-json\/wp\/v2\/types\/post"}],"author":[{"embeddable":true,"href":"https:\/\/comunidadtextil.com\/wpnews\/wp-json\/wp\/v2\/users\/1924"}],"replies":[{"embeddable":true,"href":"https:\/\/comunidadtextil.com\/wpnews\/wp-json\/wp\/v2\/comments?post=19313"}],"version-history":[{"count":6,"href":"https:\/\/comunidadtextil.com\/wpnews\/wp-json\/wp\/v2\/posts\/19313\/revisions"}],"predecessor-version":[{"id":19319,"href":"https:\/\/comunidadtextil.com\/wpnews\/wp-json\/wp\/v2\/posts\/19313\/revisions\/19319"}],"wp:attachment":[{"href":"https:\/\/comunidadtextil.com\/wpnews\/wp-json\/wp\/v2\/media?parent=19313"}],"wp:term":[{"taxonomy":"category","embeddable":true,"href":"https:\/\/comunidadtextil.com\/wpnews\/wp-json\/wp\/v2\/categories?post=19313"},{"taxonomy":"post_tag","embeddable":true,"href":"https:\/\/comunidadtextil.com\/wpnews\/wp-json\/wp\/v2\/tags?post=19313"}],"curies":[{"name":"wp","href":"https:\/\/api.w.org\/{rel}","templated":true}]}}