{"id":19254,"date":"2025-10-23T10:17:19","date_gmt":"2025-10-23T13:17:19","guid":{"rendered":"http:\/\/comunidadtextil.com\/wpnews\/?p=19254"},"modified":"2025-10-23T11:35:01","modified_gmt":"2025-10-23T14:35:01","slug":"lycra-presenta-nuevamente-en-maredimoda-su-innovador-y-sostenible-hilado-ecomade","status":"publish","type":"post","link":"https:\/\/comunidadtextil.com\/wpnews\/2025\/10\/lycra-presenta-nuevamente-en-maredimoda-su-innovador-y-sostenible-hilado-ecomade\/","title":{"rendered":"Lycra presenta nuevamente en MarediModa su innovador y sostenible hilado EcoMade"},"content":{"rendered":"<div id=\"attachment_19259\" style=\"width: 263px\" class=\"wp-caption alignleft\"><a href=\"https:\/\/comunidadtextil.com\/wpnews\/wp-content\/uploads\/2025\/10\/lycra_ecomade-e1761230046411.png\"><img loading=\"lazy\" decoding=\"async\" aria-describedby=\"caption-attachment-19259\" class=\"wp-image-19259 \" src=\"https:\/\/comunidadtextil.com\/wpnews\/wp-content\/uploads\/2025\/10\/lycra_ecomade-e1761230046411-300x199.png\" alt=\"\" width=\"253\" height=\"168\" srcset=\"https:\/\/comunidadtextil.com\/wpnews\/wp-content\/uploads\/2025\/10\/lycra_ecomade-e1761230046411-300x199.png 300w, https:\/\/comunidadtextil.com\/wpnews\/wp-content\/uploads\/2025\/10\/lycra_ecomade-e1761230046411-768x509.png 768w, https:\/\/comunidadtextil.com\/wpnews\/wp-content\/uploads\/2025\/10\/lycra_ecomade-e1761230046411.png 796w\" sizes=\"auto, (max-width: 253px) 100vw, 253px\" \/><\/a><p id=\"caption-attachment-19259\" class=\"wp-caption-text\">Lycra EcoMade<\/p><\/div>\n<p>En esta edici\u00f3n 2025 de MarediModa Lycra exhibir\u00e1 prendas confeccionadas con su hilo EcoMade, derivado en un 70% de fibras de ma\u00edz industrial. La empresa present\u00f3 EcoMade en MarediModa del a\u00f1o pasado, describi\u00e9ndolo como un elastano sostenible y asegur\u00f3 que el hilo ofrecer\u00eda el mismo rendimiento que la fibra Lycra original. El evento de tejidos de moda playa, lencer\u00eda y athleisure tendr\u00e1 lugar en Cannes, Francia, del 22 al 24 de octubre.<\/p>\n<p>Las prendas EcoMade que se exhibir\u00e1n en la feria de este a\u00f1o incluir\u00e1n nueve piezas de la marca de trajes de ba\u00f1o Arena y cinco prendas deportivas desarrolladas por el fabricante de telas italiano Carvico.<\/p>\n<p>Representantes de Carvico y Arena se unir\u00e1n a colegas de Lycra en MarediModa para participar en un debate en vivo, cuyo tema es \u00abDe la fibra a la ropa de ba\u00f1o sostenible: un plan de colaboraci\u00f3n\u00bb.<\/p>\n<div id=\"attachment_19240\" style=\"width: 218px\" class=\"wp-caption alignright\"><a href=\"https:\/\/comunidadtextil.com\/wpnews\/wp-content\/uploads\/2025\/10\/Alistair-Williamson-vicepresidente-de-The-Lycra-Company.jpg\"><img loading=\"lazy\" decoding=\"async\" aria-describedby=\"caption-attachment-19240\" class=\" wp-image-19240\" src=\"https:\/\/comunidadtextil.com\/wpnews\/wp-content\/uploads\/2025\/10\/Alistair-Williamson-vicepresidente-de-The-Lycra-Company-300x300.jpg\" alt=\"\" width=\"208\" height=\"208\" srcset=\"https:\/\/comunidadtextil.com\/wpnews\/wp-content\/uploads\/2025\/10\/Alistair-Williamson-vicepresidente-de-The-Lycra-Company-300x300.jpg 300w, https:\/\/comunidadtextil.com\/wpnews\/wp-content\/uploads\/2025\/10\/Alistair-Williamson-vicepresidente-de-The-Lycra-Company-150x150.jpg 150w, https:\/\/comunidadtextil.com\/wpnews\/wp-content\/uploads\/2025\/10\/Alistair-Williamson-vicepresidente-de-The-Lycra-Company-768x768.jpg 768w, https:\/\/comunidadtextil.com\/wpnews\/wp-content\/uploads\/2025\/10\/Alistair-Williamson-vicepresidente-de-The-Lycra-Company.jpg 800w\" sizes=\"auto, (max-width: 208px) 100vw, 208px\" \/><\/a><p id=\"caption-attachment-19240\" class=\"wp-caption-text\">Alistair Williamson, vicepresidente de The Lycra Company.<\/p><\/div>\n<p>En la previa del evento de Cannes, el vicepresidente de The Lycra Company, Alistair Williamson, declar\u00f3: \u201cNuestra colaboraci\u00f3n con Arena y Carvico demuestra c\u00f3mo los valores compartidos y los objetivos alineados pueden acelerar la adopci\u00f3n de soluciones responsables. En MarediModa, nos enorgullece mostrar lo que se puede lograr cuando marcas, f\u00e1bricas y empresas innovadoras en fibras se unen para impulsar un futuro m\u00e1s sostenible para la industria textil\u201d.<\/p>\n<p>Lycra dijo que EcoMade pronto estar\u00e1 disponible a escala comercial y ser\u00e1 una soluci\u00f3n inmediata para sus clientes, lo que significa que no habr\u00e1 necesidad de que \u2018readapten\u2019 telas, procesos o patrones\u201d para comenzar a usar el hilado.<br \/>\n&#8212;&#8212;&#8212;&#8212;&#8212;&#8212;&#8212;&#8212;&#8212;&#8212;&#8212;&#8212;&#8212;&#8212;&#8212;&#8212;&#8212;&#8212;<br \/>\nsportstextiles.com \/ Comunidad Textil<\/p>\n<p>\u2014\u2014\u2014\u2014\u2014\u2014\u2014\u2014\u2014\u2014\u2014\u2014\u2014\u2014\u2014\u2014\u2014\u2014\u2014\u2014\u2014\u2014\u2014\u2014\u2014\u2014\u2014\u2014\u2014\u2014\u2014\u2014\u2014\u2014\u2014\u2014\u2014\u2014\u2014<\/p>\n<p dir=\"ltr\">Para comunicarse con ComunidadTextil: <span style=\"color: #3366ff;\"><a style=\"color: #3366ff;\" href=\"mailto:contacto@comunidadtextil.com\">contacto@comunidadtextil.com<\/a><\/span><\/p>\n<table border=\"0\" width=\"460\">\n<tbody>\n<tr>\n<td width=\"auto\"><a href=\"https:\/\/epson.com.ar\/Para-el-trabajo\/Impresoras\/Gran-Formato\/Impresora-Epson-SureColor-F10070\/p\/C11CF84202\" target=\"_blank\" rel=\"noopener\"><img loading=\"lazy\" decoding=\"async\" class=\"aligncenter\" src=\"http:\/\/www.comunidadtextil.com\/publicidad\/2024\/2213251_ARG_VISUAL_DE_MEDIOS_DICIEMBRE_20_COMUNIDAD_TEXTIL_Banner_Gif_300x200_02.gif\" alt=\"\" width=\"300\" height=\"200\" \/><\/a><\/td>\n<td width=\"auto\"><a href=\"https:\/\/www.faiia.com.ar\/programa-crecer\/\" target=\"_blank\" rel=\"noopener\"><img loading=\"lazy\" decoding=\"async\" class=\"aligncenter\" src=\"\/publicidad\/crecer-banner-julio17.gif\" alt=\"\" width=\"300\" height=\"200\" border=\"0\" \/><\/a><\/td>\n<\/tr>\n<\/tbody>\n<\/table>\n","protected":false},"excerpt":{"rendered":"<p>En esta edici\u00f3n 2025 de MarediModa Lycra exhibir\u00e1 prendas confeccionadas con su hilo EcoMade, derivado en un 70% de fibras de ma\u00edz industrial. La empresa present\u00f3 EcoMade en MarediModa del a\u00f1o pasado, describi\u00e9ndolo como un elastano sostenible y asegur\u00f3 que el hilo ofrecer\u00eda el mismo rendimiento que la fibra Lycra original. El evento de tejidos [&hellip;]<\/p>\n","protected":false},"author":1924,"featured_media":0,"comment_status":"closed","ping_status":"closed","sticky":false,"template":"","format":"standard","meta":{"footnotes":""},"categories":[49,56],"tags":[],"class_list":["post-19254","post","type-post","status-publish","format-standard","hentry","category-empresas-negocios","category-medio-ambiente","count-0","even alt","author-adminct","last"],"_links":{"self":[{"href":"https:\/\/comunidadtextil.com\/wpnews\/wp-json\/wp\/v2\/posts\/19254","targetHints":{"allow":["GET"]}}],"collection":[{"href":"https:\/\/comunidadtextil.com\/wpnews\/wp-json\/wp\/v2\/posts"}],"about":[{"href":"https:\/\/comunidadtextil.com\/wpnews\/wp-json\/wp\/v2\/types\/post"}],"author":[{"embeddable":true,"href":"https:\/\/comunidadtextil.com\/wpnews\/wp-json\/wp\/v2\/users\/1924"}],"replies":[{"embeddable":true,"href":"https:\/\/comunidadtextil.com\/wpnews\/wp-json\/wp\/v2\/comments?post=19254"}],"version-history":[{"count":4,"href":"https:\/\/comunidadtextil.com\/wpnews\/wp-json\/wp\/v2\/posts\/19254\/revisions"}],"predecessor-version":[{"id":19261,"href":"https:\/\/comunidadtextil.com\/wpnews\/wp-json\/wp\/v2\/posts\/19254\/revisions\/19261"}],"wp:attachment":[{"href":"https:\/\/comunidadtextil.com\/wpnews\/wp-json\/wp\/v2\/media?parent=19254"}],"wp:term":[{"taxonomy":"category","embeddable":true,"href":"https:\/\/comunidadtextil.com\/wpnews\/wp-json\/wp\/v2\/categories?post=19254"},{"taxonomy":"post_tag","embeddable":true,"href":"https:\/\/comunidadtextil.com\/wpnews\/wp-json\/wp\/v2\/tags?post=19254"}],"curies":[{"name":"wp","href":"https:\/\/api.w.org\/{rel}","templated":true}]}}