{"id":1909,"date":"2015-09-21T12:18:18","date_gmt":"2015-09-21T15:18:18","guid":{"rendered":"http:\/\/www.comunidadtextil.com\/wpnews\/?p=1909"},"modified":"2016-12-21T18:06:46","modified_gmt":"2016-12-21T21:06:46","slug":"por-una-ola-de-frio-murieron-en-peru-mas-de-140-alpacasgenerando-grandes-perdidas","status":"publish","type":"post","link":"https:\/\/comunidadtextil.com\/wpnews\/2015\/09\/por-una-ola-de-frio-murieron-en-peru-mas-de-140-alpacasgenerando-grandes-perdidas\/","title":{"rendered":"Por una ola de fr\u00edo murieron en Per\u00fa cientos de alpacas, generando grandes p\u00e9rdidas"},"content":{"rendered":"<div id=\"attachment_1912\" style=\"width: 310px\" class=\"wp-caption alignleft\"><a href=\"http:\/\/www.comunidadtextil.com\/wpnews\/wp-content\/uploads\/2015\/09\/Las-fuertes-nevadas-diezmaron-el-rodeo-de-alpacas-en-Per\u00fa_2.jpg\"><img loading=\"lazy\" decoding=\"async\" aria-describedby=\"caption-attachment-1912\" class=\"size-medium wp-image-1912\" src=\"http:\/\/www.comunidadtextil.com\/wpnews\/wp-content\/uploads\/2015\/09\/Las-fuertes-nevadas-diezmaron-el-rodeo-de-alpacas-en-Per\u00fa_2-300x178.jpg\" alt=\"Las fuertes nevadas diezmaron el rodeo de alpacas en Per\u00fa\" width=\"300\" height=\"178\" srcset=\"https:\/\/comunidadtextil.com\/wpnews\/wp-content\/uploads\/2015\/09\/Las-fuertes-nevadas-diezmaron-el-rodeo-de-alpacas-en-Per\u00fa_2-300x178.jpg 300w, https:\/\/comunidadtextil.com\/wpnews\/wp-content\/uploads\/2015\/09\/Las-fuertes-nevadas-diezmaron-el-rodeo-de-alpacas-en-Per\u00fa_2-150x89.jpg 150w, https:\/\/comunidadtextil.com\/wpnews\/wp-content\/uploads\/2015\/09\/Las-fuertes-nevadas-diezmaron-el-rodeo-de-alpacas-en-Per\u00fa_2.jpg 620w\" sizes=\"auto, (max-width: 300px) 100vw, 300px\" \/><\/a><p id=\"caption-attachment-1912\" class=\"wp-caption-text\">Las fuertes nevadas diezmaron el rodeo de alpacas en Per\u00fa<\/p><\/div>\n<p>Seg\u00fan informaron autoridades de la provincia peruana de Huamanga, cientos de alpacas murieron de fr\u00edo y hambre durante la fuerte nevada que afect\u00f3 a Per\u00fa a principios de agosto. Sin embargo las bajas temperaturas afectaron a m\u00e1s de 2.500 animales.<\/p>\n<p>El intendente de la regi\u00f3n de Cojata, Alfonso Ojedo, dijo a la prensa que \u201cno hay pasto. Los campos de alpaca est\u00e1n totalmente cubiertos de nueve\u201d. El funcionario enfatiz\u00f3 que esta situaci\u00f3n afect\u00f3 fuertemente a las alpacas, al punto que muchas murieron.<br \/>\nLos animales fallecieron a causa de las bajas de temperaturas, de menos de 18 grados cent\u00edgrados, que se registraron en el distrito Vinchos del sur de Per\u00fa. Las alpacas son esenciales para las comunidades locales ya que proveen alimento, transporte y lana.<\/p>\n<p>\u201cNo hay cultivos, no hay heno, no hay vacas, por lo cual estamos solicitando alimento para nuestros animales porque todo est\u00e1 cubierto de nieve\u201d, dijo el teniente gobernador de Cojata, Roberto Mamano.<\/p>\n<p>&nbsp;<\/p>\n<hr \/>\n<p>Para comunicarse con Comunidad Textil: <a href=\"mailto:contacto@comunidadtextil.com\">contacto@comunidadtextil.com<\/a><\/p>\n<table border=\"0\" width=\"481\">\n<tbody>\n<tr>\n<td width=\"171\"><a href=\"http:\/\/www.pedidosmayoristas.com\/novotex\/\" target=\"_blank\"><img loading=\"lazy\" decoding=\"async\" src=\"http:\/\/cueroamerica.info\/sponsors\/banner-novotex.jpg\" alt=\"\" width=\"300\" height=\"200\" border=\"0\" \/><\/a><\/td>\n<td width=\"300\"><a href=\"http:\/\/www.buscarclientes.com\/landing\/camkapmetal\"><img loading=\"lazy\" decoding=\"async\" src=\"\/publicidad\/banner-kapmetal.jpg\" alt=\"\" width=\"300\" height=\"200\" \/><\/a><\/td>\n<\/tr>\n<\/tbody>\n<\/table>\n","protected":false},"excerpt":{"rendered":"<p>Seg\u00fan informaron autoridades de la provincia peruana de Huamanga, cientos de alpacas murieron de fr\u00edo y hambre durante la fuerte nevada que afect\u00f3 a Per\u00fa a principios de agosto. Sin embargo las bajas temperaturas afectaron a m\u00e1s de 2.500 animales. El intendente de la regi\u00f3n de Cojata, Alfonso Ojedo, dijo a la prensa que \u201cno [&hellip;]<\/p>\n","protected":false},"author":1924,"featured_media":0,"comment_status":"closed","ping_status":"open","sticky":false,"template":"","format":"standard","meta":{"footnotes":""},"categories":[70],"tags":[],"class_list":["post-1909","post","type-post","status-publish","format-standard","hentry","category-crisis","count-0","even alt","author-adminct","last"],"_links":{"self":[{"href":"https:\/\/comunidadtextil.com\/wpnews\/wp-json\/wp\/v2\/posts\/1909","targetHints":{"allow":["GET"]}}],"collection":[{"href":"https:\/\/comunidadtextil.com\/wpnews\/wp-json\/wp\/v2\/posts"}],"about":[{"href":"https:\/\/comunidadtextil.com\/wpnews\/wp-json\/wp\/v2\/types\/post"}],"author":[{"embeddable":true,"href":"https:\/\/comunidadtextil.com\/wpnews\/wp-json\/wp\/v2\/users\/1924"}],"replies":[{"embeddable":true,"href":"https:\/\/comunidadtextil.com\/wpnews\/wp-json\/wp\/v2\/comments?post=1909"}],"version-history":[{"count":8,"href":"https:\/\/comunidadtextil.com\/wpnews\/wp-json\/wp\/v2\/posts\/1909\/revisions"}],"predecessor-version":[{"id":1933,"href":"https:\/\/comunidadtextil.com\/wpnews\/wp-json\/wp\/v2\/posts\/1909\/revisions\/1933"}],"wp:attachment":[{"href":"https:\/\/comunidadtextil.com\/wpnews\/wp-json\/wp\/v2\/media?parent=1909"}],"wp:term":[{"taxonomy":"category","embeddable":true,"href":"https:\/\/comunidadtextil.com\/wpnews\/wp-json\/wp\/v2\/categories?post=1909"},{"taxonomy":"post_tag","embeddable":true,"href":"https:\/\/comunidadtextil.com\/wpnews\/wp-json\/wp\/v2\/tags?post=1909"}],"curies":[{"name":"wp","href":"https:\/\/api.w.org\/{rel}","templated":true}]}}