{"id":19065,"date":"2025-09-11T12:25:15","date_gmt":"2025-09-11T15:25:15","guid":{"rendered":"http:\/\/comunidadtextil.com\/wpnews\/?p=19065"},"modified":"2025-09-11T12:25:15","modified_gmt":"2025-09-11T15:25:15","slug":"europa-ya-sufre-la-invasion-de-productos-asiaticos-que-no-pueden-ingresar-en-eeuu","status":"publish","type":"post","link":"https:\/\/comunidadtextil.com\/wpnews\/2025\/09\/europa-ya-sufre-la-invasion-de-productos-asiaticos-que-no-pueden-ingresar-en-eeuu\/","title":{"rendered":"Europa ya sufre la invasi\u00f3n de productos asi\u00e1ticos que no pueden ingresar en EEUU"},"content":{"rendered":"<div id=\"attachment_19067\" style=\"width: 258px\" class=\"wp-caption alignleft\"><a href=\"https:\/\/comunidadtextil.com\/wpnews\/wp-content\/uploads\/2025\/09\/Fabrica-confeccionista-en-Vietnam_17-.jpg\"><img loading=\"lazy\" decoding=\"async\" aria-describedby=\"caption-attachment-19067\" class=\" wp-image-19067\" src=\"https:\/\/comunidadtextil.com\/wpnews\/wp-content\/uploads\/2025\/09\/Fabrica-confeccionista-en-Vietnam_17--300x150.jpg\" alt=\"\" width=\"248\" height=\"124\" srcset=\"https:\/\/comunidadtextil.com\/wpnews\/wp-content\/uploads\/2025\/09\/Fabrica-confeccionista-en-Vietnam_17--300x150.jpg 300w, https:\/\/comunidadtextil.com\/wpnews\/wp-content\/uploads\/2025\/09\/Fabrica-confeccionista-en-Vietnam_17-.jpg 600w\" sizes=\"auto, (max-width: 248px) 100vw, 248px\" \/><\/a><p id=\"caption-attachment-19067\" class=\"wp-caption-text\">F\u00e1brica confeccionista en Vietnam.<\/p><\/div>\n<p>La reorientaci\u00f3n de la producci\u00f3n asi\u00e1tica que no pueden enviar a los Estados Unidos, debido a la escalada arancelaria impuesta por la administraci\u00f3n Trump, ya esta generando problemas en Europa. En el primer semestre se registr\u00f3 un aumento del 19% en las importaciones de prendas de vestir y del 13% en las importaciones textiles procedentes de Asia, seg\u00fan cifras del Instituto Franc\u00e9s de la Moda.<\/p>\n<p>Tras alcanzar su punto \u00e1lgido en 2022, las importaciones europeas de ropa se hab\u00edan ralentizado a\u00f1o tras a\u00f1o. Sin embargo, alentadas por la incertidumbre generada por la guerra aduanera estadounidense, se aceleraron bruscamente un 13% en el primer semestre, hasta los US$ 43.400 millones, de los que US$ 32.900 millones que anteriormente proced\u00edan de Asia.<\/p>\n<p><a href=\"https:\/\/comunidadtextil.com\/wpnews\/wp-content\/uploads\/2025\/09\/India-orient-craft-garment-factory.jpg\"><img loading=\"lazy\" decoding=\"async\" class=\" wp-image-19068 alignright\" src=\"https:\/\/comunidadtextil.com\/wpnews\/wp-content\/uploads\/2025\/09\/India-orient-craft-garment-factory-300x157.jpg\" alt=\"\" width=\"246\" height=\"129\" srcset=\"https:\/\/comunidadtextil.com\/wpnews\/wp-content\/uploads\/2025\/09\/India-orient-craft-garment-factory-300x157.jpg 300w, https:\/\/comunidadtextil.com\/wpnews\/wp-content\/uploads\/2025\/09\/India-orient-craft-garment-factory.jpg 505w\" sizes=\"auto, (max-width: 246px) 100vw, 246px\" \/><\/a>China (suba del 22%), Bangladesh (del 18%), India (del 15%), Camboya (del 30%), Vietnam (del 17%), Pakist\u00e1n (del 17%)&#8230; Todos los grandes proveedores registraron aumentos, excepto Turqu\u00eda, que baj\u00f3 un 7%, con lo que el descenso de los pedidos procedentes de la regi\u00f3n mediterr\u00e1nea se situ\u00f3 en el 4%.<\/p>\n<p>Las importaciones procedentes de Estados Unidos, que no han dejado de aumentar desde 2021, est\u00e1n marcando el paso. Durante los seis primeros meses del conflicto aduanero entre la Comunidad Europea y Washington, las importaciones de ropa estadounidense al llamado Viejo Continente se ralentizaron un 7%.<\/p>\n<p>La situaci\u00f3n es similar para las importaciones textiles, que aumentaron un 8% hasta los \u20ac 16.900 millones. Asia aument\u00f3 sus pedidos un 13%, hasta \u20ac 10.00 millones, impulsada en particular por el fuerte crecimiento de China, Vietnam, Bangladesh y Tailandia.<\/p>\n<p><a href=\"https:\/\/comunidadtextil.com\/wpnews\/wp-content\/uploads\/2025\/09\/indian-GARMENT.jpg\"><img loading=\"lazy\" decoding=\"async\" class=\"alignleft wp-image-19069\" src=\"https:\/\/comunidadtextil.com\/wpnews\/wp-content\/uploads\/2025\/09\/indian-GARMENT-300x181.jpg\" alt=\"\" width=\"245\" height=\"148\" srcset=\"https:\/\/comunidadtextil.com\/wpnews\/wp-content\/uploads\/2025\/09\/indian-GARMENT-300x181.jpg 300w, https:\/\/comunidadtextil.com\/wpnews\/wp-content\/uploads\/2025\/09\/indian-GARMENT.jpg 636w\" sizes=\"auto, (max-width: 245px) 100vw, 245px\" \/><\/a>En el caso de los textiles, sin embargo, Estados Unidos impuls\u00f3 sus exportaciones a la Uni\u00f3n Europea, con mercanc\u00edas por valor de \u20ac 724 millones (con aumento del 4 %).<\/p>\n<p>En seis meses, la U.E. export\u00f3 prendas de vestir por valor de \u20ac 17.300 millones, continuando la ca\u00edda ininterrumpida observada desde el m\u00e1ximo alcanzado en 2022, con un descenso del 3%. El descenso se atribuye principalmente a los mercados asi\u00e1ticos, donde los pedidos cayeron un 15%, hasta los \u20ac 4.100 millones, en un contexto de tensiones aduaneras.<\/p>\n<p>Las exportaciones a Estados Unidos, tercer cliente de Europa, se mantuvieron estables, -especialmente en los meses previos al aumento de aranceles- lo que lo convierte en el tercer cliente de Europa por delante de China, cuyos pedidos cayeron un 18%. Tambi\u00e9n se registraron descensos en Hong Kong (13%), Corea del Sur (17%), Singapur (ca\u00edda del 17%) y Taiw\u00e1n (del 10%).<br \/>\n&#8212;&#8212;&#8212;&#8212;&#8212;&#8212;&#8212;&#8212;&#8212;&#8212;&#8212;&#8212;&#8212;&#8212;&#8212;&#8212;&#8212;-<br \/>\nFashion Network \/ Comunidad Textil<\/p>\n<p>\u2014\u2014\u2014\u2014\u2014\u2014\u2014\u2014\u2014\u2014\u2014\u2014\u2014\u2014\u2014\u2014\u2014\u2014\u2014\u2014\u2014\u2014\u2014\u2014\u2014\u2014\u2014\u2014\u2014\u2014\u2014\u2014\u2014\u2014\u2014\u2014\u2014\u2014\u2014<\/p>\n<p dir=\"ltr\">Para comunicarse con ComunidadTextil: <span style=\"color: #3366ff;\"><a style=\"color: #3366ff;\" href=\"mailto:contacto@comunidadtextil.com\">contacto@comunidadtextil.com<\/a><\/span><\/p>\n<table border=\"0\" width=\"460\">\n<tbody>\n<tr>\n<td width=\"auto\"><a href=\"https:\/\/epson.com.ar\/Para-el-trabajo\/Impresoras\/Gran-Formato\/Impresora-Epson-SureColor-F10070\/p\/C11CF84202\" target=\"_blank\" rel=\"noopener\"><img loading=\"lazy\" decoding=\"async\" class=\"aligncenter\" src=\"http:\/\/www.comunidadtextil.com\/publicidad\/2024\/2213251_ARG_VISUAL_DE_MEDIOS_DICIEMBRE_20_COMUNIDAD_TEXTIL_Banner_Gif_300x200_02.gif\" alt=\"\" width=\"300\" height=\"200\" \/><\/a><\/td>\n<td width=\"auto\"><a href=\"https:\/\/www.instagram.com\/institutobelkynuic\/?hl=es-la\" target=\"_blank\" rel=\"noopener\"><img loading=\"lazy\" decoding=\"async\" class=\"aligncenter\" src=\"http:\/\/comunidadtextil.com\/cursos300x200.jpg\" alt=\"\" width=\"300\" height=\"200\" border=\"0\" \/><\/a><\/td>\n<\/tr>\n<\/tbody>\n<\/table>\n","protected":false},"excerpt":{"rendered":"<p>La reorientaci\u00f3n de la producci\u00f3n asi\u00e1tica que no pueden enviar a los Estados Unidos, debido a la escalada arancelaria impuesta por la administraci\u00f3n Trump, ya esta generando problemas en Europa. En el primer semestre se registr\u00f3 un aumento del 19% en las importaciones de prendas de vestir y del 13% en las importaciones textiles procedentes [&hellip;]<\/p>\n","protected":false},"author":1924,"featured_media":0,"comment_status":"closed","ping_status":"closed","sticky":false,"template":"","format":"standard","meta":{"footnotes":""},"categories":[57,62],"tags":[],"class_list":["post-19065","post","type-post","status-publish","format-standard","hentry","category-mercados","category-noticias-de-europa","count-0","even alt","author-adminct","last"],"_links":{"self":[{"href":"https:\/\/comunidadtextil.com\/wpnews\/wp-json\/wp\/v2\/posts\/19065","targetHints":{"allow":["GET"]}}],"collection":[{"href":"https:\/\/comunidadtextil.com\/wpnews\/wp-json\/wp\/v2\/posts"}],"about":[{"href":"https:\/\/comunidadtextil.com\/wpnews\/wp-json\/wp\/v2\/types\/post"}],"author":[{"embeddable":true,"href":"https:\/\/comunidadtextil.com\/wpnews\/wp-json\/wp\/v2\/users\/1924"}],"replies":[{"embeddable":true,"href":"https:\/\/comunidadtextil.com\/wpnews\/wp-json\/wp\/v2\/comments?post=19065"}],"version-history":[{"count":3,"href":"https:\/\/comunidadtextil.com\/wpnews\/wp-json\/wp\/v2\/posts\/19065\/revisions"}],"predecessor-version":[{"id":19072,"href":"https:\/\/comunidadtextil.com\/wpnews\/wp-json\/wp\/v2\/posts\/19065\/revisions\/19072"}],"wp:attachment":[{"href":"https:\/\/comunidadtextil.com\/wpnews\/wp-json\/wp\/v2\/media?parent=19065"}],"wp:term":[{"taxonomy":"category","embeddable":true,"href":"https:\/\/comunidadtextil.com\/wpnews\/wp-json\/wp\/v2\/categories?post=19065"},{"taxonomy":"post_tag","embeddable":true,"href":"https:\/\/comunidadtextil.com\/wpnews\/wp-json\/wp\/v2\/tags?post=19065"}],"curies":[{"name":"wp","href":"https:\/\/api.w.org\/{rel}","templated":true}]}}