{"id":18930,"date":"2025-08-14T10:27:30","date_gmt":"2025-08-14T13:27:30","guid":{"rendered":"http:\/\/comunidadtextil.com\/wpnews\/?p=18930"},"modified":"2025-08-14T10:27:30","modified_gmt":"2025-08-14T13:27:30","slug":"reclamo-del-sector-textil-de-uruguay-por-las-compras-a-plataformas-de-venta-online","status":"publish","type":"post","link":"https:\/\/comunidadtextil.com\/wpnews\/2025\/08\/reclamo-del-sector-textil-de-uruguay-por-las-compras-a-plataformas-de-venta-online\/","title":{"rendered":"Reclamo del sector textil de Uruguay por las compras a plataformas de venta online"},"content":{"rendered":"<div id=\"attachment_18925\" style=\"width: 258px\" class=\"wp-caption alignright\"><a href=\"https:\/\/comunidadtextil.com\/wpnews\/wp-content\/uploads\/2025\/08\/Uruguay.-Industria-confeccionista-_4-.jpg\"><img loading=\"lazy\" decoding=\"async\" aria-describedby=\"caption-attachment-18925\" class=\" wp-image-18925\" src=\"https:\/\/comunidadtextil.com\/wpnews\/wp-content\/uploads\/2025\/08\/Uruguay.-Industria-confeccionista-_4--300x195.jpg\" alt=\"\" width=\"248\" height=\"161\" srcset=\"https:\/\/comunidadtextil.com\/wpnews\/wp-content\/uploads\/2025\/08\/Uruguay.-Industria-confeccionista-_4--300x195.jpg 300w, https:\/\/comunidadtextil.com\/wpnews\/wp-content\/uploads\/2025\/08\/Uruguay.-Industria-confeccionista-_4--768x500.jpg 768w, https:\/\/comunidadtextil.com\/wpnews\/wp-content\/uploads\/2025\/08\/Uruguay.-Industria-confeccionista-_4-.jpg 1000w\" sizes=\"auto, (max-width: 248px) 100vw, 248px\" \/><\/a><p id=\"caption-attachment-18925\" class=\"wp-caption-text\">Industria confeccionista en Uruguay.<\/p><\/div>\n<p>La C\u00e1mara Industrial de la Vestimenta (CIV) ha encendido las alarmas por el avance de plataformas internacionales como Temu, Shein y otras, y por la desigualdad de condiciones frente a esos competidores extranjeros. Para los empresarios del sector, este escenario no solo amenaza la rentabilidad de las compa\u00f1\u00edas, sino que pone en riesgo directo a m\u00e1s de 7.000 empleos de producci\u00f3n y cerca de 20.000 puestos de trabajo vinculados a toda la cadena de valor, desde proveedores de insumos hasta log\u00edstica y comercializaci\u00f3n.<\/p>\n<p>La actividad de las plataformas de venta online es hoy un gran problema tambi\u00e9n para los fabricantes uruguayos. Las plataformas han logrado posicionarse con precios extremadamente bajos y env\u00edos a costo casi nulo, un modelo imposible de replicar en Uruguay debido a las cargas fiscales, laborales y log\u00edsticas que deben afrontar las empresas nacionales.<\/p>\n<p><a href=\"https:\/\/comunidadtextil.com\/wpnews\/wp-content\/uploads\/2025\/08\/Uruguay.-Industria-confeccionista-_b-.jpg\"><img loading=\"lazy\" decoding=\"async\" class=\"alignleft  wp-image-18926\" src=\"https:\/\/comunidadtextil.com\/wpnews\/wp-content\/uploads\/2025\/08\/Uruguay.-Industria-confeccionista-_b--300x189.jpg\" alt=\"\" width=\"243\" height=\"153\" srcset=\"https:\/\/comunidadtextil.com\/wpnews\/wp-content\/uploads\/2025\/08\/Uruguay.-Industria-confeccionista-_b--300x189.jpg 300w, https:\/\/comunidadtextil.com\/wpnews\/wp-content\/uploads\/2025\/08\/Uruguay.-Industria-confeccionista-_b--768x484.jpg 768w, https:\/\/comunidadtextil.com\/wpnews\/wp-content\/uploads\/2025\/08\/Uruguay.-Industria-confeccionista-_b-.jpg 900w\" sizes=\"auto, (max-width: 243px) 100vw, 243px\" \/><\/a>La entidad empresaria sostiene que esta situaci\u00f3n constituye una competencia desleal, ya que mientras las empresas uruguayas pagan impuestos y cumplen con estrictas normativas de producci\u00f3n, los productos que llegan del exterior evitan gran parte de esas obligaciones. Ante este escenario, la CIV propone dos caminos: aplicar tributos a las compras internacionales realizadas por encomienda o reducir la carga fiscal que pesa sobre la producci\u00f3n nacional para equilibrar las reglas del juego. \u201cNo pedimos que desaparezcan, pedimos competir en igualdad de condiciones\u201d, subraya Alfredo Barboza, directivo de la entidad empresaria.<\/p>\n<p>El acceso a las licitaciones p\u00fablicas es otro punto cr\u00edtico. Los actuales pliegos estatales contin\u00faan dise\u00f1ados para un modelo productivo que ya no existe: grandes f\u00e1bricas capaces de entregar miles de prendas en plazos muy cortos. La realidad actual de la industria es la de talleres m\u00e1s peque\u00f1os, especializados y con capacidad limitada para responder a esos vol\u00famenes. La CIV propone redise\u00f1ar las licitaciones para dividir grandes pedidos en lotes m\u00e1s manejables, otorgar plazos de entrega razonables y valorar criterios de impacto social y econ\u00f3mico que favorezcan la contrataci\u00f3n de productos fabricados en Uruguay.<\/p>\n<p><a href=\"https:\/\/comunidadtextil.com\/wpnews\/wp-content\/uploads\/2025\/08\/Uruguay.-Industria-confeccionista-_3-.jpg\"><img loading=\"lazy\" decoding=\"async\" class=\" wp-image-18924 alignright\" src=\"https:\/\/comunidadtextil.com\/wpnews\/wp-content\/uploads\/2025\/08\/Uruguay.-Industria-confeccionista-_3--300x201.jpg\" alt=\"\" width=\"243\" height=\"163\" srcset=\"https:\/\/comunidadtextil.com\/wpnews\/wp-content\/uploads\/2025\/08\/Uruguay.-Industria-confeccionista-_3--300x201.jpg 300w, https:\/\/comunidadtextil.com\/wpnews\/wp-content\/uploads\/2025\/08\/Uruguay.-Industria-confeccionista-_3--768x514.jpg 768w, https:\/\/comunidadtextil.com\/wpnews\/wp-content\/uploads\/2025\/08\/Uruguay.-Industria-confeccionista-_3-.jpg 1000w\" sizes=\"auto, (max-width: 243px) 100vw, 243px\" \/><\/a>M\u00e1s all\u00e1 de los cambios normativos, la c\u00e1mara reconoce la necesidad de un compromiso compartido entre Estado, sector privado y consumidores. Se plantea un r\u00e9gimen fiscal diferenciado para PYMEs textiles, campa\u00f1as para fomentar el consumo de productos nacionales, incentivos para la modernizaci\u00f3n tecnol\u00f3gica de los talleres y normativas que obliguen a las plataformas internacionales a transparentar el origen de sus productos y cumplir con est\u00e1ndares laborales y tributarios.<\/p>\n<p>La estrategia del sector busca instalar un concepto de consumo consciente y responsable, donde elegir productos locales sea visto no solo como un acto de patriotismo econ\u00f3mico, sino como una contribuci\u00f3n directa a la sostenibilidad de la industria y al bienestar de miles de familias.<br \/>\n&#8212;&#8212;&#8212;&#8212;&#8212;&#8212;&#8212;&#8212;&#8212;&#8212;&#8212;&#8212;&#8212;&#8212;&#8212;&#8212;&#8211;<br \/>\nAm\u00e9rica Retail \/ Comunidad Textil<\/p>\n<p>\u2014\u2014\u2014\u2014\u2014\u2014\u2014\u2014\u2014\u2014\u2014\u2014\u2014\u2014\u2014\u2014\u2014\u2014\u2014\u2014\u2014\u2014\u2014\u2014\u2014\u2014\u2014\u2014\u2014\u2014\u2014\u2014\u2014\u2014\u2014\u2014\u2014\u2014\u2014<\/p>\n<p dir=\"ltr\">Para comunicarse con ComunidadTextil: <span style=\"color: #3366ff;\"><a style=\"color: #3366ff;\" href=\"mailto:contacto@comunidadtextil.com\">contacto@comunidadtextil.com<\/a><\/span><\/p>\n<table border=\"0\" width=\"460\">\n<tbody>\n<tr>\n<td width=\"auto\"><a href=\"https:\/\/epson.com.ar\/Para-el-trabajo\/Impresoras\/Gran-Formato\/Impresora-Epson-SureColor-F10070\/p\/C11CF84202\" target=\"_blank\" rel=\"noopener\"><img loading=\"lazy\" decoding=\"async\" class=\"aligncenter\" src=\"http:\/\/www.comunidadtextil.com\/publicidad\/2024\/2213251_ARG_VISUAL_DE_MEDIOS_DICIEMBRE_20_COMUNIDAD_TEXTIL_Banner_Gif_300x200_02.gif\" alt=\"\" width=\"300\" height=\"200\" \/><\/a><\/td>\n<td width=\"auto\"><a href=\"https:\/\/www.faiia.com.ar\/programa-crecer\/\" target=\"_blank\" rel=\"noopener\"><img loading=\"lazy\" decoding=\"async\" class=\"aligncenter\" src=\"\/publicidad\/crecer-banner-julio17.gif\" alt=\"\" width=\"300\" height=\"200\" border=\"0\" \/><\/a><\/td>\n<\/tr>\n<\/tbody>\n<\/table>\n","protected":false},"excerpt":{"rendered":"<p>La C\u00e1mara Industrial de la Vestimenta (CIV) ha encendido las alarmas por el avance de plataformas internacionales como Temu, Shein y otras, y por la desigualdad de condiciones frente a esos competidores extranjeros. Para los empresarios del sector, este escenario no solo amenaza la rentabilidad de las compa\u00f1\u00edas, sino que pone en riesgo directo a [&hellip;]<\/p>\n","protected":false},"author":1924,"featured_media":0,"comment_status":"closed","ping_status":"closed","sticky":false,"template":"","format":"standard","meta":{"footnotes":""},"categories":[57,58],"tags":[],"class_list":["post-18930","post","type-post","status-publish","format-standard","hentry","category-mercados","category-noticias-de-america-latina","count-0","even alt","author-adminct","last"],"_links":{"self":[{"href":"https:\/\/comunidadtextil.com\/wpnews\/wp-json\/wp\/v2\/posts\/18930","targetHints":{"allow":["GET"]}}],"collection":[{"href":"https:\/\/comunidadtextil.com\/wpnews\/wp-json\/wp\/v2\/posts"}],"about":[{"href":"https:\/\/comunidadtextil.com\/wpnews\/wp-json\/wp\/v2\/types\/post"}],"author":[{"embeddable":true,"href":"https:\/\/comunidadtextil.com\/wpnews\/wp-json\/wp\/v2\/users\/1924"}],"replies":[{"embeddable":true,"href":"https:\/\/comunidadtextil.com\/wpnews\/wp-json\/wp\/v2\/comments?post=18930"}],"version-history":[{"count":1,"href":"https:\/\/comunidadtextil.com\/wpnews\/wp-json\/wp\/v2\/posts\/18930\/revisions"}],"predecessor-version":[{"id":18931,"href":"https:\/\/comunidadtextil.com\/wpnews\/wp-json\/wp\/v2\/posts\/18930\/revisions\/18931"}],"wp:attachment":[{"href":"https:\/\/comunidadtextil.com\/wpnews\/wp-json\/wp\/v2\/media?parent=18930"}],"wp:term":[{"taxonomy":"category","embeddable":true,"href":"https:\/\/comunidadtextil.com\/wpnews\/wp-json\/wp\/v2\/categories?post=18930"},{"taxonomy":"post_tag","embeddable":true,"href":"https:\/\/comunidadtextil.com\/wpnews\/wp-json\/wp\/v2\/tags?post=18930"}],"curies":[{"name":"wp","href":"https:\/\/api.w.org\/{rel}","templated":true}]}}