{"id":18887,"date":"2025-08-05T10:42:59","date_gmt":"2025-08-05T13:42:59","guid":{"rendered":"http:\/\/comunidadtextil.com\/wpnews\/?p=18887"},"modified":"2025-08-05T10:42:59","modified_gmt":"2025-08-05T13:42:59","slug":"heimtextil-presentara-en-2026-las-propuestas-para-el-diseno-holistico-de-espacios-interiores","status":"publish","type":"post","link":"https:\/\/comunidadtextil.com\/wpnews\/2025\/08\/heimtextil-presentara-en-2026-las-propuestas-para-el-diseno-holistico-de-espacios-interiores\/","title":{"rendered":"Heimtextil presentar\u00e1 en 2026 las propuestas para el dise\u00f1o hol\u00edstico de espacios interiores"},"content":{"rendered":"<p><a href=\"https:\/\/comunidadtextil.com\/wpnews\/wp-content\/uploads\/2025\/08\/heimtex2019-.jpg\"><img loading=\"lazy\" decoding=\"async\" class=\"alignleft wp-image-18864\" src=\"https:\/\/comunidadtextil.com\/wpnews\/wp-content\/uploads\/2025\/08\/heimtex2019--300x203.jpg\" alt=\"\" width=\"245\" height=\"166\" srcset=\"https:\/\/comunidadtextil.com\/wpnews\/wp-content\/uploads\/2025\/08\/heimtex2019--300x203.jpg 300w, https:\/\/comunidadtextil.com\/wpnews\/wp-content\/uploads\/2025\/08\/heimtex2019--768x518.jpg 768w, https:\/\/comunidadtextil.com\/wpnews\/wp-content\/uploads\/2025\/08\/heimtex2019-.jpg 948w\" sizes=\"auto, (max-width: 245px) 100vw, 245px\" \/><\/a>El sal\u00f3n se llevar\u00e1 a cabo del 13 al 16 de enero en Frankfurt, Alemania. Durante las jornadas se exhibir\u00e1n tejidos decorativos y para muebles, papel pintado, suelos, alfombras, colchones, ropa de cama y manteler\u00eda.<\/p>\n<p>Heimtextil reunir\u00e1 nuevamente a los profesionales de la decoraci\u00f3n de interiores con los compradores del rubro hoteler\u00eda y venta minorista de textiles para el hogar. A seis meses de su realizaci\u00f3n, ya confirmaron su presencia marcas l\u00edderes y emergentes del sector.<\/p>\n<p><a href=\"https:\/\/comunidadtextil.com\/wpnews\/wp-content\/uploads\/2025\/08\/heimtextil-detail-.jpg\"><img loading=\"lazy\" decoding=\"async\" class=\" wp-image-18865 alignright\" src=\"https:\/\/comunidadtextil.com\/wpnews\/wp-content\/uploads\/2025\/08\/heimtextil-detail--300x169.jpg\" alt=\"\" width=\"243\" height=\"137\" srcset=\"https:\/\/comunidadtextil.com\/wpnews\/wp-content\/uploads\/2025\/08\/heimtextil-detail--300x169.jpg 300w, https:\/\/comunidadtextil.com\/wpnews\/wp-content\/uploads\/2025\/08\/heimtextil-detail-.jpg 696w\" sizes=\"auto, (max-width: 243px) 100vw, 243px\" \/><\/a>Dentro de las soluciones para el interiorismo, la feria presentar\u00e1 las novedades y tendencias en cuanto a papel pintado, sistemas de protecci\u00f3n solar, tejidos para muebles, suelos, ropa de cama y de mesa, colchones, textiles de ba\u00f1o y decorativos. \u201cEl mercado internacional ha cambiado. Arquitectos, dise\u00f1adores de interiores y compradores buscan una gama completa de productos en un solo lugar. Con la amplia oferta de Heimtextil y la incorporaci\u00f3n de revestimientos de suelo no textiles, estamos proporcionando exactamente eso\u201d afirm\u00f3 Bettina B\u00e4r, directora de Heimtextil.<\/p>\n<p><a href=\"https:\/\/comunidadtextil.com\/wpnews\/wp-content\/uploads\/2025\/08\/1266px-Heimtextil_produktgruppe_bed.jpg\"><img loading=\"lazy\" decoding=\"async\" class=\"alignleft wp-image-18861\" src=\"https:\/\/comunidadtextil.com\/wpnews\/wp-content\/uploads\/2025\/08\/1266px-Heimtextil_produktgruppe_bed-300x224.jpg\" alt=\"\" width=\"244\" height=\"182\" srcset=\"https:\/\/comunidadtextil.com\/wpnews\/wp-content\/uploads\/2025\/08\/1266px-Heimtextil_produktgruppe_bed-300x224.jpg 300w, https:\/\/comunidadtextil.com\/wpnews\/wp-content\/uploads\/2025\/08\/1266px-Heimtextil_produktgruppe_bed-768x573.jpg 768w, https:\/\/comunidadtextil.com\/wpnews\/wp-content\/uploads\/2025\/08\/1266px-Heimtextil_produktgruppe_bed.jpg 1000w\" sizes=\"auto, (max-width: 244px) 100vw, 244px\" \/><\/a>La oferta de papel pintado, moquetas, cortinas y sistemas de protecci\u00f3n solar se concentrar\u00e1 en el Pabell\u00f3n 3 y contar\u00e1 con la presencia de empresas como Forest Group (Pa\u00edses Bajos), H\u00f6pke (Alemania), Ifi Aebe (Grecia), Linder (Francia), Marburger Tapetenfabrik (Alemania), Paulig Teppichweberei (Alemania), Sarlas (Grecia), Tanriverdi (Turqu\u00eda), The Wallfashion House (B\u00e9lgica) y York Wallcoverings (EE.UU.). Por su parte, los miembros del Deco Team realizar\u00e1n presentaciones conjuntas sobre conceptos hol\u00edsticos aplicados a la decoraci\u00f3n de interiores.<\/p>\n<p>El pabell\u00f3n 3.1 estar\u00e1 dedicado a los tejidos por encargo, el cuero y la imitaci\u00f3n de cuero, y las fibras e hilos para muebles y tejidos decorativos. All\u00ed se podr\u00e1n encontrar las propuestas de Indorama Ventures Fibers de Alemania, Manifattura Filtes, Novartiplast y Martinelli Ginetto de Italia, entre otras empresas.<\/p>\n<p>Los tejidos de alta calidad para decoraci\u00f3n, mobiliario y contract tendr\u00e1n su espacio en el pabell\u00f3n 4.1. Entre los expositores de este espacio figuran Edmund Bell (Gran Breta\u00f1a), Manuel Revert (Espa\u00f1a), Vanelli Tekstil (Turqu\u00eda) y Vescom Velvets BV (Pa\u00edses Bajos).<br \/>\n&#8212;&#8212;&#8212;&#8212;&#8212;&#8212;&#8212;&#8212;&#8212;&#8212;&#8212;&#8212;&#8212;&#8212;&#8212;&#8212;&#8212;<br \/>\nNoticiero Textil \/ Comunidad Textil<\/p>\n<p>\u2014\u2014\u2014\u2014\u2014\u2014\u2014\u2014\u2014\u2014\u2014\u2014\u2014\u2014\u2014\u2014\u2014\u2014\u2014\u2014\u2014\u2014\u2014\u2014\u2014\u2014\u2014\u2014\u2014\u2014\u2014\u2014\u2014\u2014\u2014\u2014\u2014\u2014\u2014<\/p>\n<p dir=\"ltr\">Para comunicarse con ComunidadTextil: <span style=\"color: #3366ff;\"><a style=\"color: #3366ff;\" href=\"mailto:contacto@comunidadtextil.com\">contacto@comunidadtextil.com<\/a><\/span><\/p>\n<table border=\"0\" width=\"460\">\n<tbody>\n<tr>\n<td width=\"auto\"><a href=\"http:\/\/www.actibiz.com.ar\" target=\"_blank\" rel=\"noopener\"><img loading=\"lazy\" decoding=\"async\" class=\"aligncenter\" src=\"http:\/\/www.comunidadtextil.com\/publicidad\/actibiz2019.jpg\" alt=\"\" width=\"300\" height=\"200\" border=\"0\" \/><\/a><\/td>\n<td width=\"auto\"><a href=\"http:\/\/www.tikvatex.com.ar\" target=\"_blank\" rel=\"noopener\"><img loading=\"lazy\" decoding=\"async\" class=\"aligncenter\" src=\"http:\/\/www.comunidadtextil.com\/publicidad\/tikvatex062020.png\" alt=\"\" width=\"300\" height=\"190\" border=\"0\" \/><\/a><\/td>\n<\/tr>\n<\/tbody>\n<\/table>\n","protected":false},"excerpt":{"rendered":"<p>El sal\u00f3n se llevar\u00e1 a cabo del 13 al 16 de enero en Frankfurt, Alemania. Durante las jornadas se exhibir\u00e1n tejidos decorativos y para muebles, papel pintado, suelos, alfombras, colchones, ropa de cama y manteler\u00eda. Heimtextil reunir\u00e1 nuevamente a los profesionales de la decoraci\u00f3n de interiores con los compradores del rubro hoteler\u00eda y venta minorista [&hellip;]<\/p>\n","protected":false},"author":1924,"featured_media":0,"comment_status":"closed","ping_status":"closed","sticky":false,"template":"","format":"standard","meta":{"footnotes":""},"categories":[50],"tags":[],"class_list":["post-18887","post","type-post","status-publish","format-standard","hentry","category-ferias-proximas","count-0","even alt","author-adminct","last"],"_links":{"self":[{"href":"https:\/\/comunidadtextil.com\/wpnews\/wp-json\/wp\/v2\/posts\/18887","targetHints":{"allow":["GET"]}}],"collection":[{"href":"https:\/\/comunidadtextil.com\/wpnews\/wp-json\/wp\/v2\/posts"}],"about":[{"href":"https:\/\/comunidadtextil.com\/wpnews\/wp-json\/wp\/v2\/types\/post"}],"author":[{"embeddable":true,"href":"https:\/\/comunidadtextil.com\/wpnews\/wp-json\/wp\/v2\/users\/1924"}],"replies":[{"embeddable":true,"href":"https:\/\/comunidadtextil.com\/wpnews\/wp-json\/wp\/v2\/comments?post=18887"}],"version-history":[{"count":4,"href":"https:\/\/comunidadtextil.com\/wpnews\/wp-json\/wp\/v2\/posts\/18887\/revisions"}],"predecessor-version":[{"id":18891,"href":"https:\/\/comunidadtextil.com\/wpnews\/wp-json\/wp\/v2\/posts\/18887\/revisions\/18891"}],"wp:attachment":[{"href":"https:\/\/comunidadtextil.com\/wpnews\/wp-json\/wp\/v2\/media?parent=18887"}],"wp:term":[{"taxonomy":"category","embeddable":true,"href":"https:\/\/comunidadtextil.com\/wpnews\/wp-json\/wp\/v2\/categories?post=18887"},{"taxonomy":"post_tag","embeddable":true,"href":"https:\/\/comunidadtextil.com\/wpnews\/wp-json\/wp\/v2\/tags?post=18887"}],"curies":[{"name":"wp","href":"https:\/\/api.w.org\/{rel}","templated":true}]}}