{"id":18836,"date":"2025-07-29T11:40:14","date_gmt":"2025-07-29T14:40:14","guid":{"rendered":"http:\/\/comunidadtextil.com\/wpnews\/?p=18836"},"modified":"2025-07-29T11:40:14","modified_gmt":"2025-07-29T14:40:14","slug":"milano-unica-finalizo-su-41a-edicion-con-un-aumento-del-10-de-visitantes-extranjeros","status":"publish","type":"post","link":"https:\/\/comunidadtextil.com\/wpnews\/2025\/07\/milano-unica-finalizo-su-41a-edicion-con-un-aumento-del-10-de-visitantes-extranjeros\/","title":{"rendered":"Milano Unica finaliz\u00f3 su 41\u00aa edici\u00f3n con un aumento del 10% de visitantes extranjeros"},"content":{"rendered":"<p>Con una fuerte presencia de compradores europeos, el sal\u00f3n textil italiano se llev\u00f3 a cabo del 8 al 10 de julio. El 45% de los expositores proven\u00edan de pa\u00edses que no eran Italia. Creci\u00f3 la participaci\u00f3n japonesa, pero disminuy\u00f3 el n\u00famero de compradores chinos.<\/p>\n<table>\n<tbody>\n<tr>\n<td><a href=\"https:\/\/comunidadtextil.com\/wpnews\/wp-content\/uploads\/2025\/07\/Milano_Unica_2025-.jpg\"><img loading=\"lazy\" decoding=\"async\" class=\"size-medium wp-image-18812 aligncenter\" src=\"https:\/\/comunidadtextil.com\/wpnews\/wp-content\/uploads\/2025\/07\/Milano_Unica_2025--300x200.jpg\" alt=\"\" width=\"300\" height=\"200\" srcset=\"https:\/\/comunidadtextil.com\/wpnews\/wp-content\/uploads\/2025\/07\/Milano_Unica_2025--300x200.jpg 300w, https:\/\/comunidadtextil.com\/wpnews\/wp-content\/uploads\/2025\/07\/Milano_Unica_2025--768x512.jpg 768w, https:\/\/comunidadtextil.com\/wpnews\/wp-content\/uploads\/2025\/07\/Milano_Unica_2025-.jpg 1000w\" sizes=\"auto, (max-width: 300px) 100vw, 300px\" \/><\/a><\/td>\n<td><a href=\"https:\/\/comunidadtextil.com\/wpnews\/wp-content\/uploads\/2025\/07\/Milano_Unica_41_-2025-_3a.jpg\"><img loading=\"lazy\" decoding=\"async\" class=\"size-medium wp-image-18818 aligncenter\" src=\"https:\/\/comunidadtextil.com\/wpnews\/wp-content\/uploads\/2025\/07\/Milano_Unica_41_-2025-_3a-300x200.jpg\" alt=\"\" width=\"300\" height=\"200\" srcset=\"https:\/\/comunidadtextil.com\/wpnews\/wp-content\/uploads\/2025\/07\/Milano_Unica_41_-2025-_3a-300x200.jpg 300w, https:\/\/comunidadtextil.com\/wpnews\/wp-content\/uploads\/2025\/07\/Milano_Unica_41_-2025-_3a-768x511.jpg 768w, https:\/\/comunidadtextil.com\/wpnews\/wp-content\/uploads\/2025\/07\/Milano_Unica_41_-2025-_3a.jpg 800w\" sizes=\"auto, (max-width: 300px) 100vw, 300px\" \/><\/a><\/td>\n<td><a href=\"https:\/\/comunidadtextil.com\/wpnews\/wp-content\/uploads\/2025\/07\/Milano-Unica-_3-.jpg\"><img loading=\"lazy\" decoding=\"async\" class=\" wp-image-18811 aligncenter\" src=\"https:\/\/comunidadtextil.com\/wpnews\/wp-content\/uploads\/2025\/07\/Milano-Unica-_3--300x228.jpg\" alt=\"\" width=\"261\" height=\"199\" srcset=\"https:\/\/comunidadtextil.com\/wpnews\/wp-content\/uploads\/2025\/07\/Milano-Unica-_3--300x228.jpg 300w, https:\/\/comunidadtextil.com\/wpnews\/wp-content\/uploads\/2025\/07\/Milano-Unica-_3--768x585.jpg 768w, https:\/\/comunidadtextil.com\/wpnews\/wp-content\/uploads\/2025\/07\/Milano-Unica-_3-.jpg 858w\" sizes=\"auto, (max-width: 261px) 100vw, 261px\" \/><\/a><\/td>\n<\/tr>\n<\/tbody>\n<\/table>\n<p>De acuerdo al balance publicado por la organizaci\u00f3n de Milano Unica, la feria registr\u00f3 un aumento promedio del 10% en cuanto a visitantes extranjeros. El mayor crecimiento se vio en visitantes de Pa\u00edses Bajos, Alemania y el Reino Unido. Por su parte, el sal\u00f3n fue visitado por un 16% m\u00e1s de norteamericanos y un 14% m\u00e1s de franceses.<\/p>\n<p>Los datos, que se miden en relaci\u00f3n a las visitas de 2024, marcaron un aumento de la presencia japonesa de 9,5%. Como contrapartida, el n\u00famero de compradores chinos cay\u00f3 3,5% y 14% los coreanos.<\/p>\n<div id=\"attachment_18816\" style=\"width: 180px\" class=\"wp-caption alignleft\"><a href=\"https:\/\/comunidadtextil.com\/wpnews\/wp-content\/uploads\/2025\/07\/Simone-Canclini-presidente-de-Milano-Unica.-_2b.jpg\"><img loading=\"lazy\" decoding=\"async\" aria-describedby=\"caption-attachment-18816\" class=\" wp-image-18816\" src=\"https:\/\/comunidadtextil.com\/wpnews\/wp-content\/uploads\/2025\/07\/Simone-Canclini-presidente-de-Milano-Unica.-_2b-245x300.jpg\" alt=\"\" width=\"170\" height=\"208\" srcset=\"https:\/\/comunidadtextil.com\/wpnews\/wp-content\/uploads\/2025\/07\/Simone-Canclini-presidente-de-Milano-Unica.-_2b-245x300.jpg 245w, https:\/\/comunidadtextil.com\/wpnews\/wp-content\/uploads\/2025\/07\/Simone-Canclini-presidente-de-Milano-Unica.-_2b-835x1024.jpg 835w, https:\/\/comunidadtextil.com\/wpnews\/wp-content\/uploads\/2025\/07\/Simone-Canclini-presidente-de-Milano-Unica.-_2b-768x942.jpg 768w, https:\/\/comunidadtextil.com\/wpnews\/wp-content\/uploads\/2025\/07\/Simone-Canclini-presidente-de-Milano-Unica.-_2b.jpg 886w\" sizes=\"auto, (max-width: 170px) 100vw, 170px\" \/><\/a><p id=\"caption-attachment-18816\" class=\"wp-caption-text\">Simone Canclini, presidente de Milano Unica.<\/p><\/div>\n<p>Simone Canclini, presidente de Milano Unica, celebr\u00f3 el aumento de compradores extranjeros aunque reconoci\u00f3 que \u201cen la v\u00edspera del evento, est\u00e1bamos preocupados por la participaci\u00f3n internacional, viendo la compleja situaci\u00f3n geopol\u00edtica y econ\u00f3mica global\u201d.<\/p>\n<p>\u201cSin embargo, la 41\u00aa edici\u00f3n de MU ha fortalecido nuestro rol como plataforma comercial mundial. Pr\u00e1cticamente todos los mercados de exportaci\u00f3n claves para el textil y los accesorios \u2018made-in-Italy\u2019, tanto europeos como extracomunitarios, respondieron positivamente. Mientras que el rendimiento real se ver\u00e1 en 2026, el feedback de nuestros expositores en cuanto a negocios y contacto con compradores ha sido positivo. Nos permite mirar al futuro con un optimismo moderado\u201d a\u00f1adi\u00f3 el directivo.<br \/>\n&#8212;&#8212;&#8212;&#8212;&#8212;&#8212;&#8212;&#8212;&#8212;&#8212;&#8212;&#8212;&#8212;&#8212;&#8212;&#8211;<br \/>\nPinker Moda \/ Comunidad Textil<\/p>\n<p>\u2014\u2014\u2014\u2014\u2014\u2014\u2014\u2014\u2014\u2014\u2014\u2014\u2014\u2014\u2014\u2014\u2014\u2014\u2014\u2014\u2014\u2014\u2014\u2014\u2014\u2014\u2014\u2014\u2014\u2014\u2014\u2014\u2014\u2014\u2014\u2014\u2014\u2014\u2014<\/p>\n<p dir=\"ltr\">Para comunicarse con ComunidadTextil: <span style=\"color: #3366ff;\"><a style=\"color: #3366ff;\" href=\"mailto:contacto@comunidadtextil.com\">contacto@comunidadtextil.com<\/a><\/span><\/p>\n<table border=\"0\" width=\"460\">\n<tbody>\n<tr>\n<td width=\"auto\"><a href=\"https:\/\/algoselanflandria.com.ar\/\" target=\"_blank\" rel=\"noopener\"><img loading=\"lazy\" decoding=\"async\" class=\"aligncenter\" src=\"http:\/\/comunidadtextil.com\/publicidad\/af-2020-300x200px.gif\" alt=\"\" width=\"300\" height=\"200\" border=\"0\" \/><\/a><\/td>\n<td width=\"auto\"><a href=\"https:\/\/ciaindumentaria.com.ar\/servicios\/\" target=\"_blank\" rel=\"noopener\"><img loading=\"lazy\" decoding=\"async\" class=\"aligncenter\" src=\"http:\/\/comunidadtextil.com\/publicidad\/banner-ciai.gif\" alt=\"\" width=\"300\" height=\"153\" border=\"0\" \/><\/a><\/td>\n<\/tr>\n<\/tbody>\n<\/table>\n","protected":false},"excerpt":{"rendered":"<p>Con una fuerte presencia de compradores europeos, el sal\u00f3n textil italiano se llev\u00f3 a cabo del 8 al 10 de julio. El 45% de los expositores proven\u00edan de pa\u00edses que no eran Italia. Creci\u00f3 la participaci\u00f3n japonesa, pero disminuy\u00f3 el n\u00famero de compradores chinos. De acuerdo al balance publicado por la organizaci\u00f3n de Milano Unica, [&hellip;]<\/p>\n","protected":false},"author":1924,"featured_media":0,"comment_status":"closed","ping_status":"closed","sticky":false,"template":"","format":"standard","meta":{"footnotes":""},"categories":[51],"tags":[],"class_list":["post-18836","post","type-post","status-publish","format-standard","hentry","category-ferias-realizadas","count-0","even alt","author-adminct","last"],"_links":{"self":[{"href":"https:\/\/comunidadtextil.com\/wpnews\/wp-json\/wp\/v2\/posts\/18836","targetHints":{"allow":["GET"]}}],"collection":[{"href":"https:\/\/comunidadtextil.com\/wpnews\/wp-json\/wp\/v2\/posts"}],"about":[{"href":"https:\/\/comunidadtextil.com\/wpnews\/wp-json\/wp\/v2\/types\/post"}],"author":[{"embeddable":true,"href":"https:\/\/comunidadtextil.com\/wpnews\/wp-json\/wp\/v2\/users\/1924"}],"replies":[{"embeddable":true,"href":"https:\/\/comunidadtextil.com\/wpnews\/wp-json\/wp\/v2\/comments?post=18836"}],"version-history":[{"count":3,"href":"https:\/\/comunidadtextil.com\/wpnews\/wp-json\/wp\/v2\/posts\/18836\/revisions"}],"predecessor-version":[{"id":18839,"href":"https:\/\/comunidadtextil.com\/wpnews\/wp-json\/wp\/v2\/posts\/18836\/revisions\/18839"}],"wp:attachment":[{"href":"https:\/\/comunidadtextil.com\/wpnews\/wp-json\/wp\/v2\/media?parent=18836"}],"wp:term":[{"taxonomy":"category","embeddable":true,"href":"https:\/\/comunidadtextil.com\/wpnews\/wp-json\/wp\/v2\/categories?post=18836"},{"taxonomy":"post_tag","embeddable":true,"href":"https:\/\/comunidadtextil.com\/wpnews\/wp-json\/wp\/v2\/tags?post=18836"}],"curies":[{"name":"wp","href":"https:\/\/api.w.org\/{rel}","templated":true}]}}