{"id":18701,"date":"2025-07-01T13:28:39","date_gmt":"2025-07-01T16:28:39","guid":{"rendered":"http:\/\/comunidadtextil.com\/wpnews\/?p=18701"},"modified":"2025-07-01T13:28:39","modified_gmt":"2025-07-01T16:28:39","slug":"intertextile-shanghai-home-textiles-tendra-15-zonas-de-productos-y-eventos-paralelos","status":"publish","type":"post","link":"https:\/\/comunidadtextil.com\/wpnews\/2025\/07\/intertextile-shanghai-home-textiles-tendra-15-zonas-de-productos-y-eventos-paralelos\/","title":{"rendered":"Intertextile Shanghai Home Textiles tendr\u00e1 15 zonas de productos y eventos paralelos"},"content":{"rendered":"<p>El sal\u00f3n de textiles para el hogar y contract tendr\u00e1 lugar del 20 al 22 de agosto en la ciudad china. Intertextile Shanghai Home Textiles presentar\u00e1 las \u00faltimas novedades del sector y una variada oferta de ropa de cama, cortinas y sus tejidos, estudios de dise\u00f1o, cuero, tapicer\u00eda y tejidos para sof\u00e1s.<\/p>\n<table>\n<tbody>\n<tr>\n<td><a href=\"https:\/\/comunidadtextil.com\/wpnews\/wp-content\/uploads\/2025\/07\/Intertextile-Shanghai-_9-.jpg-.jpg\"><img loading=\"lazy\" decoding=\"async\" class=\"size-medium wp-image-18689 aligncenter\" src=\"https:\/\/comunidadtextil.com\/wpnews\/wp-content\/uploads\/2025\/07\/Intertextile-Shanghai-_9-.jpg--300x200.jpg\" alt=\"\" width=\"300\" height=\"200\" srcset=\"https:\/\/comunidadtextil.com\/wpnews\/wp-content\/uploads\/2025\/07\/Intertextile-Shanghai-_9-.jpg--300x200.jpg 300w, https:\/\/comunidadtextil.com\/wpnews\/wp-content\/uploads\/2025\/07\/Intertextile-Shanghai-_9-.jpg--768x512.jpg 768w, https:\/\/comunidadtextil.com\/wpnews\/wp-content\/uploads\/2025\/07\/Intertextile-Shanghai-_9-.jpg-.jpg 1000w\" sizes=\"auto, (max-width: 300px) 100vw, 300px\" \/><\/a><\/td>\n<td><a href=\"https:\/\/comunidadtextil.com\/wpnews\/wp-content\/uploads\/2025\/07\/Intertextile-Shanghai-_2-.jpg\"><img loading=\"lazy\" decoding=\"async\" class=\"size-medium wp-image-18687 aligncenter\" src=\"https:\/\/comunidadtextil.com\/wpnews\/wp-content\/uploads\/2025\/07\/Intertextile-Shanghai-_2--300x200.jpg\" alt=\"\" width=\"300\" height=\"200\" srcset=\"https:\/\/comunidadtextil.com\/wpnews\/wp-content\/uploads\/2025\/07\/Intertextile-Shanghai-_2--300x200.jpg 300w, https:\/\/comunidadtextil.com\/wpnews\/wp-content\/uploads\/2025\/07\/Intertextile-Shanghai-_2--768x512.jpg 768w, https:\/\/comunidadtextil.com\/wpnews\/wp-content\/uploads\/2025\/07\/Intertextile-Shanghai-_2-.jpg 1000w\" sizes=\"auto, (max-width: 300px) 100vw, 300px\" \/><\/a><\/td>\n<\/tr>\n<\/tbody>\n<\/table>\n<p>Intertextile Shanghai Home Textiles se prepara para una nueva edici\u00f3n en la ciudad china, que se ha convertido en un mercado con demanda creciente y la feria es una oportunidad para captar nuevos clientes.<\/p>\n<p>En esta edici\u00f3n, la Zona de Editores mostrar\u00e1 una selecci\u00f3n de expositores centrados en el dise\u00f1o, entre los cuales destacan Morphrow, de Pa\u00edses Bajos; Prestigious Textiles, de Reino Unido, y Raffinato, de Estados Unidos.<\/p>\n<p>\u201cNuestros principales objetivos como expositores son promocionar nuestras marcas, ampliar nuestra presencia en el mercado y ofrecer mejores productos a nuestros clientes a trav\u00e9s de esta feria. En el mercado actual, observamos una creciente demanda de productos sostenibles y funcionales, as\u00ed como de dise\u00f1os est\u00e9ticamente atractivo\u201d se\u00f1al\u00f3 el director de ventas de Prestigious Textiles China.<\/p>\n<table>\n<tbody>\n<tr>\n<td><a href=\"https:\/\/comunidadtextil.com\/wpnews\/wp-content\/uploads\/2025\/07\/Intertextile-Shanghai-_6-.jpg-.jpg\"><img loading=\"lazy\" decoding=\"async\" class=\"size-medium wp-image-18688 aligncenter\" src=\"https:\/\/comunidadtextil.com\/wpnews\/wp-content\/uploads\/2025\/07\/Intertextile-Shanghai-_6-.jpg--300x200.jpg\" alt=\"\" width=\"300\" height=\"200\" srcset=\"https:\/\/comunidadtextil.com\/wpnews\/wp-content\/uploads\/2025\/07\/Intertextile-Shanghai-_6-.jpg--300x200.jpg 300w, https:\/\/comunidadtextil.com\/wpnews\/wp-content\/uploads\/2025\/07\/Intertextile-Shanghai-_6-.jpg--1024x682.jpg 1024w, https:\/\/comunidadtextil.com\/wpnews\/wp-content\/uploads\/2025\/07\/Intertextile-Shanghai-_6-.jpg--768x512.jpg 768w, https:\/\/comunidadtextil.com\/wpnews\/wp-content\/uploads\/2025\/07\/Intertextile-Shanghai-_6-.jpg--1536x1023.jpg 1536w, https:\/\/comunidadtextil.com\/wpnews\/wp-content\/uploads\/2025\/07\/Intertextile-Shanghai-_6-.jpg-.jpg 1600w\" sizes=\"auto, (max-width: 300px) 100vw, 300px\" \/><\/a><\/td>\n<td><a href=\"https:\/\/comunidadtextil.com\/wpnews\/wp-content\/uploads\/2025\/07\/Intertextile-Shanghai-Home-Texile1.jpg\"><img loading=\"lazy\" decoding=\"async\" class=\"size-medium wp-image-18696 aligncenter\" src=\"https:\/\/comunidadtextil.com\/wpnews\/wp-content\/uploads\/2025\/07\/Intertextile-Shanghai-Home-Texile1-300x200.jpg\" alt=\"\" width=\"300\" height=\"200\" srcset=\"https:\/\/comunidadtextil.com\/wpnews\/wp-content\/uploads\/2025\/07\/Intertextile-Shanghai-Home-Texile1-300x200.jpg 300w, https:\/\/comunidadtextil.com\/wpnews\/wp-content\/uploads\/2025\/07\/Intertextile-Shanghai-Home-Texile1-1024x682.jpg 1024w, https:\/\/comunidadtextil.com\/wpnews\/wp-content\/uploads\/2025\/07\/Intertextile-Shanghai-Home-Texile1-768x512.jpg 768w, https:\/\/comunidadtextil.com\/wpnews\/wp-content\/uploads\/2025\/07\/Intertextile-Shanghai-Home-Texile1.jpg 1400w\" sizes=\"auto, (max-width: 300px) 100vw, 300px\" \/><\/a><\/td>\n<td><a href=\"https:\/\/comunidadtextil.com\/wpnews\/wp-content\/uploads\/2025\/07\/Intertextile-Shanghai-Home-Texile-_17a.jpg\"><img loading=\"lazy\" decoding=\"async\" class=\"size-medium wp-image-18697 aligncenter\" src=\"https:\/\/comunidadtextil.com\/wpnews\/wp-content\/uploads\/2025\/07\/Intertextile-Shanghai-Home-Texile-_17a-300x200.jpg\" alt=\"\" width=\"300\" height=\"200\" srcset=\"https:\/\/comunidadtextil.com\/wpnews\/wp-content\/uploads\/2025\/07\/Intertextile-Shanghai-Home-Texile-_17a-300x200.jpg 300w, https:\/\/comunidadtextil.com\/wpnews\/wp-content\/uploads\/2025\/07\/Intertextile-Shanghai-Home-Texile-_17a-1024x682.jpg 1024w, https:\/\/comunidadtextil.com\/wpnews\/wp-content\/uploads\/2025\/07\/Intertextile-Shanghai-Home-Texile-_17a-768x512.jpg 768w, https:\/\/comunidadtextil.com\/wpnews\/wp-content\/uploads\/2025\/07\/Intertextile-Shanghai-Home-Texile-_17a.jpg 1400w\" sizes=\"auto, (max-width: 300px) 100vw, 300px\" \/><\/a><\/td>\n<\/tr>\n<\/tbody>\n<\/table>\n<p>Adem\u00e1s de la oferta de productos textiles, en el sal\u00f3n se desarrollar\u00e1n una serie de eventos que incluyen foros, seminarios y lanzamiento de productos. Estas actividades estar\u00e1n organizadas en torno a cuatro temas clave: Palette, centrado en la creatividad; Connector para el intercambio de experiencias; NextGen enfocado en los avances del sector y Econogy que presentar\u00e1 las tendencias en sostenibilidad.<br \/>\n&#8212;&#8212;&#8212;&#8212;&#8212;&#8212;&#8212;&#8212;&#8212;&#8212;&#8212;&#8212;&#8212;&#8212;&#8212;&#8212;&#8212;<br \/>\nPinker Moda \/ Comunidad Textil<\/p>\n<p>\u2014\u2014\u2014\u2014\u2014\u2014\u2014\u2014\u2014\u2014\u2014\u2014\u2014\u2014\u2014\u2014\u2014\u2014\u2014\u2014\u2014\u2014\u2014\u2014\u2014\u2014\u2014\u2014\u2014\u2014\u2014\u2014\u2014\u2014\u2014\u2014\u2014\u2014\u2014<\/p>\n<p dir=\"ltr\">Para comunicarse con ComunidadTextil: <span style=\"color: #3366ff;\"><a style=\"color: #3366ff;\" href=\"mailto:contacto@comunidadtextil.com\">contacto@comunidadtextil.com<\/a><\/span><\/p>\n<table border=\"0\" width=\"460\">\n<tbody>\n<tr>\n<td width=\"auto\"><a href=\"https:\/\/maredamare.underbeach.eu\/en\/\" target=\"_blank\" rel=\"noopener\"><img loading=\"lazy\" decoding=\"async\" class=\"aligncenter\" src=\"http:\/\/www.comunidadtextil.com\/publicidad\/2025\/maredamare2025.jpg\" alt=\"\" width=\"300\" height=\"179\" \/><\/a><\/td>\n<td width=\"auto\"><a href=\"http:\/\/www.tikvatex.com.ar\" target=\"_blank\" rel=\"noopener\"><img loading=\"lazy\" decoding=\"async\" class=\"aligncenter\" src=\"http:\/\/www.comunidadtextil.com\/publicidad\/tikvatex062020.png\" alt=\"\" width=\"300\" height=\"190\" border=\"0\" \/><\/a><\/td>\n<\/tr>\n<\/tbody>\n<\/table>\n","protected":false},"excerpt":{"rendered":"<p>El sal\u00f3n de textiles para el hogar y contract tendr\u00e1 lugar del 20 al 22 de agosto en la ciudad china. Intertextile Shanghai Home Textiles presentar\u00e1 las \u00faltimas novedades del sector y una variada oferta de ropa de cama, cortinas y sus tejidos, estudios de dise\u00f1o, cuero, tapicer\u00eda y tejidos para sof\u00e1s. Intertextile Shanghai Home [&hellip;]<\/p>\n","protected":false},"author":1924,"featured_media":0,"comment_status":"closed","ping_status":"closed","sticky":false,"template":"","format":"standard","meta":{"footnotes":""},"categories":[50],"tags":[],"class_list":["post-18701","post","type-post","status-publish","format-standard","hentry","category-ferias-proximas","count-0","even alt","author-adminct","last"],"_links":{"self":[{"href":"https:\/\/comunidadtextil.com\/wpnews\/wp-json\/wp\/v2\/posts\/18701","targetHints":{"allow":["GET"]}}],"collection":[{"href":"https:\/\/comunidadtextil.com\/wpnews\/wp-json\/wp\/v2\/posts"}],"about":[{"href":"https:\/\/comunidadtextil.com\/wpnews\/wp-json\/wp\/v2\/types\/post"}],"author":[{"embeddable":true,"href":"https:\/\/comunidadtextil.com\/wpnews\/wp-json\/wp\/v2\/users\/1924"}],"replies":[{"embeddable":true,"href":"https:\/\/comunidadtextil.com\/wpnews\/wp-json\/wp\/v2\/comments?post=18701"}],"version-history":[{"count":1,"href":"https:\/\/comunidadtextil.com\/wpnews\/wp-json\/wp\/v2\/posts\/18701\/revisions"}],"predecessor-version":[{"id":18702,"href":"https:\/\/comunidadtextil.com\/wpnews\/wp-json\/wp\/v2\/posts\/18701\/revisions\/18702"}],"wp:attachment":[{"href":"https:\/\/comunidadtextil.com\/wpnews\/wp-json\/wp\/v2\/media?parent=18701"}],"wp:term":[{"taxonomy":"category","embeddable":true,"href":"https:\/\/comunidadtextil.com\/wpnews\/wp-json\/wp\/v2\/categories?post=18701"},{"taxonomy":"post_tag","embeddable":true,"href":"https:\/\/comunidadtextil.com\/wpnews\/wp-json\/wp\/v2\/tags?post=18701"}],"curies":[{"name":"wp","href":"https:\/\/api.w.org\/{rel}","templated":true}]}}