{"id":18274,"date":"2025-04-09T11:16:55","date_gmt":"2025-04-09T14:16:55","guid":{"rendered":"http:\/\/comunidadtextil.com\/wpnews\/?p=18274"},"modified":"2025-04-09T13:14:45","modified_gmt":"2025-04-09T16:14:45","slug":"chic-la-monumental-feria-de-productos-de-moda-de-china-recibio-mas-de-165-000-vistas","status":"publish","type":"post","link":"https:\/\/comunidadtextil.com\/wpnews\/2025\/04\/chic-la-monumental-feria-de-productos-de-moda-de-china-recibio-mas-de-165-000-vistas\/","title":{"rendered":"CHIC, la monumental feria de productos de moda de China, recibi\u00f3 m\u00e1s de 165.000 visitas"},"content":{"rendered":"<div id=\"attachment_18268\" style=\"width: 257px\" class=\"wp-caption alignleft\"><a href=\"https:\/\/comunidadtextil.com\/wpnews\/wp-content\/uploads\/2025\/04\/Vista-general-de-la-ultima-feria-presencial-de-la-feria-Chic.jpg\"><img loading=\"lazy\" decoding=\"async\" aria-describedby=\"caption-attachment-18268\" class=\"wp-image-18268 \" src=\"https:\/\/comunidadtextil.com\/wpnews\/wp-content\/uploads\/2025\/04\/Vista-general-de-la-ultima-feria-presencial-de-la-feria-Chic-300x197.jpg\" alt=\"\" width=\"247\" height=\"162\" srcset=\"https:\/\/comunidadtextil.com\/wpnews\/wp-content\/uploads\/2025\/04\/Vista-general-de-la-ultima-feria-presencial-de-la-feria-Chic-300x197.jpg 300w, https:\/\/comunidadtextil.com\/wpnews\/wp-content\/uploads\/2025\/04\/Vista-general-de-la-ultima-feria-presencial-de-la-feria-Chic-768x503.jpg 768w, https:\/\/comunidadtextil.com\/wpnews\/wp-content\/uploads\/2025\/04\/Vista-general-de-la-ultima-feria-presencial-de-la-feria-Chic.jpg 1000w\" sizes=\"auto, (max-width: 247px) 100vw, 247px\" \/><\/a><p id=\"caption-attachment-18268\" class=\"wp-caption-text\">Vista general de la \u00faltima feria presencial de la feria Chic.<\/p><\/div>\n<p>CHIC se realiza en Shangh\u00e1i y es una de los eventos feriales m\u00e1s grandes del continente asi\u00e1tico. Fue visitada por una multitud de compradores y visitantes. Los expositores estaban organizados en 12 categor\u00edas para facilitar la ruta de los compradores. La feria se realiz\u00f3 bajo el lema \u201cNuevas marcas, nuevos canales, nuevas est\u00e9ticas\u201d, y present\u00f3 las \u00faltimas novedades en tendencias de indumentaria.<\/p>\n<p>El espacio estuvo organizado en categor\u00edas entre las cuales se encontraban CHIC mujer, CHIC hombre, CHIC infantil, CHIC Young Blood (streetwear y moda urbana), CHIC invierno, moda digital, CHIC Impulsa (para dise\u00f1adores emergentes), CHIC accesorios, bolsos y calzado, outdoor y deporte, denim y Chinese Style que present\u00f3 centenares de marcas originarias del pa\u00eds.<\/p>\n<p>\u201cCHIC es mucho m\u00e1s que un sal\u00f3n comercial, es el centro neur\u00e1lgico de la industria de la moda en Asia. Este a\u00f1o hemos batido r\u00e9cords de asistencia, confirmando el dinamismo del mercado chino y su relevancia para las marcas internacionales. Para triunfar en China, aqu\u00ed encontrar\u00e1n socios ideales, canales de venta y oportunidades clave de mercado\u201d se\u00f1al\u00f3 al respecto Chen Dapeng, vicepresidente del China National Textile Council y presidente de la China National Garment Association y de CHIC.<\/p>\n<table>\n<tbody>\n<tr>\n<td><a href=\"https:\/\/comunidadtextil.com\/wpnews\/wp-content\/uploads\/2025\/04\/CHIC-0317-Opening-1.jpg\"><img loading=\"lazy\" decoding=\"async\" class=\" wp-image-18258 aligncenter\" src=\"https:\/\/comunidadtextil.com\/wpnews\/wp-content\/uploads\/2025\/04\/CHIC-0317-Opening-1-300x203.jpg\" alt=\"\" width=\"273\" height=\"185\" srcset=\"https:\/\/comunidadtextil.com\/wpnews\/wp-content\/uploads\/2025\/04\/CHIC-0317-Opening-1-300x203.jpg 300w, https:\/\/comunidadtextil.com\/wpnews\/wp-content\/uploads\/2025\/04\/CHIC-0317-Opening-1-768x520.jpg 768w, https:\/\/comunidadtextil.com\/wpnews\/wp-content\/uploads\/2025\/04\/CHIC-0317-Opening-1.jpg 1000w\" sizes=\"auto, (max-width: 273px) 100vw, 273px\" \/><\/a><\/td>\n<td><a href=\"https:\/\/comunidadtextil.com\/wpnews\/wp-content\/uploads\/2025\/04\/CHIC_1.jpg\"><img loading=\"lazy\" decoding=\"async\" class=\"size-medium wp-image-18255 aligncenter\" src=\"https:\/\/comunidadtextil.com\/wpnews\/wp-content\/uploads\/2025\/04\/CHIC_1-300x185.jpg\" alt=\"\" width=\"300\" height=\"185\" srcset=\"https:\/\/comunidadtextil.com\/wpnews\/wp-content\/uploads\/2025\/04\/CHIC_1-300x185.jpg 300w, https:\/\/comunidadtextil.com\/wpnews\/wp-content\/uploads\/2025\/04\/CHIC_1.jpg 640w\" sizes=\"auto, (max-width: 300px) 100vw, 300px\" \/><\/a><\/td>\n<\/tr>\n<\/tbody>\n<\/table>\n<p>La feria cont\u00f3 con una serie de eventos y espacios especiales para facilitar los negocios y promover el networking. En el CHIC Brand Show se realizaron desfiles de marcas locales como Zhong Ying. El China Fashion Forum convoc\u00f3 a expertos del sector que disertaron sobre moda y tendencias. Tambi\u00e9n hubo mesas redondas que trataron la actualidad del sector y conferencias espec\u00edficas sobre comercio electr\u00f3nico y compras mayoristas.<\/p>\n<table>\n<tbody>\n<tr>\n<td><a href=\"https:\/\/comunidadtextil.com\/wpnews\/wp-content\/uploads\/2025\/04\/chic_2.jpg\"><img loading=\"lazy\" decoding=\"async\" class=\" wp-image-18256 aligncenter\" src=\"https:\/\/comunidadtextil.com\/wpnews\/wp-content\/uploads\/2025\/04\/chic_2-300x185.jpg\" alt=\"\" width=\"274\" height=\"169\" srcset=\"https:\/\/comunidadtextil.com\/wpnews\/wp-content\/uploads\/2025\/04\/chic_2-300x185.jpg 300w, https:\/\/comunidadtextil.com\/wpnews\/wp-content\/uploads\/2025\/04\/chic_2.jpg 700w\" sizes=\"auto, (max-width: 274px) 100vw, 274px\" \/><\/a><\/td>\n<td><a href=\"https:\/\/comunidadtextil.com\/wpnews\/wp-content\/uploads\/2025\/04\/chic_3.jpg\"><img loading=\"lazy\" decoding=\"async\" class=\"size-medium wp-image-18257 aligncenter\" src=\"https:\/\/comunidadtextil.com\/wpnews\/wp-content\/uploads\/2025\/04\/chic_3-300x169.jpg\" alt=\"\" width=\"300\" height=\"169\" srcset=\"https:\/\/comunidadtextil.com\/wpnews\/wp-content\/uploads\/2025\/04\/chic_3-300x169.jpg 300w, https:\/\/comunidadtextil.com\/wpnews\/wp-content\/uploads\/2025\/04\/chic_3.jpg 700w\" sizes=\"auto, (max-width: 300px) 100vw, 300px\" \/><\/a><\/td>\n<\/tr>\n<\/tbody>\n<\/table>\n<p>La pr\u00f3xima edici\u00f3n de CHIC se llevar\u00e1 a cabo del 2 al 4 de septiembre en Shangh\u00e1i.<br \/>\n&#8212;&#8212;&#8212;&#8212;&#8212;&#8212;&#8212;&#8212;&#8212;&#8212;&#8212;&#8212;&#8212;&#8212;&#8212;&#8211;<br \/>\nPinker Moda \/ Comunidad Textil<\/p>\n<p>\u2014\u2014\u2014\u2014\u2014\u2014\u2014\u2014\u2014\u2014\u2014\u2014\u2014\u2014\u2014\u2014\u2014\u2014\u2014\u2014\u2014\u2014\u2014\u2014\u2014\u2014\u2014\u2014\u2014\u2014\u2014\u2014\u2014\u2014\u2014\u2014\u2014\u2014\u2014<\/p>\n<p dir=\"ltr\">Para comunicarse con ComunidadTextil: <span style=\"color: #3366ff;\"><a style=\"color: #3366ff;\" href=\"mailto:contacto@comunidadtextil.com\">contacto@comunidadtextil.com<\/a><\/span><\/p>\n<table border=\"0\" width=\"460\">\n<tbody>\n<tr>\n<td width=\"auto\"><a href=\"https:\/\/emitex.ar.messefrankfurt.com\/buenosaires\/es.html\" target=\"_blank\" rel=\"noopener\"><img loading=\"lazy\" decoding=\"async\" class=\"aligncenter\" src=\"http:\/\/comunidadtextil.com\/publicidad\/2025\/emitex_abril2025b.jpg\" alt=\"\" width=\"300\" height=\"300\" \/><\/a><\/td>\n<td width=\"auto\"><a href=\"https:\/\/www.aplf.com\/?utm_medium=Ads&amp;utm_source=Digital_Barter&amp;utm_campaign=202603aplf_EP_fa26_banner_cueroamerica&amp;utm_content=fa26_banner_cueroamerica\" target=\"_blank\" rel=\"noopener\"><img loading=\"lazy\" decoding=\"async\" class=\"aligncenter\" src=\"http:\/\/cueroamerica.info\/img\/publicidad\/2025\/aplf26_fasacc_banner_300x300.png\" width=\"300\" height=\"300\" \/><\/a><\/td>\n<\/tr>\n<\/tbody>\n<\/table>\n","protected":false},"excerpt":{"rendered":"<p>CHIC se realiza en Shangh\u00e1i y es una de los eventos feriales m\u00e1s grandes del continente asi\u00e1tico. Fue visitada por una multitud de compradores y visitantes. Los expositores estaban organizados en 12 categor\u00edas para facilitar la ruta de los compradores. La feria se realiz\u00f3 bajo el lema \u201cNuevas marcas, nuevos canales, nuevas est\u00e9ticas\u201d, y present\u00f3 [&hellip;]<\/p>\n","protected":false},"author":1924,"featured_media":0,"comment_status":"closed","ping_status":"closed","sticky":false,"template":"","format":"standard","meta":{"footnotes":""},"categories":[9,51],"tags":[],"class_list":["post-18274","post","type-post","status-publish","format-standard","hentry","category-ferias","category-ferias-realizadas","count-0","even alt","author-adminct","last"],"_links":{"self":[{"href":"https:\/\/comunidadtextil.com\/wpnews\/wp-json\/wp\/v2\/posts\/18274","targetHints":{"allow":["GET"]}}],"collection":[{"href":"https:\/\/comunidadtextil.com\/wpnews\/wp-json\/wp\/v2\/posts"}],"about":[{"href":"https:\/\/comunidadtextil.com\/wpnews\/wp-json\/wp\/v2\/types\/post"}],"author":[{"embeddable":true,"href":"https:\/\/comunidadtextil.com\/wpnews\/wp-json\/wp\/v2\/users\/1924"}],"replies":[{"embeddable":true,"href":"https:\/\/comunidadtextil.com\/wpnews\/wp-json\/wp\/v2\/comments?post=18274"}],"version-history":[{"count":6,"href":"https:\/\/comunidadtextil.com\/wpnews\/wp-json\/wp\/v2\/posts\/18274\/revisions"}],"predecessor-version":[{"id":18291,"href":"https:\/\/comunidadtextil.com\/wpnews\/wp-json\/wp\/v2\/posts\/18274\/revisions\/18291"}],"wp:attachment":[{"href":"https:\/\/comunidadtextil.com\/wpnews\/wp-json\/wp\/v2\/media?parent=18274"}],"wp:term":[{"taxonomy":"category","embeddable":true,"href":"https:\/\/comunidadtextil.com\/wpnews\/wp-json\/wp\/v2\/categories?post=18274"},{"taxonomy":"post_tag","embeddable":true,"href":"https:\/\/comunidadtextil.com\/wpnews\/wp-json\/wp\/v2\/tags?post=18274"}],"curies":[{"name":"wp","href":"https:\/\/api.w.org\/{rel}","templated":true}]}}