{"id":18244,"date":"2025-04-03T11:08:47","date_gmt":"2025-04-03T14:08:47","guid":{"rendered":"http:\/\/comunidadtextil.com\/wpnews\/?p=18244"},"modified":"2025-04-03T11:08:47","modified_gmt":"2025-04-03T14:08:47","slug":"para-impulsar-la-sostenibilidad-europa-crea-una-asociacion-para-los-textiles-del-futuro","status":"publish","type":"post","link":"https:\/\/comunidadtextil.com\/wpnews\/2025\/04\/para-impulsar-la-sostenibilidad-europa-crea-una-asociacion-para-los-textiles-del-futuro\/","title":{"rendered":"Para impulsar la sostenibilidad Europa crea una Asociaci\u00f3n para los Textiles del Futuro"},"content":{"rendered":"<p><a href=\"https:\/\/comunidadtextil.com\/wpnews\/wp-content\/uploads\/2025\/04\/HorizonteEuropa.-.jpg\"><img loading=\"lazy\" decoding=\"async\" class=\"alignleft wp-image-18233\" src=\"https:\/\/comunidadtextil.com\/wpnews\/wp-content\/uploads\/2025\/04\/HorizonteEuropa.--300x128.jpg\" alt=\"\" width=\"251\" height=\"107\" srcset=\"https:\/\/comunidadtextil.com\/wpnews\/wp-content\/uploads\/2025\/04\/HorizonteEuropa.--300x128.jpg 300w, https:\/\/comunidadtextil.com\/wpnews\/wp-content\/uploads\/2025\/04\/HorizonteEuropa.--1024x436.jpg 1024w, https:\/\/comunidadtextil.com\/wpnews\/wp-content\/uploads\/2025\/04\/HorizonteEuropa.--768x327.jpg 768w, https:\/\/comunidadtextil.com\/wpnews\/wp-content\/uploads\/2025\/04\/HorizonteEuropa.-.jpg 1279w\" sizes=\"auto, (max-width: 251px) 100vw, 251px\" \/><\/a>En el marco del programa Horizonte Europa y dentro de los objetivos del plan estrat\u00e9gico 2025\/27, la Comisi\u00f3n Europea ha creado la \u201cAsociaci\u00f3n Europea para los Textiles del Futuro\u201d, con la que buscar\u00e1n respaldar la sostenibilidad en a industria y aumentar su competitividad.<\/p>\n<p>Europa anunci\u00f3 la creaci\u00f3n de esta entidad con el objetivo de impulsar la transformaci\u00f3n de la industria textil hacia la sostenibilidad y la circularidad. La entidad, que recibir\u00e1 \u20ac 30 millones de la CE, buscar\u00e1 mantener la competitividad, resiliencia y sostenibilidad del sector textil\/moda en un mercado global en constante evoluci\u00f3n.<\/p>\n<p><a href=\"https:\/\/comunidadtextil.com\/wpnews\/wp-content\/uploads\/2025\/04\/La-Comision-Europea-creo-la-Asociacion-para-los-Textiles-del-Futuro.jpg\"><img loading=\"lazy\" decoding=\"async\" class=\" wp-image-18234 alignright\" src=\"https:\/\/comunidadtextil.com\/wpnews\/wp-content\/uploads\/2025\/04\/La-Comision-Europea-creo-la-Asociacion-para-los-Textiles-del-Futuro-300x161.jpg\" alt=\"\" width=\"248\" height=\"133\" srcset=\"https:\/\/comunidadtextil.com\/wpnews\/wp-content\/uploads\/2025\/04\/La-Comision-Europea-creo-la-Asociacion-para-los-Textiles-del-Futuro-300x161.jpg 300w, https:\/\/comunidadtextil.com\/wpnews\/wp-content\/uploads\/2025\/04\/La-Comision-Europea-creo-la-Asociacion-para-los-Textiles-del-Futuro-768x413.jpg 768w, https:\/\/comunidadtextil.com\/wpnews\/wp-content\/uploads\/2025\/04\/La-Comision-Europea-creo-la-Asociacion-para-los-Textiles-del-Futuro.jpg 800w\" sizes=\"auto, (max-width: 248px) 100vw, 248px\" \/><\/a>Esta Asociaci\u00f3n forma parte del programa Horizonte Europa que incluye tambi\u00e9n la creaci\u00f3n de dos nuevas entidades enfocadas en los materiales avanzados y la energ\u00eda fotovoltaica.<\/p>\n<p>Seg\u00fan inform\u00f3 la organizaci\u00f3n comunitaria, las prioridades del programa para los dos pr\u00f3ximos a\u00f1os se enfocan en tres ejes principales: la transici\u00f3n verde que busca llevar a Europa a convertirse en un continente clim\u00e1ticamente neutro para 2050, la transici\u00f3n digital para aumentar la competitividad de la industria y la promoci\u00f3n de los derechos sociales y los valores democr\u00e1ticos.<br \/>\n&#8212;&#8212;&#8212;&#8212;&#8212;&#8212;&#8212;&#8212;&#8212;&#8212;&#8212;&#8212;&#8212;&#8212;&#8212;-<br \/>\nPinker Moda \/ Comunidad Textil<\/p>\n<p>\u2014\u2014\u2014\u2014\u2014\u2014\u2014\u2014\u2014\u2014\u2014\u2014\u2014\u2014\u2014\u2014\u2014\u2014\u2014\u2014\u2014\u2014\u2014\u2014\u2014\u2014\u2014\u2014\u2014\u2014\u2014\u2014\u2014\u2014\u2014\u2014\u2014\u2014\u2014<\/p>\n<p dir=\"ltr\">Para comunicarse con ComunidadTextil: <span style=\"color: #3366ff;\"><a style=\"color: #3366ff;\" href=\"mailto:contacto@comunidadtextil.com\">contacto@comunidadtextil.com<\/a><\/span><\/p>\n<table border=\"0\" width=\"460\">\n<tbody>\n<tr>\n<td width=\"auto\"><a href=\"https:\/\/emitex.ar.messefrankfurt.com\/buenosaires\/es.html\" target=\"_blank\" rel=\"noopener\"><img loading=\"lazy\" decoding=\"async\" class=\"aligncenter\" src=\"http:\/\/comunidadtextil.com\/publicidad\/2025\/emitex_abril2025b.jpg\" alt=\"\" width=\"300\" height=\"300\" \/><\/a><\/td>\n<td width=\"auto\"><a href=\"https:\/\/www.aplf.com\/?utm_medium=Ads&amp;utm_source=Digital_Barter&amp;utm_campaign=202603aplf_EP_fa26_banner_cueroamerica&amp;utm_content=fa26_banner_cueroamerica\" target=\"_blank\" rel=\"noopener\"><img loading=\"lazy\" decoding=\"async\" class=\"aligncenter\" src=\"http:\/\/cueroamerica.info\/img\/publicidad\/2025\/aplf26_fasacc_banner_300x300.png\" width=\"300\" height=\"300\" \/><\/a><\/td>\n<\/tr>\n<\/tbody>\n<\/table>\n","protected":false},"excerpt":{"rendered":"<p>En el marco del programa Horizonte Europa y dentro de los objetivos del plan estrat\u00e9gico 2025\/27, la Comisi\u00f3n Europea ha creado la \u201cAsociaci\u00f3n Europea para los Textiles del Futuro\u201d, con la que buscar\u00e1n respaldar la sostenibilidad en a industria y aumentar su competitividad. Europa anunci\u00f3 la creaci\u00f3n de esta entidad con el objetivo de impulsar [&hellip;]<\/p>\n","protected":false},"author":1924,"featured_media":0,"comment_status":"closed","ping_status":"closed","sticky":false,"template":"","format":"standard","meta":{"footnotes":""},"categories":[56,62],"tags":[],"class_list":["post-18244","post","type-post","status-publish","format-standard","hentry","category-medio-ambiente","category-noticias-de-europa","count-0","even alt","author-adminct","last"],"_links":{"self":[{"href":"https:\/\/comunidadtextil.com\/wpnews\/wp-json\/wp\/v2\/posts\/18244","targetHints":{"allow":["GET"]}}],"collection":[{"href":"https:\/\/comunidadtextil.com\/wpnews\/wp-json\/wp\/v2\/posts"}],"about":[{"href":"https:\/\/comunidadtextil.com\/wpnews\/wp-json\/wp\/v2\/types\/post"}],"author":[{"embeddable":true,"href":"https:\/\/comunidadtextil.com\/wpnews\/wp-json\/wp\/v2\/users\/1924"}],"replies":[{"embeddable":true,"href":"https:\/\/comunidadtextil.com\/wpnews\/wp-json\/wp\/v2\/comments?post=18244"}],"version-history":[{"count":1,"href":"https:\/\/comunidadtextil.com\/wpnews\/wp-json\/wp\/v2\/posts\/18244\/revisions"}],"predecessor-version":[{"id":18245,"href":"https:\/\/comunidadtextil.com\/wpnews\/wp-json\/wp\/v2\/posts\/18244\/revisions\/18245"}],"wp:attachment":[{"href":"https:\/\/comunidadtextil.com\/wpnews\/wp-json\/wp\/v2\/media?parent=18244"}],"wp:term":[{"taxonomy":"category","embeddable":true,"href":"https:\/\/comunidadtextil.com\/wpnews\/wp-json\/wp\/v2\/categories?post=18244"},{"taxonomy":"post_tag","embeddable":true,"href":"https:\/\/comunidadtextil.com\/wpnews\/wp-json\/wp\/v2\/tags?post=18244"}],"curies":[{"name":"wp","href":"https:\/\/api.w.org\/{rel}","templated":true}]}}