{"id":18235,"date":"2025-04-03T10:54:23","date_gmt":"2025-04-03T13:54:23","guid":{"rendered":"http:\/\/comunidadtextil.com\/wpnews\/?p=18235"},"modified":"2025-04-03T10:54:23","modified_gmt":"2025-04-03T13:54:23","slug":"concentracion-en-espana-el-comercio-de-moda-tiene-menos-empresas-pero-mas-grandes","status":"publish","type":"post","link":"https:\/\/comunidadtextil.com\/wpnews\/2025\/04\/concentracion-en-espana-el-comercio-de-moda-tiene-menos-empresas-pero-mas-grandes\/","title":{"rendered":"Concentraci\u00f3n: en Espa\u00f1a el comercio de moda tiene menos empresas, pero m\u00e1s grandes"},"content":{"rendered":"<p><a href=\"https:\/\/comunidadtextil.com\/wpnews\/wp-content\/uploads\/2025\/04\/Tienda-Espana-_7-.jpg\"><img loading=\"lazy\" decoding=\"async\" class=\" wp-image-18231 alignright\" src=\"https:\/\/comunidadtextil.com\/wpnews\/wp-content\/uploads\/2025\/04\/Tienda-Espana-_7--300x203.jpg\" alt=\"\" width=\"245\" height=\"166\" srcset=\"https:\/\/comunidadtextil.com\/wpnews\/wp-content\/uploads\/2025\/04\/Tienda-Espana-_7--300x203.jpg 300w, https:\/\/comunidadtextil.com\/wpnews\/wp-content\/uploads\/2025\/04\/Tienda-Espana-_7--768x520.jpg 768w, https:\/\/comunidadtextil.com\/wpnews\/wp-content\/uploads\/2025\/04\/Tienda-Espana-_7-.jpg 1000w\" sizes=\"auto, (max-width: 245px) 100vw, 245px\" \/><\/a>La cifra de negocio del conjunto de empresas del comercio de moda alcanz\u00f3 \u20ac 25.258 millones en 2023, un 7% m\u00e1s que el a\u00f1o anterior, seg\u00fan datos del INE. El sector gana m\u00e1s, a pesar de perder un 5,5% de sus actores. No se conocen los datos de 2024, pero seguramente marcar\u00e1n una profundizaci\u00f3n de esta tendencia.<\/p>\n<p>La radiograf\u00eda del comercio de moda en Espa\u00f1a marca que cada d\u00eda hay menos jugadores, pero un 7% m\u00e1s grandes. M\u00e1s de un 85% de las ventas corresponden a establecimientos comerciales de prendas de vestir.<\/p>\n<p><a href=\"https:\/\/comunidadtextil.com\/wpnews\/wp-content\/uploads\/2025\/04\/Tienda-Espana-_5-.jpg\"><img loading=\"lazy\" decoding=\"async\" class=\"alignleft wp-image-18229\" src=\"https:\/\/comunidadtextil.com\/wpnews\/wp-content\/uploads\/2025\/04\/Tienda-Espana-_5--300x250.jpg\" alt=\"\" width=\"247\" height=\"206\" srcset=\"https:\/\/comunidadtextil.com\/wpnews\/wp-content\/uploads\/2025\/04\/Tienda-Espana-_5--300x250.jpg 300w, https:\/\/comunidadtextil.com\/wpnews\/wp-content\/uploads\/2025\/04\/Tienda-Espana-_5-.jpg 600w\" sizes=\"auto, (max-width: 247px) 100vw, 247px\" \/><\/a>El comercio de moda en Espa\u00f1a, est\u00e1 en menos manos y es m\u00e1s rentable. La cifra de negocios de las empresas dedicadas al comercio minorista de moda se situ\u00f3 en 2023 en \u20ac 25.258 millones, un 7% m\u00e1s que el a\u00f1o anterior. La moda aument\u00f3 su facturaci\u00f3n desde antes de la pandemia, a pesar de que el n\u00famero de compa\u00f1\u00edas del sector se ha reducido progresivamente, seg\u00fan datos de la Encuesta Estructural de Empresas publicada por el Instituto Nacional de Estad\u00edstica (INE).<\/p>\n<p>Sobre el total de la facturaci\u00f3n, un 85,5% corresponde a la venta al por menor de prendas de vestir en tiendas especializadas. Este tipo de producto y establecimientos registraron ventas de 21.606 millones de euros a cierre de 2023, m\u00e1s de 1.000 millones de euros m\u00e1s que el a\u00f1o anterior. La informaci\u00f3n no aclara si estos datos tienen en cuenta la importante inflaci\u00f3n que vivi\u00f3 Espa\u00f1a ese a\u00f1o.<\/p>\n<p><a href=\"https:\/\/comunidadtextil.com\/wpnews\/wp-content\/uploads\/2025\/04\/Tienda-de-ropa-_4-.jpg\"><img loading=\"lazy\" decoding=\"async\" class=\" wp-image-18232 alignright\" src=\"https:\/\/comunidadtextil.com\/wpnews\/wp-content\/uploads\/2025\/04\/Tienda-de-ropa-_4--300x225.jpg\" alt=\"\" width=\"244\" height=\"183\" srcset=\"https:\/\/comunidadtextil.com\/wpnews\/wp-content\/uploads\/2025\/04\/Tienda-de-ropa-_4--300x225.jpg 300w, https:\/\/comunidadtextil.com\/wpnews\/wp-content\/uploads\/2025\/04\/Tienda-de-ropa-_4-.jpg 600w\" sizes=\"auto, (max-width: 244px) 100vw, 244px\" \/><\/a>Las ventas minoristas de calzado y art\u00edculos de cuero en tiendas, por su parte, se hicieron con el otro 13,2% de la facturaci\u00f3n del comercio de moda, hasta alcanzar una cifra de negocio de 3.337 millones de euros. Los art\u00edculos de moda vendidos en \u2018mercadillos\u2019, por su parte, apenas supusieron una facturaci\u00f3n de 314.258 euros, 1,2% del total del comercio de moda.<\/p>\n<p>A excepci\u00f3n de 2020, un a\u00f1o marcado por el estallido de la pandemia, la moda ha ido aumentando su cifra de negocios progresivamente desde 2018 respecto al a\u00f1o anterior. Esta tendencia, sin embargo, s\u00ed que se ha mostrado irregular a lo largo del periodo, desde un aumento de las ventas de un 4% en 2019; de un 11% en 2021, y un 19,8% en 2022, a\u00f1o que soport\u00f3 una inflaci\u00f3n del 8,4%.<\/p>\n<p><a href=\"https:\/\/comunidadtextil.com\/wpnews\/wp-content\/uploads\/2025\/04\/Tienda-Espana-_6-.jpg\"><img loading=\"lazy\" decoding=\"async\" class=\"alignleft wp-image-18230\" src=\"https:\/\/comunidadtextil.com\/wpnews\/wp-content\/uploads\/2025\/04\/Tienda-Espana-_6--300x169.jpg\" alt=\"\" width=\"245\" height=\"138\" srcset=\"https:\/\/comunidadtextil.com\/wpnews\/wp-content\/uploads\/2025\/04\/Tienda-Espana-_6--300x169.jpg 300w, https:\/\/comunidadtextil.com\/wpnews\/wp-content\/uploads\/2025\/04\/Tienda-Espana-_6-.jpg 632w\" sizes=\"auto, (max-width: 245px) 100vw, 245px\" \/><\/a>Respecto al n\u00famero de empresas, los datos del INE reflejan una reducci\u00f3n de la cantidad de empresas en los \u00faltimos a\u00f1os. A cierre de 2023, el sector del comercio moda contabilizaba un total de 62.591 empresas, un 5,5% menos que el a\u00f1o anterior. En t\u00e9rminos absolutos, esto supuso una p\u00e9rdida de hasta 3.681 empresas de moda.<\/p>\n<p>Al contrario de lo que pasa en la cifra de negocio del sector, el comercio de moda lleva perdiendo jugadores de manera progresiva desde 2018, cuando el n\u00famero de empresas del sector alcanzaba 73.841 compa\u00f1\u00edas. El sector minorista viene sufriendo la competencia de las plataformas de venta online, que tuvieron su momento de gran expansi\u00f3n a partir de la pandemia de 2020-2022.<br \/>\n&#8212;&#8212;&#8212;&#8212;&#8212;&#8212;&#8212;&#8212;&#8212;&#8212;&#8212;&#8212;&#8212;-<br \/>\nModaes \/ Comunidad Textil<\/p>\n<p>\u2014\u2014\u2014\u2014\u2014\u2014\u2014\u2014\u2014\u2014\u2014\u2014\u2014\u2014\u2014\u2014\u2014\u2014\u2014\u2014\u2014\u2014\u2014\u2014\u2014\u2014\u2014\u2014\u2014\u2014\u2014\u2014\u2014\u2014\u2014\u2014\u2014\u2014\u2014<\/p>\n<p dir=\"ltr\">Para comunicarse con ComunidadTextil: <span style=\"color: #3366ff;\"><a style=\"color: #3366ff;\" href=\"mailto:contacto@comunidadtextil.com\">contacto@comunidadtextil.com<\/a><\/span><\/p>\n<table border=\"0\" width=\"460\">\n<tbody>\n<tr>\n<td width=\"auto\"><a href=\"http:\/\/www.tikvatex.com.ar\" target=\"_blank\" rel=\"noopener\"><img loading=\"lazy\" decoding=\"async\" class=\"aligncenter\" src=\"http:\/\/www.comunidadtextil.com\/publicidad\/tikvatex062020.png\" alt=\"\" width=\"300\" height=\"190\" border=\"0\" \/><\/a><\/td>\n<td width=\"auto\"><a href=\"http:\/\/www.actibiz.com.ar\" target=\"_blank\" rel=\"noopener\"><img loading=\"lazy\" decoding=\"async\" class=\"aligncenter\" src=\"http:\/\/www.comunidadtextil.com\/publicidad\/actibiz2019.jpg\" alt=\"\" width=\"300\" height=\"200\" border=\"0\" \/><\/a><\/td>\n<\/tr>\n<\/tbody>\n<\/table>\n","protected":false},"excerpt":{"rendered":"<p>La cifra de negocio del conjunto de empresas del comercio de moda alcanz\u00f3 \u20ac 25.258 millones en 2023, un 7% m\u00e1s que el a\u00f1o anterior, seg\u00fan datos del INE. El sector gana m\u00e1s, a pesar de perder un 5,5% de sus actores. No se conocen los datos de 2024, pero seguramente marcar\u00e1n una profundizaci\u00f3n de [&hellip;]<\/p>\n","protected":false},"author":1924,"featured_media":0,"comment_status":"closed","ping_status":"closed","sticky":false,"template":"","format":"standard","meta":{"footnotes":""},"categories":[57,62],"tags":[],"class_list":["post-18235","post","type-post","status-publish","format-standard","hentry","category-mercados","category-noticias-de-europa","count-0","even alt","author-adminct","last"],"_links":{"self":[{"href":"https:\/\/comunidadtextil.com\/wpnews\/wp-json\/wp\/v2\/posts\/18235","targetHints":{"allow":["GET"]}}],"collection":[{"href":"https:\/\/comunidadtextil.com\/wpnews\/wp-json\/wp\/v2\/posts"}],"about":[{"href":"https:\/\/comunidadtextil.com\/wpnews\/wp-json\/wp\/v2\/types\/post"}],"author":[{"embeddable":true,"href":"https:\/\/comunidadtextil.com\/wpnews\/wp-json\/wp\/v2\/users\/1924"}],"replies":[{"embeddable":true,"href":"https:\/\/comunidadtextil.com\/wpnews\/wp-json\/wp\/v2\/comments?post=18235"}],"version-history":[{"count":2,"href":"https:\/\/comunidadtextil.com\/wpnews\/wp-json\/wp\/v2\/posts\/18235\/revisions"}],"predecessor-version":[{"id":18237,"href":"https:\/\/comunidadtextil.com\/wpnews\/wp-json\/wp\/v2\/posts\/18235\/revisions\/18237"}],"wp:attachment":[{"href":"https:\/\/comunidadtextil.com\/wpnews\/wp-json\/wp\/v2\/media?parent=18235"}],"wp:term":[{"taxonomy":"category","embeddable":true,"href":"https:\/\/comunidadtextil.com\/wpnews\/wp-json\/wp\/v2\/categories?post=18235"},{"taxonomy":"post_tag","embeddable":true,"href":"https:\/\/comunidadtextil.com\/wpnews\/wp-json\/wp\/v2\/tags?post=18235"}],"curies":[{"name":"wp","href":"https:\/\/api.w.org\/{rel}","templated":true}]}}