{"id":18195,"date":"2025-03-27T10:26:31","date_gmt":"2025-03-27T13:26:31","guid":{"rendered":"http:\/\/comunidadtextil.com\/wpnews\/?p=18195"},"modified":"2025-03-27T10:26:31","modified_gmt":"2025-03-27T13:26:31","slug":"jungle-denim-dicta-un-nuevo-seminario-para-conocer-todo-sobre-este-importante-tejido","status":"publish","type":"post","link":"https:\/\/comunidadtextil.com\/wpnews\/2025\/03\/jungle-denim-dicta-un-nuevo-seminario-para-conocer-todo-sobre-este-importante-tejido\/","title":{"rendered":"Jungle Denim dicta un nuevo seminario para conocer todo sobre este importante tejido"},"content":{"rendered":"<div id=\"attachment_18193\" style=\"width: 150px\" class=\"wp-caption alignleft\"><a href=\"https:\/\/comunidadtextil.com\/wpnews\/wp-content\/uploads\/2025\/03\/Seminario-Travesia-Denim-Wear-.jpg\"><img loading=\"lazy\" decoding=\"async\" aria-describedby=\"caption-attachment-18193\" class=\" wp-image-18193\" src=\"https:\/\/comunidadtextil.com\/wpnews\/wp-content\/uploads\/2025\/03\/Seminario-Travesia-Denim-Wear--221x300.jpg\" alt=\"\" width=\"140\" height=\"190\" srcset=\"https:\/\/comunidadtextil.com\/wpnews\/wp-content\/uploads\/2025\/03\/Seminario-Travesia-Denim-Wear--221x300.jpg 221w, https:\/\/comunidadtextil.com\/wpnews\/wp-content\/uploads\/2025\/03\/Seminario-Travesia-Denim-Wear-.jpg 527w\" sizes=\"auto, (max-width: 140px) 100vw, 140px\" \/><\/a><p id=\"caption-attachment-18193\" class=\"wp-caption-text\">Seminario Traves\u00eda Denim Wear.<\/p><\/div>\n<p>Traves\u00eda Denim Wear es el nombre de la capacitaci\u00f3n que Jungle Denim, la consultora que dirige la dise\u00f1adora Ver\u00f3nica Fourcade, dictar\u00e1 a partir del 21 de abril. Durante el seminario se brindar\u00e1 informaci\u00f3n completa sobre jeanswear y se informar\u00e1n sobre todos los procesos que intervienen para crear una prenda. Este curso ser\u00e1 esencialmente virtual, pero tendr\u00e1 tambi\u00e9n encuentros y visitas presenciales.<\/p>\n<p>A partir del 21 de abril y por cinco lunes consecutivos, Jungle Denim dictar\u00e1 este seminario en el que se abordar\u00e1 toda la tem\u00e1tica concerniente al jeanswear. La capacitaci\u00f3n est\u00e1 planteada como un circuito completo desde la historia del denim pasando por las tendencias, el dise\u00f1o, el colorante \u00edndigo, telas denim, confecci\u00f3n y los important\u00edsimos procesos de lavado.<\/p>\n<div id=\"attachment_18194\" style=\"width: 158px\" class=\"wp-caption alignright\"><a href=\"https:\/\/comunidadtextil.com\/wpnews\/wp-content\/uploads\/2025\/03\/Veronica-Fourcade-directora-de-Jungle-Denim.-_2-.jpg\"><img loading=\"lazy\" decoding=\"async\" aria-describedby=\"caption-attachment-18194\" class=\" wp-image-18194\" src=\"https:\/\/comunidadtextil.com\/wpnews\/wp-content\/uploads\/2025\/03\/Veronica-Fourcade-directora-de-Jungle-Denim.-_2--235x300.jpg\" alt=\"\" width=\"148\" height=\"189\" srcset=\"https:\/\/comunidadtextil.com\/wpnews\/wp-content\/uploads\/2025\/03\/Veronica-Fourcade-directora-de-Jungle-Denim.-_2--235x300.jpg 235w, https:\/\/comunidadtextil.com\/wpnews\/wp-content\/uploads\/2025\/03\/Veronica-Fourcade-directora-de-Jungle-Denim.-_2-.jpg 310w\" sizes=\"auto, (max-width: 148px) 100vw, 148px\" \/><\/a><p id=\"caption-attachment-18194\" class=\"wp-caption-text\">Ver\u00f3nica Fourcade, directora de Jungle Denim.<\/p><\/div>\n<p>Los ejes sobre los que transitar\u00e1 la capacitaci\u00f3n ser\u00e1n el mercado, la t\u00e9cnica, la industria y la innovaci\u00f3n. Entre las actividades planificadas se encuentra la visita a un lavadero y al showroom de una empresa textil.<\/p>\n<p>La modalidad de cursada es mixta con encuentros presenciales y virtuales. El seminario es arancelado y para obtener m\u00e1s informaci\u00f3n e inscribirse es posible contactarse a trav\u00e9s de Instagram @jungle_denim o tambi\u00e9n escribir a capacitacion@jungledenim.com<br \/>\n&#8212;&#8212;&#8212;&#8212;&#8212;&#8212;&#8212;&#8212;&#8212;&#8212;&#8212;&#8212;&#8212;&#8212;&#8212;&#8212;<br \/>\nJungle Denim \/ Comunidad Textil<\/p>\n<p>\u2014\u2014\u2014\u2014\u2014\u2014\u2014\u2014\u2014\u2014\u2014\u2014\u2014\u2014\u2014\u2014\u2014\u2014\u2014\u2014\u2014\u2014\u2014\u2014\u2014\u2014\u2014\u2014\u2014\u2014\u2014\u2014\u2014\u2014\u2014\u2014\u2014\u2014\u2014<\/p>\n<p dir=\"ltr\">Para comunicarse con ComunidadTextil: <span style=\"color: #3366ff;\"><a style=\"color: #3366ff;\" href=\"mailto:contacto@comunidadtextil.com\">contacto@comunidadtextil.com<\/a><\/span><\/p>\n<table border=\"0\" width=\"460\">\n<tbody>\n<tr>\n<td width=\"auto\"><a href=\"http:\/\/www.actibiz.com.ar\" target=\"_blank\" rel=\"noopener\"><img loading=\"lazy\" decoding=\"async\" class=\"aligncenter\" src=\"http:\/\/www.comunidadtextil.com\/publicidad\/actibiz2019.jpg\" alt=\"\" width=\"300\" height=\"200\" border=\"0\" \/><\/a><\/td>\n<td width=\"auto\"><a href=\"https:\/\/www.faiia.com.ar\/programa-crecer\/\" target=\"_blank\" rel=\"noopener\"><img loading=\"lazy\" decoding=\"async\" class=\"aligncenter\" src=\"\/publicidad\/crecer-banner-julio17.gif\" alt=\"\" width=\"300\" height=\"200\" border=\"0\" \/><\/a><\/td>\n<\/tr>\n<\/tbody>\n<\/table>\n","protected":false},"excerpt":{"rendered":"<p>Traves\u00eda Denim Wear es el nombre de la capacitaci\u00f3n que Jungle Denim, la consultora que dirige la dise\u00f1adora Ver\u00f3nica Fourcade, dictar\u00e1 a partir del 21 de abril. Durante el seminario se brindar\u00e1 informaci\u00f3n completa sobre jeanswear y se informar\u00e1n sobre todos los procesos que intervienen para crear una prenda. Este curso ser\u00e1 esencialmente virtual, pero [&hellip;]<\/p>\n","protected":false},"author":1924,"featured_media":0,"comment_status":"closed","ping_status":"closed","sticky":false,"template":"","format":"standard","meta":{"footnotes":""},"categories":[8,58,44],"tags":[],"class_list":["post-18195","post","type-post","status-publish","format-standard","hentry","category-argentina","category-noticias-de-america-latina","category-tendencias","count-0","even alt","author-adminct","last"],"_links":{"self":[{"href":"https:\/\/comunidadtextil.com\/wpnews\/wp-json\/wp\/v2\/posts\/18195","targetHints":{"allow":["GET"]}}],"collection":[{"href":"https:\/\/comunidadtextil.com\/wpnews\/wp-json\/wp\/v2\/posts"}],"about":[{"href":"https:\/\/comunidadtextil.com\/wpnews\/wp-json\/wp\/v2\/types\/post"}],"author":[{"embeddable":true,"href":"https:\/\/comunidadtextil.com\/wpnews\/wp-json\/wp\/v2\/users\/1924"}],"replies":[{"embeddable":true,"href":"https:\/\/comunidadtextil.com\/wpnews\/wp-json\/wp\/v2\/comments?post=18195"}],"version-history":[{"count":2,"href":"https:\/\/comunidadtextil.com\/wpnews\/wp-json\/wp\/v2\/posts\/18195\/revisions"}],"predecessor-version":[{"id":18197,"href":"https:\/\/comunidadtextil.com\/wpnews\/wp-json\/wp\/v2\/posts\/18195\/revisions\/18197"}],"wp:attachment":[{"href":"https:\/\/comunidadtextil.com\/wpnews\/wp-json\/wp\/v2\/media?parent=18195"}],"wp:term":[{"taxonomy":"category","embeddable":true,"href":"https:\/\/comunidadtextil.com\/wpnews\/wp-json\/wp\/v2\/categories?post=18195"},{"taxonomy":"post_tag","embeddable":true,"href":"https:\/\/comunidadtextil.com\/wpnews\/wp-json\/wp\/v2\/tags?post=18195"}],"curies":[{"name":"wp","href":"https:\/\/api.w.org\/{rel}","templated":true}]}}