{"id":18172,"date":"2025-03-13T11:52:16","date_gmt":"2025-03-13T14:52:16","guid":{"rendered":"http:\/\/comunidadtextil.com\/wpnews\/?p=18172"},"modified":"2025-03-13T11:52:16","modified_gmt":"2025-03-13T14:52:16","slug":"europa-aplicara-aranceles-a-productos-de-eeuu-por-las-medidas-que-tomo-trump","status":"publish","type":"post","link":"https:\/\/comunidadtextil.com\/wpnews\/2025\/03\/europa-aplicara-aranceles-a-productos-de-eeuu-por-las-medidas-que-tomo-trump\/","title":{"rendered":"Europa aplicar\u00e1 aranceles a productos de EEUU por las medidas que tom\u00f3 Trump"},"content":{"rendered":"<div id=\"attachment_18163\" style=\"width: 256px\" class=\"wp-caption alignleft\"><a href=\"https:\/\/comunidadtextil.com\/wpnews\/wp-content\/uploads\/2025\/03\/El-Palamento-Europeo_2-b-.jpg\"><img loading=\"lazy\" decoding=\"async\" aria-describedby=\"caption-attachment-18163\" class=\" wp-image-18163\" src=\"https:\/\/comunidadtextil.com\/wpnews\/wp-content\/uploads\/2025\/03\/El-Palamento-Europeo_2-b--300x188.jpg\" alt=\"\" width=\"246\" height=\"154\" srcset=\"https:\/\/comunidadtextil.com\/wpnews\/wp-content\/uploads\/2025\/03\/El-Palamento-Europeo_2-b--300x188.jpg 300w, https:\/\/comunidadtextil.com\/wpnews\/wp-content\/uploads\/2025\/03\/El-Palamento-Europeo_2-b--768x481.jpg 768w, https:\/\/comunidadtextil.com\/wpnews\/wp-content\/uploads\/2025\/03\/El-Palamento-Europeo_2-b-.jpg 1000w\" sizes=\"auto, (max-width: 246px) 100vw, 246px\" \/><\/a><p id=\"caption-attachment-18163\" class=\"wp-caption-text\">El Palamento Europeo.<\/p><\/div>\n<p>La Uni\u00f3n Europea (UE) quiere imponer aranceles -todav\u00eda no definidos- a las importaciones estadounidenses de diversos art\u00edculos, incluidos productos de moda, a partir de abril. La iniciativa se enmarca en la respuesta que la Comisi\u00f3n Europea ha presentado el 12 de marzo, coincidiendo con la entrada en vigor de los aranceles estadounidenses del 25% a las importaciones de aluminio y acero.<\/p>\n<p>A partir del 1 de abril Bruselas establecer\u00e1 aranceles sobre algunos productos estadounidenses y a mediados de ese mes, se levantar\u00e1n barreras arancelarias contra una larga lista de productos adicionales, incluidos textiles, confecciones, calzado y marroquiner\u00eda.<\/p>\n<p>La UE buscar\u00eda que las contramedidas \u201cla protegieran\u201d de las \u201crestricciones comerciales injustificadas\u201d del presidente Trump al aluminio y el acero. Restricciones que inevitablemente repercutir\u00e1n en sectores cercanos a la cadena de suministro de diversos sectores.<\/p>\n<div id=\"attachment_18164\" style=\"width: 251px\" class=\"wp-caption alignright\"><a href=\"https:\/\/comunidadtextil.com\/wpnews\/wp-content\/uploads\/2025\/03\/Ursula-von-der-Leyen-presidenta-de-la-Comision-Europea.-_5a-.jpg\"><img loading=\"lazy\" decoding=\"async\" aria-describedby=\"caption-attachment-18164\" class=\" wp-image-18164\" src=\"https:\/\/comunidadtextil.com\/wpnews\/wp-content\/uploads\/2025\/03\/Ursula-von-der-Leyen-presidenta-de-la-Comision-Europea.-_5a--300x300.jpg\" alt=\"\" width=\"241\" height=\"241\" srcset=\"https:\/\/comunidadtextil.com\/wpnews\/wp-content\/uploads\/2025\/03\/Ursula-von-der-Leyen-presidenta-de-la-Comision-Europea.-_5a--300x300.jpg 300w, https:\/\/comunidadtextil.com\/wpnews\/wp-content\/uploads\/2025\/03\/Ursula-von-der-Leyen-presidenta-de-la-Comision-Europea.-_5a--150x150.jpg 150w, https:\/\/comunidadtextil.com\/wpnews\/wp-content\/uploads\/2025\/03\/Ursula-von-der-Leyen-presidenta-de-la-Comision-Europea.-_5a-.jpg 600w\" sizes=\"auto, (max-width: 241px) 100vw, 241px\" \/><\/a><p id=\"caption-attachment-18164\" class=\"wp-caption-text\">Ursula von der Leyen, presidenta de la Comisi\u00f3n Europea.<\/p><\/div>\n<p>La respuesta europea consta de dos fases. La primera es dejar que expire el 1 de abril la suspensi\u00f3n de las contramedidas lanzadas en 2018 y 2020 para responder a la guerra comercial del primer mandato de Trump.<\/p>\n<p>Se volver\u00e1n a aplicar aranceles a algunos productos estadounidenses, como barcos, bourbon y motocicletas (la lista se est\u00e1 elaborando). La segunda fase entrar\u00e1 en vigor a mediados de abril, con aranceles europeos sobre una nueva lista de productos, incluidos textiles, confecciones y cuero, seg\u00fan algunos medios de prensa.<\/p>\n<p>Ahora, tras el desaf\u00edo de la UE, el temor es que Trump responda al mismo nivel y que la escalada de la guerra comercial involucre directamente a los mundos de la moda y el lujo.<br \/>\n&#8212;&#8212;&#8212;&#8212;&#8212;&#8212;&#8212;&#8212;&#8212;&#8212;&#8212;&#8212;&#8212;-<br \/>\nLa Conceria \/ CueroAm\u00e9rica<\/p>\n<p>\u2014\u2014\u2014\u2014\u2014\u2014\u2014\u2014\u2014\u2014\u2014\u2014\u2014\u2014\u2014\u2014\u2014\u2014\u2014\u2014\u2014\u2014\u2014\u2014\u2014\u2014\u2014\u2014\u2014\u2014\u2014\u2014\u2014\u2014\u2014\u2014\u2014\u2014\u2014<\/p>\n<p dir=\"ltr\">Para comunicarse con ComunidadTextil: <span style=\"color: #3366ff;\"><a style=\"color: #3366ff;\" href=\"mailto:contacto@comunidadtextil.com\">contacto@comunidadtextil.com<\/a><\/span><\/p>\n<table border=\"0\" width=\"460\">\n<tbody>\n<tr>\n<td width=\"auto\"><a href=\"http:\/\/www.actibiz.com.ar\" target=\"_blank\" rel=\"noopener\"><img loading=\"lazy\" decoding=\"async\" class=\"aligncenter\" src=\"http:\/\/www.comunidadtextil.com\/publicidad\/actibiz2019.jpg\" alt=\"\" width=\"300\" height=\"200\" border=\"0\" \/><\/a><\/td>\n<td width=\"auto\"><a href=\"https:\/\/emitex.ar.messefrankfurt.com\/buenosaires\/es.html\" target=\"_blank\" rel=\"noopener\"><img loading=\"lazy\" decoding=\"async\" class=\"aligncenter\" src=\"http:\/\/comunidadtextil.com\/publicidad\/2025\/emitex_abril2025b.jpg\" alt=\"\" width=\"300\" height=\"300\" \/><\/a><\/td>\n<\/tr>\n<\/tbody>\n<\/table>\n","protected":false},"excerpt":{"rendered":"<p>La Uni\u00f3n Europea (UE) quiere imponer aranceles -todav\u00eda no definidos- a las importaciones estadounidenses de diversos art\u00edculos, incluidos productos de moda, a partir de abril. La iniciativa se enmarca en la respuesta que la Comisi\u00f3n Europea ha presentado el 12 de marzo, coincidiendo con la entrada en vigor de los aranceles estadounidenses del 25% a [&hellip;]<\/p>\n","protected":false},"author":1924,"featured_media":0,"comment_status":"closed","ping_status":"closed","sticky":false,"template":"","format":"standard","meta":{"footnotes":""},"categories":[57,59,62],"tags":[],"class_list":["post-18172","post","type-post","status-publish","format-standard","hentry","category-mercados","category-noticias-de-america-del-norte","category-noticias-de-europa","count-0","even alt","author-adminct","last"],"_links":{"self":[{"href":"https:\/\/comunidadtextil.com\/wpnews\/wp-json\/wp\/v2\/posts\/18172","targetHints":{"allow":["GET"]}}],"collection":[{"href":"https:\/\/comunidadtextil.com\/wpnews\/wp-json\/wp\/v2\/posts"}],"about":[{"href":"https:\/\/comunidadtextil.com\/wpnews\/wp-json\/wp\/v2\/types\/post"}],"author":[{"embeddable":true,"href":"https:\/\/comunidadtextil.com\/wpnews\/wp-json\/wp\/v2\/users\/1924"}],"replies":[{"embeddable":true,"href":"https:\/\/comunidadtextil.com\/wpnews\/wp-json\/wp\/v2\/comments?post=18172"}],"version-history":[{"count":1,"href":"https:\/\/comunidadtextil.com\/wpnews\/wp-json\/wp\/v2\/posts\/18172\/revisions"}],"predecessor-version":[{"id":18173,"href":"https:\/\/comunidadtextil.com\/wpnews\/wp-json\/wp\/v2\/posts\/18172\/revisions\/18173"}],"wp:attachment":[{"href":"https:\/\/comunidadtextil.com\/wpnews\/wp-json\/wp\/v2\/media?parent=18172"}],"wp:term":[{"taxonomy":"category","embeddable":true,"href":"https:\/\/comunidadtextil.com\/wpnews\/wp-json\/wp\/v2\/categories?post=18172"},{"taxonomy":"post_tag","embeddable":true,"href":"https:\/\/comunidadtextil.com\/wpnews\/wp-json\/wp\/v2\/tags?post=18172"}],"curies":[{"name":"wp","href":"https:\/\/api.w.org\/{rel}","templated":true}]}}