{"id":18026,"date":"2025-02-20T12:06:54","date_gmt":"2025-02-20T15:06:54","guid":{"rendered":"http:\/\/comunidadtextil.com\/wpnews\/?p=18026"},"modified":"2025-02-20T12:06:54","modified_gmt":"2025-02-20T15:06:54","slug":"argentina-por-la-baja-del-consumo-cae-el-precio-de-la-ropa-en-los-comercios","status":"publish","type":"post","link":"https:\/\/comunidadtextil.com\/wpnews\/2025\/02\/argentina-por-la-baja-del-consumo-cae-el-precio-de-la-ropa-en-los-comercios\/","title":{"rendered":"Argentina por la baja del consumo, cae el precio de la ropa en los comercios"},"content":{"rendered":"<div id=\"attachment_17994\" style=\"width: 255px\" class=\"wp-caption alignleft\"><a href=\"https:\/\/comunidadtextil.com\/wpnews\/wp-content\/uploads\/2025\/02\/Industria-confeccionista_10-.jpg\"><img loading=\"lazy\" decoding=\"async\" aria-describedby=\"caption-attachment-17994\" class=\" wp-image-17994\" src=\"https:\/\/comunidadtextil.com\/wpnews\/wp-content\/uploads\/2025\/02\/Industria-confeccionista_10--300x200.jpg\" alt=\"\" width=\"245\" height=\"163\" srcset=\"https:\/\/comunidadtextil.com\/wpnews\/wp-content\/uploads\/2025\/02\/Industria-confeccionista_10--300x200.jpg 300w, https:\/\/comunidadtextil.com\/wpnews\/wp-content\/uploads\/2025\/02\/Industria-confeccionista_10--768x512.jpg 768w, https:\/\/comunidadtextil.com\/wpnews\/wp-content\/uploads\/2025\/02\/Industria-confeccionista_10-.jpg 1016w\" sizes=\"auto, (max-width: 245px) 100vw, 245px\" \/><\/a><p id=\"caption-attachment-17994\" class=\"wp-caption-text\">Industria confeccionista<\/p><\/div>\n<p>La industria de la confecci\u00f3n y textil de la Argentina se encuentra en crisis debido a la ca\u00edda de las ventas. Por otro lado, los productores textiles ven con preocupaci\u00f3n la total apertura de las importaciones producida por las autoridades gubernamentales, que puede generar que el mercado sea inundado con ropa barata, especialmente de baja calidad, procedente de Asia.<\/p>\n<p>Seg\u00fan el Instituto Nacional de Estad\u00edstica y Censos de Argentina (INDEC), la inflaci\u00f3n del mes de enero se ubic\u00f3 en el 2,2%. A contramano de este \u00edndice, las prendas de vestir y el calzado registraron una baja del 0,7%.<\/p>\n<p><a href=\"https:\/\/comunidadtextil.com\/wpnews\/wp-content\/uploads\/2025\/02\/Descuentos-.jpg\"><img loading=\"lazy\" decoding=\"async\" class=\" wp-image-17993 alignright\" src=\"https:\/\/comunidadtextil.com\/wpnews\/wp-content\/uploads\/2025\/02\/Descuentos--300x169.jpg\" alt=\"\" width=\"241\" height=\"136\" srcset=\"https:\/\/comunidadtextil.com\/wpnews\/wp-content\/uploads\/2025\/02\/Descuentos--300x169.jpg 300w, https:\/\/comunidadtextil.com\/wpnews\/wp-content\/uploads\/2025\/02\/Descuentos--1024x576.jpg 1024w, https:\/\/comunidadtextil.com\/wpnews\/wp-content\/uploads\/2025\/02\/Descuentos--768x432.jpg 768w, https:\/\/comunidadtextil.com\/wpnews\/wp-content\/uploads\/2025\/02\/Descuentos--1536x864.jpg 1536w, https:\/\/comunidadtextil.com\/wpnews\/wp-content\/uploads\/2025\/02\/Descuentos-.jpg 1920w\" sizes=\"auto, (max-width: 241px) 100vw, 241px\" \/><\/a>Desde el sector explicaron que la ca\u00edda en el precio de la ropa se debe a que las tiendas intentaron liquidar sus stocks debido a que, adem\u00e1s del cambio de estaci\u00f3n, la temporada de verano mostr\u00f3 una retracci\u00f3n en las ventas que oblig\u00f3 a realizar fuertes promociones.<\/p>\n<p>Desde la Fundaci\u00f3n ProTejer descartaron que la baja en el precio se deba a la apertura de las importaciones, dado que las mismas tambi\u00e9n registraron una contracci\u00f3n debido a la falta de demanda del consumo. \u201cNo se vende ni nacional ni importado y las empresas est\u00e1n trabajando con, incluso, \u2018rentabilidades\u2019 negativas, haciendo un gran esfuerzo para no perder mercado, cubrir al menos una parte de los costos fijos y no despedir personas que les cost\u00f3 formar\u201d afirm\u00f3 Luciano Galfione, presidente de la entidad.<\/p>\n<p><a href=\"https:\/\/comunidadtextil.com\/wpnews\/wp-content\/uploads\/2025\/02\/liquidacion1.jpg\"><img loading=\"lazy\" decoding=\"async\" class=\"alignleft wp-image-17997\" src=\"https:\/\/comunidadtextil.com\/wpnews\/wp-content\/uploads\/2025\/02\/liquidacion1-300x183.jpg\" alt=\"\" width=\"234\" height=\"143\" srcset=\"https:\/\/comunidadtextil.com\/wpnews\/wp-content\/uploads\/2025\/02\/liquidacion1-300x183.jpg 300w, https:\/\/comunidadtextil.com\/wpnews\/wp-content\/uploads\/2025\/02\/liquidacion1-768x469.jpg 768w, https:\/\/comunidadtextil.com\/wpnews\/wp-content\/uploads\/2025\/02\/liquidacion1.jpg 890w\" sizes=\"auto, (max-width: 234px) 100vw, 234px\" \/><\/a>El empresario a\u00f1adi\u00f3 que los costos en d\u00f3lares se han incrementado y que ese hecho afecta la \u201cviabilidad\u201d de las empresas. \u201cLa ca\u00edda del consumo asfixia a las empresas\u201d, enfatiz\u00f3.<\/p>\n<p>Por su parte, Marco Meloni, un importante empresario textil argentino, en declaraciones period\u00edsticas describi\u00f3 claramente c\u00f3mo se encuentra el sector en estos momentos: \u201cEestamos en la lona. Tenemos un mercado interno deprimido, una expectativa de importaciones muy alta y los costos de producci\u00f3n cada vez m\u00e1s altos\u201d.<\/p>\n<p><a href=\"https:\/\/comunidadtextil.com\/wpnews\/wp-content\/uploads\/2025\/02\/Liquidaciones-5-.jpg\"><img loading=\"lazy\" decoding=\"async\" class=\" wp-image-17998 alignright\" src=\"https:\/\/comunidadtextil.com\/wpnews\/wp-content\/uploads\/2025\/02\/Liquidaciones-5--300x185.jpg\" alt=\"\" width=\"246\" height=\"152\" srcset=\"https:\/\/comunidadtextil.com\/wpnews\/wp-content\/uploads\/2025\/02\/Liquidaciones-5--300x185.jpg 300w, https:\/\/comunidadtextil.com\/wpnews\/wp-content\/uploads\/2025\/02\/Liquidaciones-5-.jpg 624w\" sizes=\"auto, (max-width: 246px) 100vw, 246px\" \/><\/a>Recordemos que los empresarios textiles hab\u00edan realizado una fuerte inversi\u00f3n en maquinaria durante el 2023 apostando a una recuperaci\u00f3n econ\u00f3mica. Actualmente, esas m\u00e1quinas est\u00e1n trabajando a menos del 50% de la capacidad instalada. Frente a esto, Meloni explic\u00f3 que primero tuvieron que \u201crecortar las horas extras, adelantar vacaciones y suspender turnos\u201d. \u201cAhora estamos en la etapa de reducir personal\u201d lament\u00f3 el empresario. Las estimaciones indican que los despidos en el sector textil afectaron a no menos de 18.000 puestos de trabajo.<br \/>\n&#8212;&#8212;&#8212;&#8212;&#8212;&#8212;&#8212;&#8212;&#8212;&#8212;&#8212;&#8212;&#8212;&#8212;&#8212;&#8212;&#8212;&#8212;&#8212;&#8212;&#8212;&#8212;&#8212;-<br \/>\n\u00c1mbito Financiero \/ Ahora Play \/ Comunidad Textil<\/p>\n<p>\u2014\u2014\u2014\u2014\u2014\u2014\u2014\u2014\u2014\u2014\u2014\u2014\u2014\u2014\u2014\u2014\u2014\u2014\u2014\u2014\u2014\u2014\u2014\u2014\u2014\u2014\u2014\u2014\u2014\u2014\u2014\u2014\u2014\u2014\u2014\u2014\u2014\u2014\u2014<\/p>\n<p dir=\"ltr\">Para comunicarse con ComunidadTextil: <span style=\"color: #3366ff;\"><a style=\"color: #3366ff;\" href=\"mailto:contacto@comunidadtextil.com\">contacto@comunidadtextil.com<\/a><\/span><\/p>\n<table border=\"0\" width=\"460\">\n<tbody>\n<tr>\n<td width=\"auto\"><a href=\"http:\/\/www.actibiz.com.ar\" target=\"_blank\" rel=\"noopener\"><img loading=\"lazy\" decoding=\"async\" class=\"aligncenter\" src=\"http:\/\/www.comunidadtextil.com\/publicidad\/actibiz2019.jpg\" alt=\"\" width=\"300\" height=\"200\" border=\"0\" \/><\/a><\/td>\n<td width=\"auto\"><a href=\"http:\/\/www.tikvatex.com.ar\" target=\"_blank\" rel=\"noopener\"><img loading=\"lazy\" decoding=\"async\" class=\"aligncenter\" src=\"http:\/\/www.comunidadtextil.com\/publicidad\/tikvatex062020.png\" alt=\"\" width=\"300\" height=\"190\" border=\"0\" \/><\/a><\/td>\n<\/tr>\n<\/tbody>\n<\/table>\n","protected":false},"excerpt":{"rendered":"<p>La industria de la confecci\u00f3n y textil de la Argentina se encuentra en crisis debido a la ca\u00edda de las ventas. Por otro lado, los productores textiles ven con preocupaci\u00f3n la total apertura de las importaciones producida por las autoridades gubernamentales, que puede generar que el mercado sea inundado con ropa barata, especialmente de baja [&hellip;]<\/p>\n","protected":false},"author":1924,"featured_media":0,"comment_status":"closed","ping_status":"closed","sticky":false,"template":"","format":"standard","meta":{"footnotes":""},"categories":[8,57,58],"tags":[],"class_list":["post-18026","post","type-post","status-publish","format-standard","hentry","category-argentina","category-mercados","category-noticias-de-america-latina","count-0","even alt","author-adminct","last"],"_links":{"self":[{"href":"https:\/\/comunidadtextil.com\/wpnews\/wp-json\/wp\/v2\/posts\/18026","targetHints":{"allow":["GET"]}}],"collection":[{"href":"https:\/\/comunidadtextil.com\/wpnews\/wp-json\/wp\/v2\/posts"}],"about":[{"href":"https:\/\/comunidadtextil.com\/wpnews\/wp-json\/wp\/v2\/types\/post"}],"author":[{"embeddable":true,"href":"https:\/\/comunidadtextil.com\/wpnews\/wp-json\/wp\/v2\/users\/1924"}],"replies":[{"embeddable":true,"href":"https:\/\/comunidadtextil.com\/wpnews\/wp-json\/wp\/v2\/comments?post=18026"}],"version-history":[{"count":1,"href":"https:\/\/comunidadtextil.com\/wpnews\/wp-json\/wp\/v2\/posts\/18026\/revisions"}],"predecessor-version":[{"id":18027,"href":"https:\/\/comunidadtextil.com\/wpnews\/wp-json\/wp\/v2\/posts\/18026\/revisions\/18027"}],"wp:attachment":[{"href":"https:\/\/comunidadtextil.com\/wpnews\/wp-json\/wp\/v2\/media?parent=18026"}],"wp:term":[{"taxonomy":"category","embeddable":true,"href":"https:\/\/comunidadtextil.com\/wpnews\/wp-json\/wp\/v2\/categories?post=18026"},{"taxonomy":"post_tag","embeddable":true,"href":"https:\/\/comunidadtextil.com\/wpnews\/wp-json\/wp\/v2\/tags?post=18026"}],"curies":[{"name":"wp","href":"https:\/\/api.w.org\/{rel}","templated":true}]}}