{"id":17971,"date":"2025-02-11T11:47:06","date_gmt":"2025-02-11T14:47:06","guid":{"rendered":"http:\/\/comunidadtextil.com\/wpnews\/?p=17971"},"modified":"2025-02-11T13:27:41","modified_gmt":"2025-02-11T16:27:41","slug":"emitex-presentara-del-8-al-10-abril-en-buenos-aires-todas-las-oportunidades-del-sector","status":"publish","type":"post","link":"https:\/\/comunidadtextil.com\/wpnews\/2025\/02\/emitex-presentara-del-8-al-10-abril-en-buenos-aires-todas-las-oportunidades-del-sector\/","title":{"rendered":"Emitex presentar\u00e1 del 8 al 10 abril en Buenos Aires grandes oportunidades para el sector"},"content":{"rendered":"<p><a href=\"https:\/\/comunidadtextil.com\/wpnews\/wp-content\/uploads\/2025\/02\/Emitex-5.jpg\"><img loading=\"lazy\" decoding=\"async\" class=\"wp-image-17948 alignright\" src=\"https:\/\/comunidadtextil.com\/wpnews\/wp-content\/uploads\/2025\/02\/Emitex-5-300x170.jpg\" alt=\"\" width=\"249\" height=\"141\" srcset=\"https:\/\/comunidadtextil.com\/wpnews\/wp-content\/uploads\/2025\/02\/Emitex-5-300x170.jpg 300w, https:\/\/comunidadtextil.com\/wpnews\/wp-content\/uploads\/2025\/02\/Emitex-5-768x435.jpg 768w, https:\/\/comunidadtextil.com\/wpnews\/wp-content\/uploads\/2025\/02\/Emitex-5.jpg 1000w\" sizes=\"auto, (max-width: 249px) 100vw, 249px\" \/><\/a>El sal\u00f3n convoca a los principales referentes de la industria textil de Argentina. La exposici\u00f3n se realizar\u00e1 del 8 al 10 de abril en el predio La Rural en Buenos Aires.<\/p>\n<p>Emitex contar\u00e1 con dos grandes \u00e1reas: \u2018Tejidos, Av\u00edos y Servicios\u2019 y \u2018Maquinaria de Sublimaci\u00f3n y Estampaci\u00f3n Digital\u2019. En ambos sectores se podr\u00e1 encontrar los insumos m\u00e1s innovadores y las \u00faltimas soluciones tecnol\u00f3gicas.<\/p>\n<p>La principal exposici\u00f3n textil de Argentina presentar\u00e1 las novedades del a\u00f1o y las pr\u00f3ximas temporadas. Con la organizaci\u00f3n de Messe Frankfurt Argentina, el sal\u00f3n vuelve al tradicional espacio de La Rural donde se exhibir\u00e1n los \u00faltimos adelantos en tecnolog\u00eda de estampaci\u00f3n textil, tejidos, av\u00edos y servicios.<\/p>\n<table>\n<tbody>\n<tr>\n<td><a href=\"https:\/\/comunidadtextil.com\/wpnews\/wp-content\/uploads\/2025\/02\/JLB2531.jpg\"><img loading=\"lazy\" decoding=\"async\" class=\" wp-image-17942 aligncenter\" src=\"https:\/\/comunidadtextil.com\/wpnews\/wp-content\/uploads\/2025\/02\/JLB2531-300x200.jpg\" alt=\"\" width=\"254\" height=\"169\" srcset=\"https:\/\/comunidadtextil.com\/wpnews\/wp-content\/uploads\/2025\/02\/JLB2531-300x200.jpg 300w, https:\/\/comunidadtextil.com\/wpnews\/wp-content\/uploads\/2025\/02\/JLB2531-768x512.jpg 768w, https:\/\/comunidadtextil.com\/wpnews\/wp-content\/uploads\/2025\/02\/JLB2531.jpg 1000w\" sizes=\"auto, (max-width: 254px) 100vw, 254px\" \/><\/a><\/td>\n<td><a href=\"https:\/\/comunidadtextil.com\/wpnews\/wp-content\/uploads\/2025\/02\/JLB2473.jpg\"><img loading=\"lazy\" decoding=\"async\" class=\" wp-image-17941 aligncenter\" src=\"https:\/\/comunidadtextil.com\/wpnews\/wp-content\/uploads\/2025\/02\/JLB2473-300x200.jpg\" alt=\"\" width=\"255\" height=\"170\" srcset=\"https:\/\/comunidadtextil.com\/wpnews\/wp-content\/uploads\/2025\/02\/JLB2473-300x200.jpg 300w, https:\/\/comunidadtextil.com\/wpnews\/wp-content\/uploads\/2025\/02\/JLB2473-768x512.jpg 768w, https:\/\/comunidadtextil.com\/wpnews\/wp-content\/uploads\/2025\/02\/JLB2473.jpg 1000w\" sizes=\"auto, (max-width: 255px) 100vw, 255px\" \/><\/a><\/td>\n<\/tr>\n<tr>\n<td><a href=\"https:\/\/comunidadtextil.com\/wpnews\/wp-content\/uploads\/2025\/02\/JLB2606.jpg\"><img loading=\"lazy\" decoding=\"async\" class=\" wp-image-17943 aligncenter\" src=\"https:\/\/comunidadtextil.com\/wpnews\/wp-content\/uploads\/2025\/02\/JLB2606-300x200.jpg\" alt=\"\" width=\"255\" height=\"170\" srcset=\"https:\/\/comunidadtextil.com\/wpnews\/wp-content\/uploads\/2025\/02\/JLB2606-300x200.jpg 300w, https:\/\/comunidadtextil.com\/wpnews\/wp-content\/uploads\/2025\/02\/JLB2606-768x512.jpg 768w, https:\/\/comunidadtextil.com\/wpnews\/wp-content\/uploads\/2025\/02\/JLB2606.jpg 1000w\" sizes=\"auto, (max-width: 255px) 100vw, 255px\" \/><\/a><\/td>\n<td><a href=\"https:\/\/comunidadtextil.com\/wpnews\/wp-content\/uploads\/2025\/02\/JLB2686.jpg\"><img loading=\"lazy\" decoding=\"async\" class=\" wp-image-17944 aligncenter\" src=\"https:\/\/comunidadtextil.com\/wpnews\/wp-content\/uploads\/2025\/02\/JLB2686-300x200.jpg\" alt=\"\" width=\"255\" height=\"170\" srcset=\"https:\/\/comunidadtextil.com\/wpnews\/wp-content\/uploads\/2025\/02\/JLB2686-300x200.jpg 300w, https:\/\/comunidadtextil.com\/wpnews\/wp-content\/uploads\/2025\/02\/JLB2686-768x512.jpg 768w, https:\/\/comunidadtextil.com\/wpnews\/wp-content\/uploads\/2025\/02\/JLB2686.jpg 1000w\" sizes=\"auto, (max-width: 255px) 100vw, 255px\" \/><\/a><\/td>\n<\/tr>\n<\/tbody>\n<\/table>\n<p>Con m\u00e1s de 90 expositores confirmados, Emitex contar\u00e1, adem\u00e1s, con dos espacios destacados. Trend Hub que tendr\u00e1 una completa selecci\u00f3n de tejidos organizados en diversas tem\u00e1ticas, para conocer las tendencias de 2026, encontrar inspiraci\u00f3n y planificar los pedidos de las pr\u00f3ximas temporadas.<\/p>\n<div id=\"attachment_17947\" style=\"width: 158px\" class=\"wp-caption alignleft\"><a href=\"https:\/\/comunidadtextil.com\/wpnews\/wp-content\/uploads\/2025\/02\/Andrea-Lippi-directora-de-Emitex.-.jpg\"><img loading=\"lazy\" decoding=\"async\" aria-describedby=\"caption-attachment-17947\" class=\" wp-image-17947\" src=\"https:\/\/comunidadtextil.com\/wpnews\/wp-content\/uploads\/2025\/02\/Andrea-Lippi-directora-de-Emitex.--202x300.jpg\" alt=\"\" width=\"148\" height=\"220\" srcset=\"https:\/\/comunidadtextil.com\/wpnews\/wp-content\/uploads\/2025\/02\/Andrea-Lippi-directora-de-Emitex.--202x300.jpg 202w, https:\/\/comunidadtextil.com\/wpnews\/wp-content\/uploads\/2025\/02\/Andrea-Lippi-directora-de-Emitex.-.jpg 500w\" sizes=\"auto, (max-width: 148px) 100vw, 148px\" \/><\/a><p id=\"caption-attachment-17947\" class=\"wp-caption-text\">Andrea Lippi, directora de Emitex.<\/p><\/div>\n<p>Adem\u00e1s en Design Point habr\u00e1 cinco dise\u00f1adoras textiles que exhibir\u00e1n sus estampas exclusivas para servir como referencia a los nuevos creadores.<\/p>\n<p>La feria se enfocar\u00e1 en la innovaci\u00f3n y tecnolog\u00eda y estar\u00e1 organizada en dos grandes \u00e1reas. La primera de ellas estar\u00e1 destinada a tejidos, av\u00edos y servicios. En la segunda, se exhibir\u00e1n los \u00faltimos adelantos en maquinaria de sublimaci\u00f3n y estampaci\u00f3n digital. En ambos lugares se concentrar\u00e1n los insumos m\u00e1s innovadores y las \u00faltimas soluciones tecnol\u00f3gicas.<\/p>\n<p>El registro para participar est\u00e1 disponible en: <a href=\"https:\/\/emitex.ar.messefrankfurt.com\/buenosaires\/es.html\" target=\"_blank\" rel=\"noopener\">https:\/\/emitex.ar.messefrankfurt.com\/buenosaires\/es.html<\/a><br \/>\n&#8212;&#8212;&#8212;&#8212;&#8212;&#8212;&#8212;&#8212;&#8212;&#8212;&#8212;&#8212;&#8212;&#8211;<br \/>\nEmitex \/ Comunidad Textil<\/p>\n<p>\u2014\u2014\u2014\u2014\u2014\u2014\u2014\u2014\u2014\u2014\u2014\u2014\u2014\u2014\u2014\u2014\u2014\u2014\u2014\u2014\u2014\u2014\u2014\u2014\u2014\u2014\u2014\u2014\u2014\u2014\u2014\u2014\u2014\u2014\u2014\u2014\u2014\u2014\u2014<\/p>\n<p dir=\"ltr\">Para comunicarse con ComunidadTextil: <span style=\"color: #3366ff;\"><a style=\"color: #3366ff;\" href=\"mailto:contacto@comunidadtextil.com\">contacto@comunidadtextil.com<\/a><\/span><\/p>\n<table border=\"0\" width=\"460\">\n<tbody>\n<tr>\n<td width=\"auto\"><a href=\"https:\/\/emitex.ar.messefrankfurt.com\/buenosaires\/es.html\" target=\"_blank\" rel=\"noopener\"><img loading=\"lazy\" decoding=\"async\" class=\"aligncenter\" src=\"http:\/\/comunidadtextil.com\/publicidad\/2025\/emitex_abril2025b.jpg\" alt=\"\" width=\"300\" height=\"300\" \/><\/a><\/td>\n<td width=\"auto\"><a href=\"https:\/\/epson.com.ar\/Para-el-trabajo\/Impresoras\/Gran-Formato\/Impresora-Epson-SureColor-F10070\/p\/C11CF84202\" target=\"_blank\" rel=\"noopener\"><img loading=\"lazy\" decoding=\"async\" class=\"aligncenter\" src=\"http:\/\/www.comunidadtextil.com\/publicidad\/2024\/2213251_ARG_VISUAL_DE_MEDIOS_DICIEMBRE_20_COMUNIDAD_TEXTIL_Banner_Gif_300x200_02.gif\" alt=\"\" width=\"300\" height=\"200\" \/><\/a><\/td>\n<\/tr>\n<\/tbody>\n<\/table>\n","protected":false},"excerpt":{"rendered":"<p>El sal\u00f3n convoca a los principales referentes de la industria textil de Argentina. La exposici\u00f3n se realizar\u00e1 del 8 al 10 de abril en el predio La Rural en Buenos Aires. Emitex contar\u00e1 con dos grandes \u00e1reas: \u2018Tejidos, Av\u00edos y Servicios\u2019 y \u2018Maquinaria de Sublimaci\u00f3n y Estampaci\u00f3n Digital\u2019. En ambos sectores se podr\u00e1 encontrar los [&hellip;]<\/p>\n","protected":false},"author":1924,"featured_media":0,"comment_status":"closed","ping_status":"closed","sticky":false,"template":"","format":"standard","meta":{"footnotes":""},"categories":[8,50],"tags":[],"class_list":["post-17971","post","type-post","status-publish","format-standard","hentry","category-argentina","category-ferias-proximas","count-0","even alt","author-adminct","last"],"_links":{"self":[{"href":"https:\/\/comunidadtextil.com\/wpnews\/wp-json\/wp\/v2\/posts\/17971","targetHints":{"allow":["GET"]}}],"collection":[{"href":"https:\/\/comunidadtextil.com\/wpnews\/wp-json\/wp\/v2\/posts"}],"about":[{"href":"https:\/\/comunidadtextil.com\/wpnews\/wp-json\/wp\/v2\/types\/post"}],"author":[{"embeddable":true,"href":"https:\/\/comunidadtextil.com\/wpnews\/wp-json\/wp\/v2\/users\/1924"}],"replies":[{"embeddable":true,"href":"https:\/\/comunidadtextil.com\/wpnews\/wp-json\/wp\/v2\/comments?post=17971"}],"version-history":[{"count":12,"href":"https:\/\/comunidadtextil.com\/wpnews\/wp-json\/wp\/v2\/posts\/17971\/revisions"}],"predecessor-version":[{"id":17983,"href":"https:\/\/comunidadtextil.com\/wpnews\/wp-json\/wp\/v2\/posts\/17971\/revisions\/17983"}],"wp:attachment":[{"href":"https:\/\/comunidadtextil.com\/wpnews\/wp-json\/wp\/v2\/media?parent=17971"}],"wp:term":[{"taxonomy":"category","embeddable":true,"href":"https:\/\/comunidadtextil.com\/wpnews\/wp-json\/wp\/v2\/categories?post=17971"},{"taxonomy":"post_tag","embeddable":true,"href":"https:\/\/comunidadtextil.com\/wpnews\/wp-json\/wp\/v2\/tags?post=17971"}],"curies":[{"name":"wp","href":"https:\/\/api.w.org\/{rel}","templated":true}]}}