{"id":17751,"date":"2024-12-19T12:15:04","date_gmt":"2024-12-19T15:15:04","guid":{"rendered":"http:\/\/comunidadtextil.com\/wpnews\/?p=17751"},"modified":"2024-12-19T12:15:53","modified_gmt":"2024-12-19T15:15:53","slug":"la-industria-textil-argentina-cierra-el-2024-con-numeros-en-rojo-por-la-baja-demanda","status":"publish","type":"post","link":"https:\/\/comunidadtextil.com\/wpnews\/2024\/12\/la-industria-textil-argentina-cierra-el-2024-con-numeros-en-rojo-por-la-baja-demanda\/","title":{"rendered":"La industria textil argentina cierra el 2024 con n\u00fameros en rojo por la baja demanda"},"content":{"rendered":"<div id=\"attachment_17741\" style=\"width: 181px\" class=\"wp-caption alignleft\"><a href=\"https:\/\/comunidadtextil.com\/wpnews\/wp-content\/uploads\/2024\/12\/Luciano-Galfione-presidente-de-la-Fundacion-ProTejer.-_3-.jpg\"><img loading=\"lazy\" decoding=\"async\" aria-describedby=\"caption-attachment-17741\" class=\" wp-image-17741\" src=\"https:\/\/comunidadtextil.com\/wpnews\/wp-content\/uploads\/2024\/12\/Luciano-Galfione-presidente-de-la-Fundacion-ProTejer.-_3--223x300.jpg\" alt=\"\" width=\"171\" height=\"230\" srcset=\"https:\/\/comunidadtextil.com\/wpnews\/wp-content\/uploads\/2024\/12\/Luciano-Galfione-presidente-de-la-Fundacion-ProTejer.-_3--223x300.jpg 223w, https:\/\/comunidadtextil.com\/wpnews\/wp-content\/uploads\/2024\/12\/Luciano-Galfione-presidente-de-la-Fundacion-ProTejer.-_3-.jpg 233w\" sizes=\"auto, (max-width: 171px) 100vw, 171px\" \/><\/a><p id=\"caption-attachment-17741\" class=\"wp-caption-text\">Luciano Galfione , presidente de la Fundaci\u00f3n ProTejer.<\/p><\/div>\n<p>La Fundaci\u00f3n ProTejer realiz\u00f3 una nueva Encuesta de Coyuntura de las empresas de la cadena textil e indumentaria, correspondiente al tercer trimestre del a\u00f1o. Los resultados reflejaron que, a pesar de una desaceleraci\u00f3n en la ca\u00edda con respecto a los primeros meses, la producci\u00f3n en dicha actividad se encuentra un 19% por debajo del a\u00f1o pasado.<\/p>\n<p>La encuesta consult\u00f3 a m\u00e1s de 100 empresas de los distintos eslabones textiles e indumentaria sobre la evoluci\u00f3n de las principales variables de ventas, producci\u00f3n, uso de capacidad instalada, inversiones y comercio exterior en el III trimestre de 2024. Este rubro genera 540 mil puestos de trabajo y, por ende, da sustento a 2 millones de personas a nivel federal.<\/p>\n<p>El estudio confirm\u00f3 nueve meses consecutivos de fuerte contracci\u00f3n interanual de la actividad, con perjuicios crecientes de afectaci\u00f3n al empleo y posible cierre de establecimientos productivos en caso de mantenerse la capacidad instalada ociosa.<\/p>\n<div id=\"attachment_17740\" style=\"width: 310px\" class=\"wp-caption alignright\"><a href=\"https:\/\/comunidadtextil.com\/wpnews\/wp-content\/uploads\/2024\/12\/Encuenta-empresaria-sobre-las-ventas-de-textiles-en-2024.-.jpg\"><img loading=\"lazy\" decoding=\"async\" aria-describedby=\"caption-attachment-17740\" class=\"wp-image-17740 size-medium\" src=\"https:\/\/comunidadtextil.com\/wpnews\/wp-content\/uploads\/2024\/12\/Encuenta-empresaria-sobre-las-ventas-de-textiles-en-2024.--300x300.jpg\" alt=\"\" width=\"300\" height=\"300\" srcset=\"https:\/\/comunidadtextil.com\/wpnews\/wp-content\/uploads\/2024\/12\/Encuenta-empresaria-sobre-las-ventas-de-textiles-en-2024.--300x300.jpg 300w, https:\/\/comunidadtextil.com\/wpnews\/wp-content\/uploads\/2024\/12\/Encuenta-empresaria-sobre-las-ventas-de-textiles-en-2024.--150x150.jpg 150w, https:\/\/comunidadtextil.com\/wpnews\/wp-content\/uploads\/2024\/12\/Encuenta-empresaria-sobre-las-ventas-de-textiles-en-2024.-.jpg 730w\" sizes=\"auto, (max-width: 300px) 100vw, 300px\" \/><\/a><p id=\"caption-attachment-17740\" class=\"wp-caption-text\">Encuenta empresaria sobre las ventas de textiles en 2024.<\/p><\/div>\n<p>En desglose, 7 de cada 10 empresas encuestadas vio reducidas sus ventas y su producci\u00f3n en el tercer bimestre del a\u00f1o, donde adem\u00e1s este primer \u00edtem registr\u00f3 una ca\u00edda promedio interanual del -18% y, en el caso de la producci\u00f3n, del -19%. Asimismo, el uso de la capacidad instalada cay\u00f3 en el 64% de los casos relevados. En promedio, la ca\u00edda fue de -12 p.p. en el tercer trimestre del a\u00f1o en su comparaci\u00f3n interanual.<\/p>\n<p>Las principales razones que explican la ca\u00edda de la producci\u00f3n es la p\u00e9rdida del poder adquisitivo de la poblaci\u00f3n, dado que la casi totalidad de las empresas consideran esta causante como relevante. Tambi\u00e9n cambios de participaci\u00f3n de bienes importados en el consumo (3 de cada 10 empresas) y las expectativas macroecon\u00f3micas y cambio del clima de negocios respecto al futuro (4 de cada 10 empresas).<\/p>\n<p>Todos estos datos marcan que la crisis est\u00e1 impactando en todos los rubros de la cadena de valor: desde la fabricaci\u00f3n de hilados, telas, indumentaria y la comercializaci\u00f3n de m\u00e1quinas, insumos y bienes finales.<\/p>\n<p>Adem\u00e1s, seg\u00fan detalla el estudio de la Fundaci\u00f3n ProTejer, otras razones de la ca\u00edda del sector, que identifica como relevantes, son \u00bbla variaci\u00f3n de costos de materias primas e insumos, la apreciaci\u00f3n cambiaria y el cambio de pol\u00edticas sectoriales para la industria\u00bb. En adici\u00f3n, durante los primeros nueves meses del a\u00f1o, el 59% de las empresas encuestadas debieron tomar medidas que afectaron negativamente al empleo, como la cancelaci\u00f3n de horas extras, despidos, suspensiones, adelanto de vacaciones y no-renovaci\u00f3n de contratos, entre otros.<\/p>\n<div id=\"attachment_17739\" style=\"width: 310px\" class=\"wp-caption alignleft\"><a href=\"https:\/\/comunidadtextil.com\/wpnews\/wp-content\/uploads\/2024\/12\/Encuenta-empresaria-sobre-la-produccion-textil-en-2024.-.jpg\"><img loading=\"lazy\" decoding=\"async\" aria-describedby=\"caption-attachment-17739\" class=\"size-medium wp-image-17739\" src=\"https:\/\/comunidadtextil.com\/wpnews\/wp-content\/uploads\/2024\/12\/Encuenta-empresaria-sobre-la-produccion-textil-en-2024.--300x300.jpg\" alt=\"\" width=\"300\" height=\"300\" srcset=\"https:\/\/comunidadtextil.com\/wpnews\/wp-content\/uploads\/2024\/12\/Encuenta-empresaria-sobre-la-produccion-textil-en-2024.--300x300.jpg 300w, https:\/\/comunidadtextil.com\/wpnews\/wp-content\/uploads\/2024\/12\/Encuenta-empresaria-sobre-la-produccion-textil-en-2024.--150x150.jpg 150w, https:\/\/comunidadtextil.com\/wpnews\/wp-content\/uploads\/2024\/12\/Encuenta-empresaria-sobre-la-produccion-textil-en-2024.-.jpg 730w\" sizes=\"auto, (max-width: 300px) 100vw, 300px\" \/><\/a><p id=\"caption-attachment-17739\" class=\"wp-caption-text\">Encuenta empresaria sobre la producci\u00f3n textil en 2024.<\/p><\/div>\n<p>En ese tema, el 43% de las empresas indica que cay\u00f3 el empleo al comparar septiembre 2024 con diciembre 2024 y s\u00f3lo un 8% registro aumento en la cantidad de puestos de trabajo, cifra que refleja una situaci\u00f3n preocupante sobre todo si comparamos con el primer bimestre del a\u00f1o, cuando s\u00f3lo el 21% registraba menos puestos de trabajo que en diciembre 2023.<\/p>\n<p>En lo que respecta a las inversiones, se revel\u00f3 que 7 de cada 10 empresas no realiz\u00f3 ni realizar\u00e1 inversiones en un futuro pr\u00f3ximo y algunas de ellas incluso cancelaron inversiones planificadas. Estos n\u00fameros reflejan un claro contraste con el r\u00e9cord de inversi\u00f3n en a\u00f1os anteriores.<\/p>\n<p>En cuanto las exportaciones, si bien el 32% de las encuestadas ha exportado en los \u00faltimos 5 a\u00f1os, s\u00f3lo el 19% ha realizado ventas al exterior en los primeros nueve meses del a\u00f1o. En esta l\u00ednea, 7 de cada 10 empresas encuentra dificultades para exportar, siendo las principales: el \u201ctipo de cambio\u201d (73% de las empresas), la \u201cpresi\u00f3n tributaria\u201d (44%), la volatilidad macroecon\u00f3mica (32%) y las \u201ctrabas burocr\u00e1ticas nacionales\u201d (32%).<\/p>\n<p>Con respecto a la cadena de pagos, el 28% manifest\u00f3 ya tener dificultades para afrontar pagos corrientes (impuestos, tarifas, proveedores, salarios, importaciones).<\/p>\n<p>En un contexto de contracci\u00f3n industrial, donde todos los sectores se ven afectados, las empresas fueron consultadas acerca de las pol\u00edticas p\u00fablicas que considera m\u00e1s relevantes para sortear la situaci\u00f3n actual. Pudiendo elegir 3 opciones, el 67% de las empresas considera que es necesario avanzar en una reforma tributaria que otorgue alivio fiscal a la producci\u00f3n.<\/p>\n<p>Bajo esa l\u00ednea, en segundo lugar el 38% considera relevante tomar medidas pol\u00edticas en resguardo de la competencia leal frente a los productos importados. El 35% considera relevante las medidas de financiamiento al consumo interno, con programas como los cr\u00e9ditos denominados \u201cAhora 12\u201d o \u201cCuota simple\u201d. En cuarto lugar, el 27% de las empresas destac\u00f3 la relevancia de corregir el tipo de cambio para lograr una mayor competitividad y los precios.<br \/>\n&#8212;&#8212;&#8212;&#8212;&#8212;&#8212;&#8212;&#8212;&#8212;&#8212;&#8212;&#8212;&#8212;&#8212;&#8212;&#8212;&#8212;&#8212;&#8211;<br \/>\nAmbito Financiero \/ Comunidad Textil<\/p>\n<p>\u2014\u2014\u2014\u2014\u2014\u2014\u2014\u2014\u2014\u2014\u2014\u2014\u2014\u2014\u2014\u2014\u2014\u2014\u2014\u2014\u2014\u2014\u2014\u2014\u2014\u2014\u2014\u2014\u2014\u2014\u2014\u2014\u2014\u2014\u2014\u2014\u2014\u2014\u2014<\/p>\n<p dir=\"ltr\">Para comunicarse con ComunidadTextil: <span style=\"color: #3366ff;\"><a style=\"color: #3366ff;\" href=\"mailto:contacto@comunidadtextil.com\">contacto@comunidadtextil.com<\/a><\/span><\/p>\n<table border=\"0\" width=\"460\">\n<tbody>\n<tr>\n<td width=\"auto\"><a href=\"http:\/\/www.tikvatex.com.ar\" target=\"_blank\" rel=\"noopener\"><img loading=\"lazy\" decoding=\"async\" class=\"aligncenter\" src=\"http:\/\/www.comunidadtextil.com\/publicidad\/tikvatex062020.png\" alt=\"\" width=\"300\" height=\"190\" border=\"0\" \/><\/a><\/td>\n<td width=\"auto\"><a href=\"https:\/\/algoselanflandria.com.ar\/\" target=\"_blank\" rel=\"noopener\"><img decoding=\"async\" class=\"aligncenter\" src=\"http:\/\/comunidadtextil.com\/publicidad\/af-2020-300x200px.gif\" alt=\"\" width=\"auto\" height=\"auto\" border=\"0\" \/><\/a><\/td>\n<\/tr>\n<\/tbody>\n<\/table>\n","protected":false},"excerpt":{"rendered":"<p>La Fundaci\u00f3n ProTejer realiz\u00f3 una nueva Encuesta de Coyuntura de las empresas de la cadena textil e indumentaria, correspondiente al tercer trimestre del a\u00f1o. Los resultados reflejaron que, a pesar de una desaceleraci\u00f3n en la ca\u00edda con respecto a los primeros meses, la producci\u00f3n en dicha actividad se encuentra un 19% por debajo del a\u00f1o [&hellip;]<\/p>\n","protected":false},"author":1924,"featured_media":0,"comment_status":"closed","ping_status":"closed","sticky":false,"template":"","format":"standard","meta":{"footnotes":""},"categories":[8,43,58],"tags":[],"class_list":["post-17751","post","type-post","status-publish","format-standard","hentry","category-argentina","category-industria","category-noticias-de-america-latina","count-0","even alt","author-adminct","last"],"_links":{"self":[{"href":"https:\/\/comunidadtextil.com\/wpnews\/wp-json\/wp\/v2\/posts\/17751","targetHints":{"allow":["GET"]}}],"collection":[{"href":"https:\/\/comunidadtextil.com\/wpnews\/wp-json\/wp\/v2\/posts"}],"about":[{"href":"https:\/\/comunidadtextil.com\/wpnews\/wp-json\/wp\/v2\/types\/post"}],"author":[{"embeddable":true,"href":"https:\/\/comunidadtextil.com\/wpnews\/wp-json\/wp\/v2\/users\/1924"}],"replies":[{"embeddable":true,"href":"https:\/\/comunidadtextil.com\/wpnews\/wp-json\/wp\/v2\/comments?post=17751"}],"version-history":[{"count":7,"href":"https:\/\/comunidadtextil.com\/wpnews\/wp-json\/wp\/v2\/posts\/17751\/revisions"}],"predecessor-version":[{"id":17758,"href":"https:\/\/comunidadtextil.com\/wpnews\/wp-json\/wp\/v2\/posts\/17751\/revisions\/17758"}],"wp:attachment":[{"href":"https:\/\/comunidadtextil.com\/wpnews\/wp-json\/wp\/v2\/media?parent=17751"}],"wp:term":[{"taxonomy":"category","embeddable":true,"href":"https:\/\/comunidadtextil.com\/wpnews\/wp-json\/wp\/v2\/categories?post=17751"},{"taxonomy":"post_tag","embeddable":true,"href":"https:\/\/comunidadtextil.com\/wpnews\/wp-json\/wp\/v2\/tags?post=17751"}],"curies":[{"name":"wp","href":"https:\/\/api.w.org\/{rel}","templated":true}]}}