{"id":17501,"date":"2024-11-12T11:02:23","date_gmt":"2024-11-12T14:02:23","guid":{"rendered":"http:\/\/comunidadtextil.com\/wpnews\/?p=17501"},"modified":"2024-11-12T11:02:23","modified_gmt":"2024-11-12T14:02:23","slug":"nicaragua-disena-en-su-13o-edicion-convoco-a-creadores-de-varios-paises-de-la-region","status":"publish","type":"post","link":"https:\/\/comunidadtextil.com\/wpnews\/2024\/11\/nicaragua-disena-en-su-13o-edicion-convoco-a-creadores-de-varios-paises-de-la-region\/","title":{"rendered":"Nicaragua Dise\u00f1a, en su 13\u00ba  edici\u00f3n, convoc\u00f3 a creadores de varios pa\u00edses de la regi\u00f3n"},"content":{"rendered":"<p>El evento de moda que se realiza cada a\u00f1o en Nicaragua cont\u00f3 con la presencia de creadores de Colombia, M\u00e9xico, Honduras, El Salvador, Rep\u00fablica Dominicana, Surinam, Cuba, Venezuela y Panam\u00e1. El talento latinoamericano se dio cita en el Centro de Convenciones Olof Palme en Managua.<\/p>\n<table>\n<tbody>\n<tr>\n<td><a href=\"https:\/\/comunidadtextil.com\/wpnews\/wp-content\/uploads\/2024\/11\/Nicaragua-disena-2024-.jpg\"><img loading=\"lazy\" decoding=\"async\" class=\"size-medium wp-image-17488 aligncenter\" src=\"https:\/\/comunidadtextil.com\/wpnews\/wp-content\/uploads\/2024\/11\/Nicaragua-disena-2024--300x170.jpg\" alt=\"\" width=\"300\" height=\"170\" srcset=\"https:\/\/comunidadtextil.com\/wpnews\/wp-content\/uploads\/2024\/11\/Nicaragua-disena-2024--300x170.jpg 300w, https:\/\/comunidadtextil.com\/wpnews\/wp-content\/uploads\/2024\/11\/Nicaragua-disena-2024--768x435.jpg 768w, https:\/\/comunidadtextil.com\/wpnews\/wp-content\/uploads\/2024\/11\/Nicaragua-disena-2024-.jpg 1000w\" sizes=\"auto, (max-width: 300px) 100vw, 300px\" \/><\/a><\/td>\n<td><a href=\"https:\/\/comunidadtextil.com\/wpnews\/wp-content\/uploads\/2024\/11\/Nicaragua-disena-2024-_10-.jpg\"><img loading=\"lazy\" decoding=\"async\" class=\" wp-image-17490 aligncenter\" src=\"https:\/\/comunidadtextil.com\/wpnews\/wp-content\/uploads\/2024\/11\/Nicaragua-disena-2024-_10--300x200.jpg\" alt=\"\" width=\"255\" height=\"170\" srcset=\"https:\/\/comunidadtextil.com\/wpnews\/wp-content\/uploads\/2024\/11\/Nicaragua-disena-2024-_10--300x200.jpg 300w, https:\/\/comunidadtextil.com\/wpnews\/wp-content\/uploads\/2024\/11\/Nicaragua-disena-2024-_10--1024x684.jpg 1024w, https:\/\/comunidadtextil.com\/wpnews\/wp-content\/uploads\/2024\/11\/Nicaragua-disena-2024-_10--768x513.jpg 768w, https:\/\/comunidadtextil.com\/wpnews\/wp-content\/uploads\/2024\/11\/Nicaragua-disena-2024-_10-.jpg 1100w\" sizes=\"auto, (max-width: 255px) 100vw, 255px\" \/><\/a><\/td>\n<\/tr>\n<\/tbody>\n<\/table>\n<p>El evento de moda Nicaragua Dise\u00f1a convoc\u00f3 a dise\u00f1adores latinoamericanos que presentaron las tendencias que influir\u00e1n en el estilo de la regi\u00f3n.<\/p>\n<p>A trav\u00e9s del apoyo de ProColombia, Karla Herrera, Jhon Dur\u00e1n, y el d\u00fao creativo Paj\u00f3n y Cartagena fueron los dise\u00f1adores colombianos que participaron de la convocatoria. \u201cEste evento anual se ha consolidado como un escaparate de creatividad, innovaci\u00f3n y colaboraci\u00f3n internacional, donde este a\u00f1o se destaca la participaci\u00f3n de reconocidos dise\u00f1adores colombianos\u201d se\u00f1al\u00f3 Carmen Caballero, presidenta de la entidad.<\/p>\n<table>\n<tbody>\n<tr>\n<td><a href=\"https:\/\/comunidadtextil.com\/wpnews\/wp-content\/uploads\/2024\/11\/Nicaragua-disena-2024-_11-.jpg\"><img loading=\"lazy\" decoding=\"async\" class=\"size-medium wp-image-17491 aligncenter\" src=\"https:\/\/comunidadtextil.com\/wpnews\/wp-content\/uploads\/2024\/11\/Nicaragua-disena-2024-_11--300x200.jpg\" alt=\"\" width=\"300\" height=\"200\" srcset=\"https:\/\/comunidadtextil.com\/wpnews\/wp-content\/uploads\/2024\/11\/Nicaragua-disena-2024-_11--300x200.jpg 300w, https:\/\/comunidadtextil.com\/wpnews\/wp-content\/uploads\/2024\/11\/Nicaragua-disena-2024-_11--1024x684.jpg 1024w, https:\/\/comunidadtextil.com\/wpnews\/wp-content\/uploads\/2024\/11\/Nicaragua-disena-2024-_11--768x513.jpg 768w, https:\/\/comunidadtextil.com\/wpnews\/wp-content\/uploads\/2024\/11\/Nicaragua-disena-2024-_11-.jpg 1100w\" sizes=\"auto, (max-width: 300px) 100vw, 300px\" \/><\/a><\/td>\n<td><a href=\"https:\/\/comunidadtextil.com\/wpnews\/wp-content\/uploads\/2024\/11\/Nicaragua-disena-2024-_6-.jpg\"><img loading=\"lazy\" decoding=\"async\" class=\"size-medium wp-image-17489 aligncenter\" src=\"https:\/\/comunidadtextil.com\/wpnews\/wp-content\/uploads\/2024\/11\/Nicaragua-disena-2024-_6--300x200.jpg\" alt=\"\" width=\"300\" height=\"200\" srcset=\"https:\/\/comunidadtextil.com\/wpnews\/wp-content\/uploads\/2024\/11\/Nicaragua-disena-2024-_6--300x200.jpg 300w, https:\/\/comunidadtextil.com\/wpnews\/wp-content\/uploads\/2024\/11\/Nicaragua-disena-2024-_6--768x513.jpg 768w, https:\/\/comunidadtextil.com\/wpnews\/wp-content\/uploads\/2024\/11\/Nicaragua-disena-2024-_6-.jpg 1024w\" sizes=\"auto, (max-width: 300px) 100vw, 300px\" \/><\/a><\/td>\n<\/tr>\n<\/tbody>\n<\/table>\n<p>Adem\u00e1s de la presentaci\u00f3n de las colecciones, Nicaragua Dise\u00f1a cont\u00f3 con m\u00e1s de 40 stands en los que se presentaron propuestas de dise\u00f1o, arte y moda. Tambi\u00e9n hubo una oferta de gastronom\u00eda internacional, clases magistrales de moda y una exhibici\u00f3n fotogr\u00e1fica.<br \/>\n&#8212;&#8212;&#8212;&#8212;&#8212;&#8212;&#8212;&#8212;&#8212;&#8212;&#8212;&#8212;&#8212;&#8212;&#8212;&#8212;&#8212;&#8211;<br \/>\nFashion Network \/ Comunidad Textil<\/p>\n<p>\u2014\u2014\u2014\u2014\u2014\u2014\u2014\u2014\u2014\u2014\u2014\u2014\u2014\u2014\u2014\u2014\u2014\u2014\u2014\u2014\u2014\u2014\u2014\u2014\u2014\u2014\u2014\u2014\u2014\u2014\u2014\u2014\u2014\u2014\u2014\u2014\u2014\u2014\u2014<\/p>\n<p dir=\"ltr\">Para comunicarse con ComunidadTextil: <span style=\"color: #3366ff;\"><a style=\"color: #3366ff;\" href=\"mailto:contacto@comunidadtextil.com\">contacto@comunidadtextil.com<\/a><\/span><\/p>\n<table border=\"0\" width=\"460\">\n<tbody>\n<tr>\n<td width=\"auto\"><a href=\"http:\/\/www.tintoreanatur.com.ar\" target=\"_blank\" rel=\"noopener\"><img loading=\"lazy\" decoding=\"async\" class=\"aligncenter\" src=\"http:\/\/www.comunidadtextil.com\/publicidad\/tintoreanatur-banner-300x200_2021.jpg\" alt=\"\" width=\"301\" height=\"201\" \/><\/a><\/td>\n<td width=\"auto\"><a href=\"https:\/\/algoselanflandria.com.ar\/\" target=\"_blank\" rel=\"noopener\"><img decoding=\"async\" class=\"aligncenter\" src=\"http:\/\/comunidadtextil.com\/publicidad\/af-2020-300x200px.gif\" alt=\"\" width=\"auto\" height=\"auto\" border=\"0\" \/><\/a><\/td>\n<\/tr>\n<\/tbody>\n<\/table>\n","protected":false},"excerpt":{"rendered":"<p>El evento de moda que se realiza cada a\u00f1o en Nicaragua cont\u00f3 con la presencia de creadores de Colombia, M\u00e9xico, Honduras, El Salvador, Rep\u00fablica Dominicana, Surinam, Cuba, Venezuela y Panam\u00e1. El talento latinoamericano se dio cita en el Centro de Convenciones Olof Palme en Managua. El evento de moda Nicaragua Dise\u00f1a convoc\u00f3 a dise\u00f1adores latinoamericanos [&hellip;]<\/p>\n","protected":false},"author":1924,"featured_media":0,"comment_status":"closed","ping_status":"closed","sticky":false,"template":"","format":"standard","meta":{"footnotes":""},"categories":[51],"tags":[],"class_list":["post-17501","post","type-post","status-publish","format-standard","hentry","category-ferias-realizadas","count-0","even alt","author-adminct","last"],"_links":{"self":[{"href":"https:\/\/comunidadtextil.com\/wpnews\/wp-json\/wp\/v2\/posts\/17501","targetHints":{"allow":["GET"]}}],"collection":[{"href":"https:\/\/comunidadtextil.com\/wpnews\/wp-json\/wp\/v2\/posts"}],"about":[{"href":"https:\/\/comunidadtextil.com\/wpnews\/wp-json\/wp\/v2\/types\/post"}],"author":[{"embeddable":true,"href":"https:\/\/comunidadtextil.com\/wpnews\/wp-json\/wp\/v2\/users\/1924"}],"replies":[{"embeddable":true,"href":"https:\/\/comunidadtextil.com\/wpnews\/wp-json\/wp\/v2\/comments?post=17501"}],"version-history":[{"count":4,"href":"https:\/\/comunidadtextil.com\/wpnews\/wp-json\/wp\/v2\/posts\/17501\/revisions"}],"predecessor-version":[{"id":17505,"href":"https:\/\/comunidadtextil.com\/wpnews\/wp-json\/wp\/v2\/posts\/17501\/revisions\/17505"}],"wp:attachment":[{"href":"https:\/\/comunidadtextil.com\/wpnews\/wp-json\/wp\/v2\/media?parent=17501"}],"wp:term":[{"taxonomy":"category","embeddable":true,"href":"https:\/\/comunidadtextil.com\/wpnews\/wp-json\/wp\/v2\/categories?post=17501"},{"taxonomy":"post_tag","embeddable":true,"href":"https:\/\/comunidadtextil.com\/wpnews\/wp-json\/wp\/v2\/tags?post=17501"}],"curies":[{"name":"wp","href":"https:\/\/api.w.org\/{rel}","templated":true}]}}