{"id":17465,"date":"2024-11-07T13:22:13","date_gmt":"2024-11-07T16:22:13","guid":{"rendered":"http:\/\/comunidadtextil.com\/wpnews\/?p=17465"},"modified":"2024-11-07T13:22:13","modified_gmt":"2024-11-07T16:22:13","slug":"heimtextil-tendra-una-mayor-oferta-de-productos-en-su-edicion-de-enero-de-2025","status":"publish","type":"post","link":"https:\/\/comunidadtextil.com\/wpnews\/2024\/11\/heimtextil-tendra-una-mayor-oferta-de-productos-en-su-edicion-de-enero-de-2025\/","title":{"rendered":"Heimtextil tendr\u00e1 una mayor oferta de productos en su edici\u00f3n de enero de 2025"},"content":{"rendered":"<p><a href=\"https:\/\/comunidadtextil.com\/wpnews\/wp-content\/uploads\/2024\/11\/heimtextil-detail-.jpg\"><img loading=\"lazy\" decoding=\"async\" class=\"alignleft wp-image-17453\" src=\"https:\/\/comunidadtextil.com\/wpnews\/wp-content\/uploads\/2024\/11\/heimtextil-detail--300x169.jpg\" alt=\"\" width=\"249\" height=\"140\" srcset=\"https:\/\/comunidadtextil.com\/wpnews\/wp-content\/uploads\/2024\/11\/heimtextil-detail--300x169.jpg 300w, https:\/\/comunidadtextil.com\/wpnews\/wp-content\/uploads\/2024\/11\/heimtextil-detail-.jpg 696w\" sizes=\"auto, (max-width: 249px) 100vw, 249px\" \/><\/a>El sal\u00f3n textil organizado por Messe Frankfurt tendr\u00e1 lugar del 14 al 17 de enero del pr\u00f3ximo a\u00f1o en esa ciudad alemana. Unos 2.900 expositores de 60 pa\u00edses llevar\u00e1n las \u00faltimas novedades en colecciones, tendencias, materiales y soluciones para la industria.<\/p>\n<p>Heimtextil, el sal\u00f3n de textiles que se realiza en Alemania, vuelve a reunir a los principales referentes del sector. Bajo el lema \u201cConnected by textiles\u201d, la feria convocar\u00e1 a 2.900 fabricantes de fibras, hilos y producto terminado. \u201cA pesar de la dif\u00edcil situaci\u00f3n del mercado, Heimtextil sigue siendo una plataforma fuerte. Por ello, en 2025 ampl\u00eda su gama de productos para nuevos grupos profesionales y fomentar la creaci\u00f3n de sinergias y asociaciones\u201d se\u00f1al\u00f3 Olaf Schmidt, vicepresidente del \u00e1rea de Textiles y Tecnolog\u00edas de Messe Frankfurt.<\/p>\n<table>\n<tbody>\n<tr>\n<td><a href=\"https:\/\/comunidadtextil.com\/wpnews\/wp-content\/uploads\/2024\/11\/6-Heimtextil-.jpg\"><img loading=\"lazy\" decoding=\"async\" class=\"size-medium wp-image-17451 aligncenter\" src=\"https:\/\/comunidadtextil.com\/wpnews\/wp-content\/uploads\/2024\/11\/6-Heimtextil--300x200.jpg\" alt=\"\" width=\"300\" height=\"200\" srcset=\"https:\/\/comunidadtextil.com\/wpnews\/wp-content\/uploads\/2024\/11\/6-Heimtextil--300x200.jpg 300w, https:\/\/comunidadtextil.com\/wpnews\/wp-content\/uploads\/2024\/11\/6-Heimtextil--1024x682.jpg 1024w, https:\/\/comunidadtextil.com\/wpnews\/wp-content\/uploads\/2024\/11\/6-Heimtextil--768x512.jpg 768w, https:\/\/comunidadtextil.com\/wpnews\/wp-content\/uploads\/2024\/11\/6-Heimtextil-.jpg 1280w\" sizes=\"auto, (max-width: 300px) 100vw, 300px\" \/><\/a><\/td>\n<td><a href=\"https:\/\/comunidadtextil.com\/wpnews\/wp-content\/uploads\/2024\/11\/1266px-Heimtextil_produktgruppe_bed.jpg\"><img loading=\"lazy\" decoding=\"async\" class=\" wp-image-17452 aligncenter\" src=\"https:\/\/comunidadtextil.com\/wpnews\/wp-content\/uploads\/2024\/11\/1266px-Heimtextil_produktgruppe_bed-300x224.jpg\" alt=\"\" width=\"268\" height=\"200\" srcset=\"https:\/\/comunidadtextil.com\/wpnews\/wp-content\/uploads\/2024\/11\/1266px-Heimtextil_produktgruppe_bed-300x224.jpg 300w, https:\/\/comunidadtextil.com\/wpnews\/wp-content\/uploads\/2024\/11\/1266px-Heimtextil_produktgruppe_bed-768x573.jpg 768w, https:\/\/comunidadtextil.com\/wpnews\/wp-content\/uploads\/2024\/11\/1266px-Heimtextil_produktgruppe_bed.jpg 1000w\" sizes=\"auto, (max-width: 268px) 100vw, 268px\" \/><\/a><\/td>\n<\/tr>\n<\/tbody>\n<\/table>\n<p>La edici\u00f3n de 2025 contar\u00e1 con la colaboraci\u00f3n de la plataforma de dise\u00f1o Alcoba que tendr\u00e1 a su cargo el \u00e1rea de tendencias. Por otra parte, la dise\u00f1adora y arquitecta Patricia Urquiola armar\u00e1 una instalaci\u00f3n en el sal\u00f3n.<\/p>\n<p><a href=\"https:\/\/comunidadtextil.com\/wpnews\/wp-content\/uploads\/2024\/11\/5-Heimtextil-.jpg\"><img loading=\"lazy\" decoding=\"async\" class=\" wp-image-17450 alignright\" src=\"https:\/\/comunidadtextil.com\/wpnews\/wp-content\/uploads\/2024\/11\/5-Heimtextil--300x200.jpg\" alt=\"\" width=\"246\" height=\"164\" srcset=\"https:\/\/comunidadtextil.com\/wpnews\/wp-content\/uploads\/2024\/11\/5-Heimtextil--300x200.jpg 300w, https:\/\/comunidadtextil.com\/wpnews\/wp-content\/uploads\/2024\/11\/5-Heimtextil--1024x682.jpg 1024w, https:\/\/comunidadtextil.com\/wpnews\/wp-content\/uploads\/2024\/11\/5-Heimtextil--768x512.jpg 768w, https:\/\/comunidadtextil.com\/wpnews\/wp-content\/uploads\/2024\/11\/5-Heimtextil-.jpg 1280w\" sizes=\"auto, (max-width: 246px) 100vw, 246px\" \/><\/a>El pabell\u00f3n Carpets &amp; Rugs tendr\u00e1 el doble de expositores que en la edici\u00f3n de 2024. All\u00ed se podr\u00e1 encontrar alfombras tejidas a mano, piezas \u00fanicas y de dise\u00f1o. Tambi\u00e9n habr\u00e1 alfombras tejidas a m\u00e1quina, fibras, hilos y maquinaria. Entre los expositores confirmados figuran ABC Italia, Bhadohi Carpets (India), Balta Home (B\u00e9lgica), Javi Home (India), Heritage Overseas (India), Lalee OHG (Alemania), Merinos Group con \u00d6zerdem (Turqu\u00eda) y Ragolle Rugs (B\u00e9lgica). Tambi\u00e9n estar\u00e1n presentes las asociaciones Fedustria (B\u00e9lgica), Office National de l\u2019Artisanat (T\u00fanez) y la asociaci\u00f3n espa\u00f1ola Unifam.<\/p>\n<p>En el \u00e1rea reservada para fibras e hilos estar\u00e1n conocidos fabricantes como Interima (Reino Unido), Georg &amp; Otto Friedrich (Alemania), Korteks (Turqu\u00eda), Sasa Polyester (Turqu\u00eda) y Trevira (Indorama Ventures Fibers Alemania).<br \/>\n&#8212;&#8212;&#8212;&#8212;&#8212;&#8212;&#8212;&#8212;&#8212;&#8212;&#8212;&#8212;&#8212;&#8212;&#8212;&#8212;-<br \/>\nPinker Moda \/ Comunidad Textil<\/p>\n<p>\u2014\u2014\u2014\u2014\u2014\u2014\u2014\u2014\u2014\u2014\u2014\u2014\u2014\u2014\u2014\u2014\u2014\u2014\u2014\u2014\u2014\u2014\u2014\u2014\u2014\u2014\u2014\u2014\u2014\u2014\u2014\u2014\u2014\u2014\u2014\u2014\u2014\u2014\u2014<\/p>\n<p dir=\"ltr\">Para comunicarse con ComunidadTextil: <span style=\"color: #3366ff;\"><a style=\"color: #3366ff;\" href=\"mailto:contacto@comunidadtextil.com\">contacto@comunidadtextil.com<\/a><\/span><\/p>\n<table border=\"0\" width=\"460\">\n<tbody>\n<tr>\n<td width=\"auto\"><a href=\"https:\/\/www.aplf.com\/aplf-2025\/fashion-access-fair-details\/?utm_medium=digital_ads_barter&amp;utm_source=cueroamerica&amp;utm_campaign=2025_03_VP_APLF&amp;utm_content=banner\" target=\"_blank\" rel=\"noopener\"><img loading=\"lazy\" decoding=\"async\" class=\"aligncenter\" src=\"http:\/\/cueroamerica.info\/img\/publicidad\/2024\/APLF25b_FA_300x200_v3.jpg\" alt=\"\" width=\"300\" height=\"200\" \/><\/a><\/td>\n<td width=\"auto\"><a href=\"https:\/\/www.faiia.com.ar\/programa-crecer\/\" target=\"_blank\" rel=\"noopener\"><img loading=\"lazy\" decoding=\"async\" class=\"aligncenter\" src=\"\/publicidad\/crecer-banner-julio17.gif\" alt=\"\" width=\"300\" height=\"200\" border=\"0\" \/><\/a><\/td>\n<\/tr>\n<\/tbody>\n<\/table>\n","protected":false},"excerpt":{"rendered":"<p>El sal\u00f3n textil organizado por Messe Frankfurt tendr\u00e1 lugar del 14 al 17 de enero del pr\u00f3ximo a\u00f1o en esa ciudad alemana. Unos 2.900 expositores de 60 pa\u00edses llevar\u00e1n las \u00faltimas novedades en colecciones, tendencias, materiales y soluciones para la industria. Heimtextil, el sal\u00f3n de textiles que se realiza en Alemania, vuelve a reunir a [&hellip;]<\/p>\n","protected":false},"author":1924,"featured_media":0,"comment_status":"closed","ping_status":"closed","sticky":false,"template":"","format":"standard","meta":{"footnotes":""},"categories":[50],"tags":[],"class_list":["post-17465","post","type-post","status-publish","format-standard","hentry","category-ferias-proximas","count-0","even alt","author-adminct","last"],"_links":{"self":[{"href":"https:\/\/comunidadtextil.com\/wpnews\/wp-json\/wp\/v2\/posts\/17465","targetHints":{"allow":["GET"]}}],"collection":[{"href":"https:\/\/comunidadtextil.com\/wpnews\/wp-json\/wp\/v2\/posts"}],"about":[{"href":"https:\/\/comunidadtextil.com\/wpnews\/wp-json\/wp\/v2\/types\/post"}],"author":[{"embeddable":true,"href":"https:\/\/comunidadtextil.com\/wpnews\/wp-json\/wp\/v2\/users\/1924"}],"replies":[{"embeddable":true,"href":"https:\/\/comunidadtextil.com\/wpnews\/wp-json\/wp\/v2\/comments?post=17465"}],"version-history":[{"count":2,"href":"https:\/\/comunidadtextil.com\/wpnews\/wp-json\/wp\/v2\/posts\/17465\/revisions"}],"predecessor-version":[{"id":17467,"href":"https:\/\/comunidadtextil.com\/wpnews\/wp-json\/wp\/v2\/posts\/17465\/revisions\/17467"}],"wp:attachment":[{"href":"https:\/\/comunidadtextil.com\/wpnews\/wp-json\/wp\/v2\/media?parent=17465"}],"wp:term":[{"taxonomy":"category","embeddable":true,"href":"https:\/\/comunidadtextil.com\/wpnews\/wp-json\/wp\/v2\/categories?post=17465"},{"taxonomy":"post_tag","embeddable":true,"href":"https:\/\/comunidadtextil.com\/wpnews\/wp-json\/wp\/v2\/tags?post=17465"}],"curies":[{"name":"wp","href":"https:\/\/api.w.org\/{rel}","templated":true}]}}