{"id":16051,"date":"2024-03-19T10:16:43","date_gmt":"2024-03-19T13:16:43","guid":{"rendered":"http:\/\/comunidadtextil.com\/wpnews\/?p=16051"},"modified":"2024-03-19T12:58:42","modified_gmt":"2024-03-19T15:58:42","slug":"cheeky-la-marca-de-ropa-infantil-invierte-y-amplia-sus-instalaciones-en-olavarria","status":"publish","type":"post","link":"https:\/\/comunidadtextil.com\/wpnews\/2024\/03\/cheeky-la-marca-de-ropa-infantil-invierte-y-amplia-sus-instalaciones-en-olavarria\/","title":{"rendered":"Cheeky, la marca de ropa infantil, invierte y ampl\u00eda sus instalaciones en Olavarr\u00eda"},"content":{"rendered":"<div id=\"attachment_16028\" style=\"width: 256px\" class=\"wp-caption alignright\"><a href=\"https:\/\/comunidadtextil.com\/wpnews\/wp-content\/uploads\/2024\/03\/Imagen-de-la-reciente-inauguracion-de-la-planta-de-Cheeky-en-Olavarria.-.jpg\"><img loading=\"lazy\" decoding=\"async\" aria-describedby=\"caption-attachment-16028\" class=\" wp-image-16028\" src=\"https:\/\/comunidadtextil.com\/wpnews\/wp-content\/uploads\/2024\/03\/Imagen-de-la-reciente-inauguracion-de-la-planta-de-Cheeky-en-Olavarria.--300x200.jpg\" alt=\"\" width=\"246\" height=\"164\" srcset=\"https:\/\/comunidadtextil.com\/wpnews\/wp-content\/uploads\/2024\/03\/Imagen-de-la-reciente-inauguracion-de-la-planta-de-Cheeky-en-Olavarria.--300x200.jpg 300w, https:\/\/comunidadtextil.com\/wpnews\/wp-content\/uploads\/2024\/03\/Imagen-de-la-reciente-inauguracion-de-la-planta-de-Cheeky-en-Olavarria.--768x512.jpg 768w, https:\/\/comunidadtextil.com\/wpnews\/wp-content\/uploads\/2024\/03\/Imagen-de-la-reciente-inauguracion-de-la-planta-de-Cheeky-en-Olavarria.--150x100.jpg 150w, https:\/\/comunidadtextil.com\/wpnews\/wp-content\/uploads\/2024\/03\/Imagen-de-la-reciente-inauguracion-de-la-planta-de-Cheeky-en-Olavarria.-.jpg 1000w\" sizes=\"auto, (max-width: 246px) 100vw, 246px\" \/><\/a><p id=\"caption-attachment-16028\" class=\"wp-caption-text\">Imagen de la reciente inauguraci\u00f3n de la planta de Cheeky, en Olavarr\u00eda.<\/p><\/div>\n<p>Esta marca Cheeky, dedicada a la indumentaria infantil, concret\u00f3 una importante inversi\u00f3n en la ciudad de Olavarr\u00eda, en la provincia de Buenos Aires, estableciendo su planta de producci\u00f3n. La f\u00e1brica de Cheeky ya emplea actualmente a 45 trabajadores locales, y para fin de a\u00f1o se espera que el n\u00famero de empleados se eleve a 100.<\/p>\n<p>Durante la visita a la planta del intendente de Olavarr\u00eda, Maximiliano Wesner, el director de Cheeky y gerente de Alta Textil, Nayi Awada, explic\u00f3 el proceso de producci\u00f3n y el plan de expansi\u00f3n de la empresa. Awada indic\u00f3 que se prev\u00e9 que la producci\u00f3n mensual alcance entre 60.000 y 70.000 prendas, consolidando a Olavarr\u00eda como un polo textil de importancia en la provincia de Buenos Aires.<\/p>\n<div id=\"attachment_16027\" style=\"width: 257px\" class=\"wp-caption alignleft\"><a href=\"https:\/\/comunidadtextil.com\/wpnews\/wp-content\/uploads\/2024\/03\/Awada-conversa-con-el-intendente-Maximiliano-Wesner-durante-la-visita-de-este-a-la-fabrica-textil-de-la-marca-Cheeky..jpg\"><img loading=\"lazy\" decoding=\"async\" aria-describedby=\"caption-attachment-16027\" class=\" wp-image-16027\" src=\"https:\/\/comunidadtextil.com\/wpnews\/wp-content\/uploads\/2024\/03\/Awada-conversa-con-el-intendente-Maximiliano-Wesner-durante-la-visita-de-este-a-la-fabrica-textil-de-la-marca-Cheeky.-300x175.jpg\" alt=\"\" width=\"247\" height=\"144\" srcset=\"https:\/\/comunidadtextil.com\/wpnews\/wp-content\/uploads\/2024\/03\/Awada-conversa-con-el-intendente-Maximiliano-Wesner-durante-la-visita-de-este-a-la-fabrica-textil-de-la-marca-Cheeky.-300x175.jpg 300w, https:\/\/comunidadtextil.com\/wpnews\/wp-content\/uploads\/2024\/03\/Awada-conversa-con-el-intendente-Maximiliano-Wesner-durante-la-visita-de-este-a-la-fabrica-textil-de-la-marca-Cheeky.-768x447.jpg 768w, https:\/\/comunidadtextil.com\/wpnews\/wp-content\/uploads\/2024\/03\/Awada-conversa-con-el-intendente-Maximiliano-Wesner-durante-la-visita-de-este-a-la-fabrica-textil-de-la-marca-Cheeky.-150x87.jpg 150w, https:\/\/comunidadtextil.com\/wpnews\/wp-content\/uploads\/2024\/03\/Awada-conversa-con-el-intendente-Maximiliano-Wesner-durante-la-visita-de-este-a-la-fabrica-textil-de-la-marca-Cheeky..jpg 880w\" sizes=\"auto, (max-width: 247px) 100vw, 247px\" \/><\/a><p id=\"caption-attachment-16027\" class=\"wp-caption-text\">Awada conversa con el intendente Maximiliano Wesner, durante la visita de \u00e9ste a la f\u00e1brica textil de la marca Cheeky.<\/p><\/div>\n<p>Durante su visita a la f\u00e1brica, el intendente Wesner elogi\u00f3 el papel de la empresa y el trabajo conjunto entre el gobierno local y Cheeky para fomentar el empleo y la capacitaci\u00f3n laboral.<\/p>\n<p>En cuanto a la capacitaci\u00f3n del personal, tanto Wesner como representantes de Cheeky resaltaron la colaboraci\u00f3n con el Centro de Formaci\u00f3n Profesional N\u00ba 401 y la Oficina de Empleo local para proporcionar entrenamiento especializado a los trabajadores locales.<br \/>\n&#8212;&#8212;&#8212;&#8212;&#8212;&#8212;&#8212;&#8212;&#8212;&#8212;&#8212;&#8212;&#8212;&#8212;&#8212;&#8212;&#8212;&#8212;-<br \/>\nFashion Network \/ Comunidad Textil<\/p>\n<p>\u2014\u2014\u2014\u2014\u2014\u2014\u2014\u2014\u2014\u2014\u2014\u2014\u2014\u2014\u2014\u2014\u2014\u2014\u2014\u2014\u2014\u2014\u2014\u2014\u2014\u2014\u2014\u2014\u2014\u2014\u2014\u2014\u2014\u2014\u2014\u2014\u2014\u2014\u2014<\/p>\n<p dir=\"ltr\">Para comunicarse con ComunidadTextil: <span style=\"color: #3366ff;\"><a style=\"color: #3366ff;\" href=\"mailto:contacto@comunidadtextil.com\">contacto@comunidadtextil.com<\/a><\/span><\/p>\n<table border=\"0\" width=\"460\">\n<tbody>\n<tr>\n<td width=\"auto\"><a href=\"https:\/\/texprocess.messefrankfurt.com\/frankfurt\/en.html?wt_mc=txp.ar.display.www_comunidadtextil_com_image_300x300.202401\" target=\"_blank\" rel=\"noopener\"><img loading=\"lazy\" decoding=\"async\" class=\"aligncenter\" src=\"\/publicidad\/2023\/esc-2024-Banner-300x300.jpg\" alt=\"\" width=\"300\" height=\"300\" \/><\/a><\/td>\n<td width=\"auto\"><a href=\"https:\/\/texprocess.messefrankfurt.com\/frankfurt\/en.html?wt_mc=txp.ar.display.www_comunidadtextil_com_verarbeiter_300x300.202401\" target=\"_blank\" rel=\"noopener\"><img loading=\"lazy\" decoding=\"async\" class=\"aligncenter\" src=\"\/publicidad\/2024\/150_txp_verarbeiter_banner_300x300px_es.jpg\" alt=\"\" width=\"300\" height=\"300\" \/><\/a><\/td>\n<\/tr>\n<\/tbody>\n<\/table>\n","protected":false},"excerpt":{"rendered":"<p>Esta marca Cheeky, dedicada a la indumentaria infantil, concret\u00f3 una importante inversi\u00f3n en la ciudad de Olavarr\u00eda, en la provincia de Buenos Aires, estableciendo su planta de producci\u00f3n. La f\u00e1brica de Cheeky ya emplea actualmente a 45 trabajadores locales, y para fin de a\u00f1o se espera que el n\u00famero de empleados se eleve a 100. [&hellip;]<\/p>\n","protected":false},"author":1924,"featured_media":0,"comment_status":"closed","ping_status":"closed","sticky":false,"template":"","format":"standard","meta":{"footnotes":""},"categories":[8,49],"tags":[],"class_list":["post-16051","post","type-post","status-publish","format-standard","hentry","category-argentina","category-empresas-negocios","count-0","even alt","author-adminct","last"],"_links":{"self":[{"href":"https:\/\/comunidadtextil.com\/wpnews\/wp-json\/wp\/v2\/posts\/16051","targetHints":{"allow":["GET"]}}],"collection":[{"href":"https:\/\/comunidadtextil.com\/wpnews\/wp-json\/wp\/v2\/posts"}],"about":[{"href":"https:\/\/comunidadtextil.com\/wpnews\/wp-json\/wp\/v2\/types\/post"}],"author":[{"embeddable":true,"href":"https:\/\/comunidadtextil.com\/wpnews\/wp-json\/wp\/v2\/users\/1924"}],"replies":[{"embeddable":true,"href":"https:\/\/comunidadtextil.com\/wpnews\/wp-json\/wp\/v2\/comments?post=16051"}],"version-history":[{"count":4,"href":"https:\/\/comunidadtextil.com\/wpnews\/wp-json\/wp\/v2\/posts\/16051\/revisions"}],"predecessor-version":[{"id":16095,"href":"https:\/\/comunidadtextil.com\/wpnews\/wp-json\/wp\/v2\/posts\/16051\/revisions\/16095"}],"wp:attachment":[{"href":"https:\/\/comunidadtextil.com\/wpnews\/wp-json\/wp\/v2\/media?parent=16051"}],"wp:term":[{"taxonomy":"category","embeddable":true,"href":"https:\/\/comunidadtextil.com\/wpnews\/wp-json\/wp\/v2\/categories?post=16051"},{"taxonomy":"post_tag","embeddable":true,"href":"https:\/\/comunidadtextil.com\/wpnews\/wp-json\/wp\/v2\/tags?post=16051"}],"curies":[{"name":"wp","href":"https:\/\/api.w.org\/{rel}","templated":true}]}}