{"id":15925,"date":"2024-02-20T11:41:24","date_gmt":"2024-02-20T14:41:24","guid":{"rendered":"http:\/\/comunidadtextil.com\/wpnews\/?p=15925"},"modified":"2024-02-20T11:41:24","modified_gmt":"2024-02-20T14:41:24","slug":"la-industria-textil-catalana-en-alerta-por-las-restricciones-al-uso-de-agua-por-la-sequia","status":"publish","type":"post","link":"https:\/\/comunidadtextil.com\/wpnews\/2024\/02\/la-industria-textil-catalana-en-alerta-por-las-restricciones-al-uso-de-agua-por-la-sequia\/","title":{"rendered":"La industria textil catalana en alerta por las restricciones al uso de agua, por la sequ\u00eda"},"content":{"rendered":"<div id=\"attachment_15914\" style=\"width: 260px\" class=\"wp-caption alignleft\"><a href=\"https:\/\/comunidadtextil.com\/wpnews\/wp-content\/uploads\/2024\/02\/La-represas-muestran-la-baja-de-reservas-de-agua-en-la-region-catalana1.jpg\"><img loading=\"lazy\" decoding=\"async\" aria-describedby=\"caption-attachment-15914\" class=\" wp-image-15914\" src=\"https:\/\/comunidadtextil.com\/wpnews\/wp-content\/uploads\/2024\/02\/La-represas-muestran-la-baja-de-reservas-de-agua-en-la-region-catalana1-300x150.jpg\" alt=\"\" width=\"250\" height=\"125\" srcset=\"https:\/\/comunidadtextil.com\/wpnews\/wp-content\/uploads\/2024\/02\/La-represas-muestran-la-baja-de-reservas-de-agua-en-la-region-catalana1-300x150.jpg 300w, https:\/\/comunidadtextil.com\/wpnews\/wp-content\/uploads\/2024\/02\/La-represas-muestran-la-baja-de-reservas-de-agua-en-la-region-catalana1-150x75.jpg 150w, https:\/\/comunidadtextil.com\/wpnews\/wp-content\/uploads\/2024\/02\/La-represas-muestran-la-baja-de-reservas-de-agua-en-la-region-catalana1.jpg 740w\" sizes=\"auto, (max-width: 250px) 100vw, 250px\" \/><\/a><p id=\"caption-attachment-15914\" class=\"wp-caption-text\">La represas muestran la baja de reservas de agua en la regi\u00f3n catalana.<\/p><\/div>\n<p>La Generalitat de Catalunya impuso una reducci\u00f3n del 25% en el uso del agua en el rubro textil. Frente a esto, el sector a trav\u00e9s de un comunicado de la Confederaci\u00f3n de la Industria Textil (Texfor) advirti\u00f3 sobre \u201clas graves p\u00e9rdidas\u201d que puede ocasionar la medida. Los empresarios aseguraron que la industria \u201cse muestra totalmente desconcertada\u201d. El grave problema que vive la industria de Catalunya esta a las puertas de complicar a la industria en diversas partes del mundo y es necesario buscar y planificar acciones para enfrentar este tipo de situaciones.<\/p>\n<p>Texfor, la Confederaci\u00f3n de la Industria Textil, explic\u00f3 que las restricciones en la utilizaci\u00f3n de recursos h\u00eddricos tienen un impacto directo en los procesos de tintado, estampaci\u00f3n y acabados textil. La entidad advirti\u00f3 que esta nueva norma puede \u201chacer tambalear a las empresas del sector\u201d.<\/p>\n<div id=\"attachment_15906\" style=\"width: 255px\" class=\"wp-caption alignright\"><a href=\"https:\/\/comunidadtextil.com\/wpnews\/wp-content\/uploads\/2024\/02\/La-industria-textil-catalana-advierte-sobre-posibles-grandes-perdidas-a-causa-de-las-restricciones-de-agua.-_2-.jpg\"><img loading=\"lazy\" decoding=\"async\" aria-describedby=\"caption-attachment-15906\" class=\" wp-image-15906\" src=\"https:\/\/comunidadtextil.com\/wpnews\/wp-content\/uploads\/2024\/02\/La-industria-textil-catalana-advierte-sobre-posibles-grandes-perdidas-a-causa-de-las-restricciones-de-agua.-_2--300x169.jpg\" alt=\"\" width=\"245\" height=\"138\" srcset=\"https:\/\/comunidadtextil.com\/wpnews\/wp-content\/uploads\/2024\/02\/La-industria-textil-catalana-advierte-sobre-posibles-grandes-perdidas-a-causa-de-las-restricciones-de-agua.-_2--300x169.jpg 300w, https:\/\/comunidadtextil.com\/wpnews\/wp-content\/uploads\/2024\/02\/La-industria-textil-catalana-advierte-sobre-posibles-grandes-perdidas-a-causa-de-las-restricciones-de-agua.-_2--768x433.jpg 768w, https:\/\/comunidadtextil.com\/wpnews\/wp-content\/uploads\/2024\/02\/La-industria-textil-catalana-advierte-sobre-posibles-grandes-perdidas-a-causa-de-las-restricciones-de-agua.-_2--150x85.jpg 150w, https:\/\/comunidadtextil.com\/wpnews\/wp-content\/uploads\/2024\/02\/La-industria-textil-catalana-advierte-sobre-posibles-grandes-perdidas-a-causa-de-las-restricciones-de-agua.-_2-.jpg 900w\" sizes=\"auto, (max-width: 245px) 100vw, 245px\" \/><\/a><p id=\"caption-attachment-15906\" class=\"wp-caption-text\">La industria textil catalana advierte sobre posibles grandes p\u00e9rdidas a causa de las restricciones de agua.<\/p><\/div>\n<p>La entidad empresaria asegur\u00f3 que \u201clas restricciones del 25% impuestas por la Generalitat ponen en peligro la continuidad de estas empresas vitales para la industria textil catalana\u201d a\u00f1adieron en el comunicado que dieron a conocer. La agrupaci\u00f3n empresaria lament\u00f3 tambi\u00e9n \u201cla falta de comunicaci\u00f3n directa a las empresas\u201d y afirm\u00f3 que tanto el Ayuntamiento como la Ag\u00e8ncia Catalana de l&#8217;Aigua (ACA) tendr\u00edan que haber consultado con Texfor la nueva norma.<\/p>\n<p>Por \u00faltimo, la Confederaci\u00f3n se\u00f1al\u00f3 que este modo de proceder crea un clima de incertidumbre entre los fabricantes, que no colabora con el esfuerzo que est\u00e1 haciendo la industria textil para avanzar en el camino de la recuperaci\u00f3n.<br \/>\n&#8212;&#8212;&#8212;&#8212;&#8212;&#8212;&#8212;&#8212;&#8212;&#8212;&#8212;&#8212;&#8212;-<br \/>\nIagua.es \/ Comunidad Textil<\/p>\n<p>\u2014\u2014\u2014\u2014\u2014\u2014\u2014\u2014\u2014\u2014\u2014\u2014\u2014\u2014\u2014\u2014\u2014\u2014\u2014\u2014\u2014\u2014\u2014\u2014\u2014\u2014\u2014\u2014\u2014\u2014\u2014\u2014\u2014\u2014\u2014\u2014\u2014\u2014\u2014<\/p>\n<p dir=\"ltr\">Para comunicarse con ComunidadTextil: <span style=\"color: #3366ff;\"><a style=\"color: #3366ff;\" href=\"mailto:contacto@comunidadtextil.com\">contacto@comunidadtextil.com<\/a><\/span><\/p>\n<table border=\"0\" width=\"460\">\n<tbody>\n<tr>\n<td width=\"auto\"><a href=\"http:\/\/www.tikvatex.com.ar\" target=\"_blank\" rel=\"noopener\"><img loading=\"lazy\" decoding=\"async\" class=\"aligncenter\" src=\"\/publicidad\/tikvatex062020.png\" alt=\"\" width=\"300\" height=\"190\" border=\"0\" \/><\/a><\/td>\n<td width=\"auto\"><a href=\"https:\/\/www.aplf.com\/fashion-access-fair-details\/\" target=\"_blank\" rel=\"noopener\"><img loading=\"lazy\" decoding=\"async\" class=\"aligncenter\" src=\"http:\/\/cueroamerica.info\/img\/publicidad\/2023\/fa_2023-03-300x200px.gif\" alt=\"\" width=\"300\" height=\"200\" \/><\/a><\/td>\n<\/tr>\n<\/tbody>\n<\/table>\n","protected":false},"excerpt":{"rendered":"<p>La Generalitat de Catalunya impuso una reducci\u00f3n del 25% en el uso del agua en el rubro textil. Frente a esto, el sector a trav\u00e9s de un comunicado de la Confederaci\u00f3n de la Industria Textil (Texfor) advirti\u00f3 sobre \u201clas graves p\u00e9rdidas\u201d que puede ocasionar la medida. Los empresarios aseguraron que la industria \u201cse muestra totalmente [&hellip;]<\/p>\n","protected":false},"author":1924,"featured_media":0,"comment_status":"closed","ping_status":"closed","sticky":false,"template":"","format":"standard","meta":{"footnotes":""},"categories":[43,56],"tags":[],"class_list":["post-15925","post","type-post","status-publish","format-standard","hentry","category-industria","category-medio-ambiente","count-0","even alt","author-adminct","last"],"_links":{"self":[{"href":"https:\/\/comunidadtextil.com\/wpnews\/wp-json\/wp\/v2\/posts\/15925","targetHints":{"allow":["GET"]}}],"collection":[{"href":"https:\/\/comunidadtextil.com\/wpnews\/wp-json\/wp\/v2\/posts"}],"about":[{"href":"https:\/\/comunidadtextil.com\/wpnews\/wp-json\/wp\/v2\/types\/post"}],"author":[{"embeddable":true,"href":"https:\/\/comunidadtextil.com\/wpnews\/wp-json\/wp\/v2\/users\/1924"}],"replies":[{"embeddable":true,"href":"https:\/\/comunidadtextil.com\/wpnews\/wp-json\/wp\/v2\/comments?post=15925"}],"version-history":[{"count":1,"href":"https:\/\/comunidadtextil.com\/wpnews\/wp-json\/wp\/v2\/posts\/15925\/revisions"}],"predecessor-version":[{"id":15926,"href":"https:\/\/comunidadtextil.com\/wpnews\/wp-json\/wp\/v2\/posts\/15925\/revisions\/15926"}],"wp:attachment":[{"href":"https:\/\/comunidadtextil.com\/wpnews\/wp-json\/wp\/v2\/media?parent=15925"}],"wp:term":[{"taxonomy":"category","embeddable":true,"href":"https:\/\/comunidadtextil.com\/wpnews\/wp-json\/wp\/v2\/categories?post=15925"},{"taxonomy":"post_tag","embeddable":true,"href":"https:\/\/comunidadtextil.com\/wpnews\/wp-json\/wp\/v2\/tags?post=15925"}],"curies":[{"name":"wp","href":"https:\/\/api.w.org\/{rel}","templated":true}]}}