{"id":15893,"date":"2024-02-15T12:17:00","date_gmt":"2024-02-15T15:17:00","guid":{"rendered":"http:\/\/comunidadtextil.com\/wpnews\/?p=15893"},"modified":"2024-02-15T13:17:31","modified_gmt":"2024-02-15T16:17:31","slug":"el-lino-europeo-encara-una-nuevo-trabajo-de-promocion-dentro-del-mercado-italiano","status":"publish","type":"post","link":"https:\/\/comunidadtextil.com\/wpnews\/2024\/02\/el-lino-europeo-encara-una-nuevo-trabajo-de-promocion-dentro-del-mercado-italiano\/","title":{"rendered":"El lino europeo encara una nuevo trabajo de promoci\u00f3n dentro del mercado italiano"},"content":{"rendered":"<p><a href=\"https:\/\/comunidadtextil.com\/wpnews\/wp-content\/uploads\/2024\/02\/Lino1.jpg\"><img loading=\"lazy\" decoding=\"async\" class=\" wp-image-15865 alignright\" src=\"https:\/\/comunidadtextil.com\/wpnews\/wp-content\/uploads\/2024\/02\/Lino1-300x200.jpg\" alt=\"\" width=\"247\" height=\"166\" srcset=\"https:\/\/comunidadtextil.com\/wpnews\/wp-content\/uploads\/2024\/02\/Lino1-300x200.jpg 300w, https:\/\/comunidadtextil.com\/wpnews\/wp-content\/uploads\/2024\/02\/Lino1-768x513.jpg 768w, https:\/\/comunidadtextil.com\/wpnews\/wp-content\/uploads\/2024\/02\/Lino1-150x100.jpg 150w, https:\/\/comunidadtextil.com\/wpnews\/wp-content\/uploads\/2024\/02\/Lino1.jpg 780w\" sizes=\"auto, (max-width: 247px) 100vw, 247px\" \/><\/a>La Alliance for European Flax-Linen &amp; Hemp, organizaci\u00f3n que representa a los productores, cortadores e hilanderos de lino en Europa, anunci\u00f3 que desarrollar\u00e1 una nueva estrategia de promoci\u00f3n de la cadena de valor europea del lino en Italia. Se\u00f1al\u00f3 que busca aumentar la visibilidad de esta fibra entre los fabricantes textiles, las marcas y los consumidores en Italia.<\/p>\n<p>El centro de textiles sostenibles CLASS (Creativity Lifestyle and Sustainable Synergy), con sede en Mil\u00e1n, y su fundador, Giusy Bettoni, han asumido la responsabilidad de ser el representante oficial de la Alliance for European Flax-Linen &amp; Hemp en Italia.<\/p>\n<div id=\"attachment_15869\" style=\"width: 190px\" class=\"wp-caption alignleft\"><a href=\"https:\/\/comunidadtextil.com\/wpnews\/wp-content\/uploads\/2024\/02\/Ornella-Bignami-Ornella-Bignami-socio-de-la-Alianza-Europea-para-el-Lino-el-Lino-y-el-Canamo-en-Italia._2-.jpg\"><img loading=\"lazy\" decoding=\"async\" aria-describedby=\"caption-attachment-15869\" class=\"wp-image-15869\" src=\"https:\/\/comunidadtextil.com\/wpnews\/wp-content\/uploads\/2024\/02\/Ornella-Bignami-Ornella-Bignami-socio-de-la-Alianza-Europea-para-el-Lino-el-Lino-y-el-Canamo-en-Italia._2--235x300.jpg\" alt=\"\" width=\"180\" height=\"230\" srcset=\"https:\/\/comunidadtextil.com\/wpnews\/wp-content\/uploads\/2024\/02\/Ornella-Bignami-Ornella-Bignami-socio-de-la-Alianza-Europea-para-el-Lino-el-Lino-y-el-Canamo-en-Italia._2--235x300.jpg 235w, https:\/\/comunidadtextil.com\/wpnews\/wp-content\/uploads\/2024\/02\/Ornella-Bignami-Ornella-Bignami-socio-de-la-Alianza-Europea-para-el-Lino-el-Lino-y-el-Canamo-en-Italia._2--117x150.jpg 117w, https:\/\/comunidadtextil.com\/wpnews\/wp-content\/uploads\/2024\/02\/Ornella-Bignami-Ornella-Bignami-socio-de-la-Alianza-Europea-para-el-Lino-el-Lino-y-el-Canamo-en-Italia._2-.jpg 259w\" sizes=\"auto, (max-width: 180px) 100vw, 180px\" \/><\/a><p id=\"caption-attachment-15869\" class=\"wp-caption-text\">Ornella Bignami socio de la Alianza Europea para el Lino el Lino y el C\u00e1\u00f1amo en Italia.<\/p><\/div>\n<p>En este sentido, informaron que iniciar\u00e1n inmediatamente los trabajos para elaborar un nuevo plan de acci\u00f3n para el lino europeo en Italia. Y como parte de esto, Ornella Bignami, socio desde hace mucho tiempo de la Alianza Europea para el Lino, el Lino y el C\u00e1\u00f1amo en Italia, brindar\u00e1 capacitaci\u00f3n y asesoramiento experto sobre lino y lino a centros de aprendizaje sobre textiles, moda, dise\u00f1o y estilo de vida en Italia.<\/p>\n<p>\u00abExiste una fuerte demanda entre las escuelas de moda, arquitectura y dise\u00f1o para ense\u00f1ar a las nuevas generaciones sobre las ventajas del lino\u00bb, dijo la alianza.<br \/>\n&#8212;&#8212;&#8212;&#8212;&#8212;&#8212;&#8212;&#8212;&#8212;&#8212;&#8212;&#8212;&#8212;&#8212;&#8212;&#8212;&#8212;-<br \/>\nInsidedenim.com \/ Comunidad Textil<\/p>\n<p>\u2014\u2014\u2014\u2014\u2014\u2014\u2014\u2014\u2014\u2014\u2014\u2014\u2014\u2014\u2014\u2014\u2014\u2014\u2014\u2014\u2014\u2014\u2014\u2014\u2014\u2014\u2014\u2014\u2014\u2014\u2014\u2014\u2014\u2014\u2014\u2014\u2014\u2014\u2014<\/p>\n<p dir=\"ltr\">Para comunicarse con ComunidadTextil: <span style=\"color: #3366ff;\"><a style=\"color: #3366ff;\" href=\"mailto:contacto@comunidadtextil.com\">contacto@comunidadtextil.com<\/a><\/span><\/p>\n<table border=\"0\" width=\"460\">\n<tbody>\n<tr>\n<td width=\"auto\"><a href=\"http:\/\/www.tikvatex.com.ar\" target=\"_blank\" rel=\"noopener\"><img loading=\"lazy\" decoding=\"async\" class=\"aligncenter\" src=\"\/publicidad\/tikvatex062020.png\" alt=\"\" width=\"300\" height=\"190\" border=\"0\" \/><\/a><\/td>\n<td width=\"auto\"><a href=\"https:\/\/epson.com.ar\/Para-el-trabajo\/Impresoras\/Gran-Formato\/c\/w140?q=%3Aname-asc%3AdiscontinuedFlag%3Afalse%3APro+Imaging+Facets%2CProfessional+Printer+Series%3ASureColor+F%7E102Series&amp;text=#scrollTgt_onRefresh\" target=\"_blank\" rel=\"noopener\"><img loading=\"lazy\" decoding=\"async\" class=\"aligncenter\" src=\"\/publicidad\/2023\/2088435_epson_300x200.gif\" alt=\"\" width=\"300\" height=\"200\" \/><\/a><\/td>\n<\/tr>\n<\/tbody>\n<\/table>\n","protected":false},"excerpt":{"rendered":"<p>La Alliance for European Flax-Linen &amp; Hemp, organizaci\u00f3n que representa a los productores, cortadores e hilanderos de lino en Europa, anunci\u00f3 que desarrollar\u00e1 una nueva estrategia de promoci\u00f3n de la cadena de valor europea del lino en Italia. Se\u00f1al\u00f3 que busca aumentar la visibilidad de esta fibra entre los fabricantes textiles, las marcas y los [&hellip;]<\/p>\n","protected":false},"author":1924,"featured_media":0,"comment_status":"closed","ping_status":"closed","sticky":false,"template":"","format":"standard","meta":{"footnotes":""},"categories":[76,62],"tags":[],"class_list":["post-15893","post","type-post","status-publish","format-standard","hentry","category-materias-primas","category-noticias-de-europa","count-0","even alt","author-adminct","last"],"_links":{"self":[{"href":"https:\/\/comunidadtextil.com\/wpnews\/wp-json\/wp\/v2\/posts\/15893","targetHints":{"allow":["GET"]}}],"collection":[{"href":"https:\/\/comunidadtextil.com\/wpnews\/wp-json\/wp\/v2\/posts"}],"about":[{"href":"https:\/\/comunidadtextil.com\/wpnews\/wp-json\/wp\/v2\/types\/post"}],"author":[{"embeddable":true,"href":"https:\/\/comunidadtextil.com\/wpnews\/wp-json\/wp\/v2\/users\/1924"}],"replies":[{"embeddable":true,"href":"https:\/\/comunidadtextil.com\/wpnews\/wp-json\/wp\/v2\/comments?post=15893"}],"version-history":[{"count":3,"href":"https:\/\/comunidadtextil.com\/wpnews\/wp-json\/wp\/v2\/posts\/15893\/revisions"}],"predecessor-version":[{"id":15897,"href":"https:\/\/comunidadtextil.com\/wpnews\/wp-json\/wp\/v2\/posts\/15893\/revisions\/15897"}],"wp:attachment":[{"href":"https:\/\/comunidadtextil.com\/wpnews\/wp-json\/wp\/v2\/media?parent=15893"}],"wp:term":[{"taxonomy":"category","embeddable":true,"href":"https:\/\/comunidadtextil.com\/wpnews\/wp-json\/wp\/v2\/categories?post=15893"},{"taxonomy":"post_tag","embeddable":true,"href":"https:\/\/comunidadtextil.com\/wpnews\/wp-json\/wp\/v2\/tags?post=15893"}],"curies":[{"name":"wp","href":"https:\/\/api.w.org\/{rel}","templated":true}]}}