{"id":15888,"date":"2024-02-15T12:05:38","date_gmt":"2024-02-15T15:05:38","guid":{"rendered":"http:\/\/comunidadtextil.com\/wpnews\/?p=15888"},"modified":"2024-02-15T12:05:38","modified_gmt":"2024-02-15T15:05:38","slug":"la-conferencia-internacional-del-algodon-se-enfoca-en-la-produccion-progresiva-y-eco","status":"publish","type":"post","link":"https:\/\/comunidadtextil.com\/wpnews\/2024\/02\/la-conferencia-internacional-del-algodon-se-enfoca-en-la-produccion-progresiva-y-eco\/","title":{"rendered":"La Conferencia internacional del Algod\u00f3n se enfoca en la producci\u00f3n progresiva y eco"},"content":{"rendered":"<div id=\"attachment_15860\" style=\"width: 257px\" class=\"wp-caption alignleft\"><a href=\"https:\/\/comunidadtextil.com\/wpnews\/wp-content\/uploads\/2024\/02\/37th-International-Cotton-Conference-Bremen.-_3-.png\"><img loading=\"lazy\" decoding=\"async\" aria-describedby=\"caption-attachment-15860\" class=\" wp-image-15860\" src=\"https:\/\/comunidadtextil.com\/wpnews\/wp-content\/uploads\/2024\/02\/37th-International-Cotton-Conference-Bremen.-_3--300x225.png\" alt=\"\" width=\"247\" height=\"185\" srcset=\"https:\/\/comunidadtextil.com\/wpnews\/wp-content\/uploads\/2024\/02\/37th-International-Cotton-Conference-Bremen.-_3--300x225.png 300w, https:\/\/comunidadtextil.com\/wpnews\/wp-content\/uploads\/2024\/02\/37th-International-Cotton-Conference-Bremen.-_3--150x113.png 150w, https:\/\/comunidadtextil.com\/wpnews\/wp-content\/uploads\/2024\/02\/37th-International-Cotton-Conference-Bremen.-_3-.png 560w\" sizes=\"auto, (max-width: 247px) 100vw, 247px\" \/><\/a><p id=\"caption-attachment-15860\" class=\"wp-caption-text\">37th International Cotton Conference Bremen.<\/p><\/div>\n<p>Del 20 al 22 marzo se llevar\u00e1 a cabo en la ciudad de Bremen, Alemania, la 37\u00ba Conferencia internacional del Algod\u00f3n. Se estima que asistir\u00e1n a este importante encuentro de la industria unos 400 referentes del sector entre agricultores, fabricantes, minoristas, proveedores de servicios e instituciones. Durante el evento habr\u00e1 una serie de conferencias y grupos de discusi\u00f3n que abordar\u00e1n la actualidad del rubro.<\/p>\n<p>Organizado por el Bremen Cotton Exchange and Fibre Institute Bremen, la Conferencia Internacional del Algod\u00f3n convocar\u00e1 a los referentes de la industria para analizar de manera integral la totalidad de la cadena de valor de este insumo y especialmente el tema ambiental.<\/p>\n<div id=\"attachment_15871\" style=\"width: 258px\" class=\"wp-caption alignright\"><a href=\"https:\/\/comunidadtextil.com\/wpnews\/wp-content\/uploads\/2024\/02\/Vista-de-una-sesion-de-la-International-Cotton-Conference-Bremen.-_3-.jpg\"><img loading=\"lazy\" decoding=\"async\" aria-describedby=\"caption-attachment-15871\" class=\" wp-image-15871\" src=\"https:\/\/comunidadtextil.com\/wpnews\/wp-content\/uploads\/2024\/02\/Vista-de-una-sesion-de-la-International-Cotton-Conference-Bremen.-_3--300x200.jpg\" alt=\"\" width=\"248\" height=\"165\" srcset=\"https:\/\/comunidadtextil.com\/wpnews\/wp-content\/uploads\/2024\/02\/Vista-de-una-sesion-de-la-International-Cotton-Conference-Bremen.-_3--300x200.jpg 300w, https:\/\/comunidadtextil.com\/wpnews\/wp-content\/uploads\/2024\/02\/Vista-de-una-sesion-de-la-International-Cotton-Conference-Bremen.-_3--768x512.jpg 768w, https:\/\/comunidadtextil.com\/wpnews\/wp-content\/uploads\/2024\/02\/Vista-de-una-sesion-de-la-International-Cotton-Conference-Bremen.-_3--150x100.jpg 150w, https:\/\/comunidadtextil.com\/wpnews\/wp-content\/uploads\/2024\/02\/Vista-de-una-sesion-de-la-International-Cotton-Conference-Bremen.-_3-.jpg 1000w\" sizes=\"auto, (max-width: 248px) 100vw, 248px\" \/><\/a><p id=\"caption-attachment-15871\" class=\"wp-caption-text\">Vista de una sesi\u00f3n de la International Cotton Conference Bremen.<\/p><\/div>\n<p>Durante el encuentro se analizar\u00e1 el estado actual del sector y se explorar\u00e1n las soluciones a los desaf\u00edos que enfrenta la industria algodonera. Uno de los temas principales que abordar\u00e1 la conferencia es la producci\u00f3n progresiva. Durante la conferencia sobre este t\u00f3pico se mostrar\u00e1 los avances en la producci\u00f3n de algod\u00f3n en China, USA, Uzbekistan y Grecia.<\/p>\n<p>Estas naciones introdujeron recientemente avances en variedades de algod\u00f3n gen\u00e9ticamente modificado, los est\u00e1ndares de calidad, pr\u00e1cticas de agricultura sustentable y m\u00e9todos de cultivo regenerativos.<br \/>\n&#8212;&#8212;&#8212;&#8212;&#8212;&#8212;&#8212;&#8212;&#8212;&#8212;&#8212;&#8212;&#8212;&#8212;&#8212;&#8212;&#8212;-<br \/>\nTextile Network \/ Comunidad Textil<br \/>\n\u2014\u2014\u2014\u2014\u2014\u2014\u2014\u2014\u2014\u2014\u2014\u2014\u2014\u2014\u2014\u2014\u2014\u2014\u2014\u2014\u2014\u2014\u2014\u2014\u2014\u2014\u2014\u2014\u2014\u2014\u2014\u2014\u2014\u2014\u2014\u2014\u2014\u2014\u2014<\/p>\n<p dir=\"ltr\">Para comunicarse con ComunidadTextil: <span style=\"color: #3366ff;\"><a style=\"color: #3366ff;\" href=\"mailto:contacto@comunidadtextil.com\">contacto@comunidadtextil.com<\/a><\/span><\/p>\n<table border=\"0\" width=\"460\">\n<tbody>\n<tr>\n<td width=\"auto\"><a href=\"https:\/\/algoselanflandria.com.ar\/\" target=\"_blank\" rel=\"noopener\"><img decoding=\"async\" class=\"aligncenter\" src=\"http:\/\/comunidadtextil.com\/publicidad\/af-2020-300x200px.gif\" alt=\"\" width=\"auto\" height=\"auto\" border=\"0\" \/><\/a><\/td>\n<td width=\"auto\"><a href=\"https:\/\/texprocess.messefrankfurt.com\/frankfurt\/en.html?wt_mc=txp.ar.display.www_comunidadtextil_com_verarbeiter_300x300.202401\" target=\"_blank\" rel=\"noopener\"><img loading=\"lazy\" decoding=\"async\" class=\"aligncenter\" src=\"\/publicidad\/2024\/151_txp_img_Banner_300x200px_es.jpg\" alt=\"\" width=\"300\" height=\"200\" \/><\/a><\/td>\n<\/tr>\n<\/tbody>\n<\/table>\n","protected":false},"excerpt":{"rendered":"<p>Del 20 al 22 marzo se llevar\u00e1 a cabo en la ciudad de Bremen, Alemania, la 37\u00ba Conferencia internacional del Algod\u00f3n. Se estima que asistir\u00e1n a este importante encuentro de la industria unos 400 referentes del sector entre agricultores, fabricantes, minoristas, proveedores de servicios e instituciones. Durante el evento habr\u00e1 una serie de conferencias y [&hellip;]<\/p>\n","protected":false},"author":1924,"featured_media":0,"comment_status":"closed","ping_status":"closed","sticky":false,"template":"","format":"standard","meta":{"footnotes":""},"categories":[50],"tags":[],"class_list":["post-15888","post","type-post","status-publish","format-standard","hentry","category-ferias-proximas","count-0","even alt","author-adminct","last"],"_links":{"self":[{"href":"https:\/\/comunidadtextil.com\/wpnews\/wp-json\/wp\/v2\/posts\/15888","targetHints":{"allow":["GET"]}}],"collection":[{"href":"https:\/\/comunidadtextil.com\/wpnews\/wp-json\/wp\/v2\/posts"}],"about":[{"href":"https:\/\/comunidadtextil.com\/wpnews\/wp-json\/wp\/v2\/types\/post"}],"author":[{"embeddable":true,"href":"https:\/\/comunidadtextil.com\/wpnews\/wp-json\/wp\/v2\/users\/1924"}],"replies":[{"embeddable":true,"href":"https:\/\/comunidadtextil.com\/wpnews\/wp-json\/wp\/v2\/comments?post=15888"}],"version-history":[{"count":4,"href":"https:\/\/comunidadtextil.com\/wpnews\/wp-json\/wp\/v2\/posts\/15888\/revisions"}],"predecessor-version":[{"id":15892,"href":"https:\/\/comunidadtextil.com\/wpnews\/wp-json\/wp\/v2\/posts\/15888\/revisions\/15892"}],"wp:attachment":[{"href":"https:\/\/comunidadtextil.com\/wpnews\/wp-json\/wp\/v2\/media?parent=15888"}],"wp:term":[{"taxonomy":"category","embeddable":true,"href":"https:\/\/comunidadtextil.com\/wpnews\/wp-json\/wp\/v2\/categories?post=15888"},{"taxonomy":"post_tag","embeddable":true,"href":"https:\/\/comunidadtextil.com\/wpnews\/wp-json\/wp\/v2\/tags?post=15888"}],"curies":[{"name":"wp","href":"https:\/\/api.w.org\/{rel}","templated":true}]}}