{"id":15245,"date":"2023-11-16T10:18:47","date_gmt":"2023-11-16T13:18:47","guid":{"rendered":"http:\/\/comunidadtextil.com\/wpnews\/?p=15245"},"modified":"2023-11-16T10:18:47","modified_gmt":"2023-11-16T13:18:47","slug":"los-minoristas-de-los-ee-uu-se-muestran-cautelosos-a-la-hora-de-hacer-sus-compras","status":"publish","type":"post","link":"https:\/\/comunidadtextil.com\/wpnews\/2023\/11\/los-minoristas-de-los-ee-uu-se-muestran-cautelosos-a-la-hora-de-hacer-sus-compras\/","title":{"rendered":"Los minoristas de los EE.UU. se muestran cautelosos a la hora de hacer sus compras"},"content":{"rendered":"<p><a href=\"https:\/\/comunidadtextil.com\/wpnews\/wp-content\/uploads\/2023\/11\/JCPenney-_2-.jpg\"><img loading=\"lazy\" decoding=\"async\" class=\" wp-image-15232 alignright\" src=\"https:\/\/comunidadtextil.com\/wpnews\/wp-content\/uploads\/2023\/11\/JCPenney-_2--300x200.jpg\" alt=\"\" width=\"247\" height=\"166\" srcset=\"https:\/\/comunidadtextil.com\/wpnews\/wp-content\/uploads\/2023\/11\/JCPenney-_2--300x200.jpg 300w, https:\/\/comunidadtextil.com\/wpnews\/wp-content\/uploads\/2023\/11\/JCPenney-_2--150x100.jpg 150w, https:\/\/comunidadtextil.com\/wpnews\/wp-content\/uploads\/2023\/11\/JCPenney-_2-.jpg 630w\" sizes=\"auto, (max-width: 247px) 100vw, 247px\" \/><\/a>Dado que no hay grandes expectativas para lo que resta del a\u00f1o, el comercio minorista estadounidense del rubro indumentaria prefieren mantener el stock justo para cubrir la demanda y no est\u00e1n realizando grandes compras. Si bien se registr\u00f3 un pico de ventas en enero, en los meses siguientes se vivi\u00f3 una desaceleraci\u00f3n que hace que los empresarios tomen posturas conservadoras con respecto al inventario.se asegura que la inflaci\u00f3n volvi\u00f3 a subir en el tercer trimestre y pero los salarios no.<\/p>\n<p>Seg\u00fan la Oficina de Estad\u00edsticas de Estados Unidos, las ventas de indumentaria y calzado retomaron la tendencia a la baja. En julio, las operaciones en las grandes tiendas cayeron 3,4% con respecto al mismo mes del a\u00f1o pasado y la primera mitad del a\u00f1o registr\u00f3 una baja acumulada del 1%.<\/p>\n<p>Seg\u00fan el an\u00e1lisis de Jack Kleinhenz, economista jefe del grupo Federaci\u00f3n Nacional de Minoristas, \u201clos datos muestran la actual resistencia del gasto de los consumidores\u201d. Desde la empresa Shoe Carnival se\u00f1alaron que la disminuci\u00f3n en las compras se vio \u201cen los hogares de bajos ingresos y los mercados urbanos con una baja del 6,5%, que no lleg\u00f3 a ser compensada por el aumento del 5,4 del comercio electr\u00f3nico. Mark Worden, presidente y director ejecutivo de la marca reconoci\u00f3: \u201cestamos adoptando un enfoque mesurado para el resto del a\u00f1o\u201d.<\/p>\n<table>\n<tbody>\n<tr>\n<td><a href=\"https:\/\/comunidadtextil.com\/wpnews\/wp-content\/uploads\/2023\/11\/Consumidores-_7-.jpg\"><img loading=\"lazy\" decoding=\"async\" class=\" wp-image-15231 aligncenter\" src=\"https:\/\/comunidadtextil.com\/wpnews\/wp-content\/uploads\/2023\/11\/Consumidores-_7--300x221.jpg\" alt=\"\" width=\"226\" height=\"166\" srcset=\"https:\/\/comunidadtextil.com\/wpnews\/wp-content\/uploads\/2023\/11\/Consumidores-_7--300x221.jpg 300w, https:\/\/comunidadtextil.com\/wpnews\/wp-content\/uploads\/2023\/11\/Consumidores-_7--768x564.jpg 768w, https:\/\/comunidadtextil.com\/wpnews\/wp-content\/uploads\/2023\/11\/Consumidores-_7--150x110.jpg 150w, https:\/\/comunidadtextil.com\/wpnews\/wp-content\/uploads\/2023\/11\/Consumidores-_7-.jpg 800w\" sizes=\"auto, (max-width: 226px) 100vw, 226px\" \/><\/a><\/td>\n<td><a href=\"https:\/\/comunidadtextil.com\/wpnews\/wp-content\/uploads\/2023\/11\/Consumidores-_4-.jpg\"><img loading=\"lazy\" decoding=\"async\" class=\"size-medium wp-image-15229 aligncenter\" src=\"https:\/\/comunidadtextil.com\/wpnews\/wp-content\/uploads\/2023\/11\/Consumidores-_4--300x169.jpg\" alt=\"\" width=\"300\" height=\"169\" srcset=\"https:\/\/comunidadtextil.com\/wpnews\/wp-content\/uploads\/2023\/11\/Consumidores-_4--300x169.jpg 300w, https:\/\/comunidadtextil.com\/wpnews\/wp-content\/uploads\/2023\/11\/Consumidores-_4--1024x576.jpg 1024w, https:\/\/comunidadtextil.com\/wpnews\/wp-content\/uploads\/2023\/11\/Consumidores-_4--768x432.jpg 768w, https:\/\/comunidadtextil.com\/wpnews\/wp-content\/uploads\/2023\/11\/Consumidores-_4--150x84.jpg 150w, https:\/\/comunidadtextil.com\/wpnews\/wp-content\/uploads\/2023\/11\/Consumidores-_4-.jpg 1280w\" sizes=\"auto, (max-width: 300px) 100vw, 300px\" \/><\/a><\/td>\n<td><a href=\"https:\/\/comunidadtextil.com\/wpnews\/wp-content\/uploads\/2023\/11\/Consumidores-_5-.jpg\"><img loading=\"lazy\" decoding=\"async\" class=\"size-medium wp-image-15230 aligncenter\" src=\"https:\/\/comunidadtextil.com\/wpnews\/wp-content\/uploads\/2023\/11\/Consumidores-_5--300x169.jpg\" alt=\"\" width=\"300\" height=\"169\" srcset=\"https:\/\/comunidadtextil.com\/wpnews\/wp-content\/uploads\/2023\/11\/Consumidores-_5--300x169.jpg 300w, https:\/\/comunidadtextil.com\/wpnews\/wp-content\/uploads\/2023\/11\/Consumidores-_5--1024x576.jpg 1024w, https:\/\/comunidadtextil.com\/wpnews\/wp-content\/uploads\/2023\/11\/Consumidores-_5--768x432.jpg 768w, https:\/\/comunidadtextil.com\/wpnews\/wp-content\/uploads\/2023\/11\/Consumidores-_5--150x84.jpg 150w, https:\/\/comunidadtextil.com\/wpnews\/wp-content\/uploads\/2023\/11\/Consumidores-_5-.jpg 1140w\" sizes=\"auto, (max-width: 300px) 100vw, 300px\" \/><\/a><\/td>\n<\/tr>\n<\/tbody>\n<\/table>\n<p>Por parte de los consumidores rige la cautela debido a que la inflaci\u00f3n, que se hab\u00eda desacelerado, volvi\u00f3 a subir en el tercer trimestre y a\u00fan no fue compensada con la suba de salarios. De acuerdo a una encuesta realizada por consultora internacional KPMG, la inflaci\u00f3n es la principal preocupaci\u00f3n para el 82% de los entrevistados.<br \/>\n&#8212;&#8212;&#8212;&#8212;&#8212;&#8212;&#8212;&#8212;&#8212;&#8212;&#8212;&#8212;&#8212;&#8212;&#8212;&#8212;&#8211;<br \/>\nWorld Footwear \/ CueroAm\u00e9rica<\/p>\n<p>\u2014\u2014\u2014\u2014\u2014\u2014\u2014\u2014\u2014\u2014\u2014\u2014\u2014\u2014\u2014\u2014\u2014\u2014\u2014\u2014\u2014\u2014\u2014\u2014\u2014\u2014\u2014\u2014\u2014\u2014\u2014\u2014\u2014\u2014\u2014\u2014\u2014\u2014\u2014<\/p>\n<p dir=\"ltr\">Para comunicarse con ComunidadTextil: <span style=\"color: #3366ff;\"><a style=\"color: #3366ff;\" href=\"mailto:contacto@comunidadtextil.com\">contacto@comunidadtextil.com<\/a><\/span><\/p>\n<table border=\"0\" width=\"460\">\n<tbody>\n<tr>\n<td width=\"auto\"><a href=\"http:\/\/www.actibiz.com.ar\" target=\"_blank\" rel=\"noopener\"><img loading=\"lazy\" decoding=\"async\" class=\"aligncenter\" src=\"\/publicidad\/actibiz2019.jpg\" alt=\"\" width=\"300\" height=\"200\" border=\"0\" \/><\/a><\/td>\n<td width=\"auto\">\n<div align=\"center\"><a href=\"http:\/\/www.tintoreanatur.com.ar\" target=\"_blank\" rel=\"noopener\"><img loading=\"lazy\" decoding=\"async\" class=\"aligncenter\" src=\"\/publicidad\/tintoreanatur-banner-300x200_2021.jpg\" alt=\"\" width=\"301\" height=\"201\" \/><\/a><\/div>\n<\/td>\n<\/tr>\n<\/tbody>\n<\/table>\n","protected":false},"excerpt":{"rendered":"<p>Dado que no hay grandes expectativas para lo que resta del a\u00f1o, el comercio minorista estadounidense del rubro indumentaria prefieren mantener el stock justo para cubrir la demanda y no est\u00e1n realizando grandes compras. Si bien se registr\u00f3 un pico de ventas en enero, en los meses siguientes se vivi\u00f3 una desaceleraci\u00f3n que hace que [&hellip;]<\/p>\n","protected":false},"author":1924,"featured_media":0,"comment_status":"closed","ping_status":"closed","sticky":false,"template":"","format":"standard","meta":{"footnotes":""},"categories":[57,59],"tags":[],"class_list":["post-15245","post","type-post","status-publish","format-standard","hentry","category-mercados","category-noticias-de-america-del-norte","count-0","even alt","author-adminct","last"],"_links":{"self":[{"href":"https:\/\/comunidadtextil.com\/wpnews\/wp-json\/wp\/v2\/posts\/15245","targetHints":{"allow":["GET"]}}],"collection":[{"href":"https:\/\/comunidadtextil.com\/wpnews\/wp-json\/wp\/v2\/posts"}],"about":[{"href":"https:\/\/comunidadtextil.com\/wpnews\/wp-json\/wp\/v2\/types\/post"}],"author":[{"embeddable":true,"href":"https:\/\/comunidadtextil.com\/wpnews\/wp-json\/wp\/v2\/users\/1924"}],"replies":[{"embeddable":true,"href":"https:\/\/comunidadtextil.com\/wpnews\/wp-json\/wp\/v2\/comments?post=15245"}],"version-history":[{"count":3,"href":"https:\/\/comunidadtextil.com\/wpnews\/wp-json\/wp\/v2\/posts\/15245\/revisions"}],"predecessor-version":[{"id":15248,"href":"https:\/\/comunidadtextil.com\/wpnews\/wp-json\/wp\/v2\/posts\/15245\/revisions\/15248"}],"wp:attachment":[{"href":"https:\/\/comunidadtextil.com\/wpnews\/wp-json\/wp\/v2\/media?parent=15245"}],"wp:term":[{"taxonomy":"category","embeddable":true,"href":"https:\/\/comunidadtextil.com\/wpnews\/wp-json\/wp\/v2\/categories?post=15245"},{"taxonomy":"post_tag","embeddable":true,"href":"https:\/\/comunidadtextil.com\/wpnews\/wp-json\/wp\/v2\/tags?post=15245"}],"curies":[{"name":"wp","href":"https:\/\/api.w.org\/{rel}","templated":true}]}}