{"id":15024,"date":"2023-10-18T13:09:36","date_gmt":"2023-10-18T16:09:36","guid":{"rendered":"http:\/\/comunidadtextil.com\/wpnews\/?p=15024"},"modified":"2023-10-18T13:09:36","modified_gmt":"2023-10-18T16:09:36","slug":"la-industria-textil-argentina-debatira-sobre-su-futuro-en-la-convencion-anual-protextil","status":"publish","type":"post","link":"https:\/\/comunidadtextil.com\/wpnews\/2023\/10\/la-industria-textil-argentina-debatira-sobre-su-futuro-en-la-convencion-anual-protextil\/","title":{"rendered":"La industria textil argentina debatir\u00e1 sobre su futuro en la convenci\u00f3n anual ProTextil"},"content":{"rendered":"<p>Una vez m\u00e1s se prepara en Argentina la convenci\u00f3n anual PRO TEXTIL, que se ha convertido en un cl\u00e1sico punto de encuentro de la cadena de la agro-industria textil y de indumentaria. La actividad es realizada por la Fundaci\u00f3n proteger, que este a\u00f1o cumple sus 20 a\u00f1os.<\/p>\n<table>\n<tbody>\n<tr>\n<td>\n<p><div id=\"attachment_15014\" style=\"width: 280px\" class=\"wp-caption aligncenter\"><a href=\"https:\/\/comunidadtextil.com\/wpnews\/wp-content\/uploads\/2023\/10\/Panel-de-los-jovenes-empresarios.--scaled.jpg\"><img loading=\"lazy\" decoding=\"async\" aria-describedby=\"caption-attachment-15014\" class=\" wp-image-15014\" src=\"https:\/\/comunidadtextil.com\/wpnews\/wp-content\/uploads\/2023\/10\/Panel-de-los-jovenes-empresarios.--300x200.jpg\" alt=\"\" width=\"270\" height=\"180\" srcset=\"https:\/\/comunidadtextil.com\/wpnews\/wp-content\/uploads\/2023\/10\/Panel-de-los-jovenes-empresarios.--300x200.jpg 300w, https:\/\/comunidadtextil.com\/wpnews\/wp-content\/uploads\/2023\/10\/Panel-de-los-jovenes-empresarios.--1024x683.jpg 1024w, https:\/\/comunidadtextil.com\/wpnews\/wp-content\/uploads\/2023\/10\/Panel-de-los-jovenes-empresarios.--768x512.jpg 768w, https:\/\/comunidadtextil.com\/wpnews\/wp-content\/uploads\/2023\/10\/Panel-de-los-jovenes-empresarios.--1536x1024.jpg 1536w, https:\/\/comunidadtextil.com\/wpnews\/wp-content\/uploads\/2023\/10\/Panel-de-los-jovenes-empresarios.--2048x1365.jpg 2048w, https:\/\/comunidadtextil.com\/wpnews\/wp-content\/uploads\/2023\/10\/Panel-de-los-jovenes-empresarios.--150x100.jpg 150w\" sizes=\"auto, (max-width: 270px) 100vw, 270px\" \/><\/a><p id=\"caption-attachment-15014\" class=\"wp-caption-text\">Panel de los j\u00f3venes empresarios.<\/p><\/div><\/td>\n<td>\n<p><div id=\"attachment_15018\" style=\"width: 280px\" class=\"wp-caption aligncenter\"><a href=\"https:\/\/comunidadtextil.com\/wpnews\/wp-content\/uploads\/2023\/10\/Pedro-Bergaglio-Marco-Meloni-Carlos-Di-Forti-y-Kim-Yeal-directivos-de-la-Fundacion-ProTejer1.jpg\"><img loading=\"lazy\" decoding=\"async\" aria-describedby=\"caption-attachment-15018\" class=\" wp-image-15018\" src=\"https:\/\/comunidadtextil.com\/wpnews\/wp-content\/uploads\/2023\/10\/Pedro-Bergaglio-Marco-Meloni-Carlos-Di-Forti-y-Kim-Yeal-directivos-de-la-Fundacion-ProTejer1-300x200.jpg\" alt=\"\" width=\"270\" height=\"180\" srcset=\"https:\/\/comunidadtextil.com\/wpnews\/wp-content\/uploads\/2023\/10\/Pedro-Bergaglio-Marco-Meloni-Carlos-Di-Forti-y-Kim-Yeal-directivos-de-la-Fundacion-ProTejer1-300x200.jpg 300w, https:\/\/comunidadtextil.com\/wpnews\/wp-content\/uploads\/2023\/10\/Pedro-Bergaglio-Marco-Meloni-Carlos-Di-Forti-y-Kim-Yeal-directivos-de-la-Fundacion-ProTejer1-1024x683.jpg 1024w, https:\/\/comunidadtextil.com\/wpnews\/wp-content\/uploads\/2023\/10\/Pedro-Bergaglio-Marco-Meloni-Carlos-Di-Forti-y-Kim-Yeal-directivos-de-la-Fundacion-ProTejer1-768x512.jpg 768w, https:\/\/comunidadtextil.com\/wpnews\/wp-content\/uploads\/2023\/10\/Pedro-Bergaglio-Marco-Meloni-Carlos-Di-Forti-y-Kim-Yeal-directivos-de-la-Fundacion-ProTejer1-1536x1024.jpg 1536w, https:\/\/comunidadtextil.com\/wpnews\/wp-content\/uploads\/2023\/10\/Pedro-Bergaglio-Marco-Meloni-Carlos-Di-Forti-y-Kim-Yeal-directivos-de-la-Fundacion-ProTejer1-150x100.jpg 150w, https:\/\/comunidadtextil.com\/wpnews\/wp-content\/uploads\/2023\/10\/Pedro-Bergaglio-Marco-Meloni-Carlos-Di-Forti-y-Kim-Yeal-directivos-de-la-Fundacion-ProTejer1.jpg 1600w\" sizes=\"auto, (max-width: 270px) 100vw, 270px\" \/><\/a><p id=\"caption-attachment-15018\" class=\"wp-caption-text\">Pedro Bergaglio, Marco Meloni, Carlos Di Forti y Kim Yeal, directivos de la Fundaci\u00f3n ProTejer.<\/p><\/div><\/td>\n<\/tr>\n<\/tbody>\n<\/table>\n<p>El encuentro tiene como finalidad compartir entre empresarios, profesionales, trabajadores y proveedores de la industria y un amplio espectro de personalidades, una jornada en la que se abordan tem\u00e1ticas comunes a toda la cadena. De este modo se busca promover la actividad productiva textil y de indumentaria y estimular acciones en favor de un proyecto que vincule a todos los actores del sector.<\/p>\n<div id=\"attachment_15013\" style=\"width: 158px\" class=\"wp-caption alignright\"><a href=\"https:\/\/comunidadtextil.com\/wpnews\/wp-content\/uploads\/2023\/10\/Luciano-Galfione-presidente-de-la-Fundacion-ProTejer-pronuncio-el-discurso-de-apretura.-_5b-.jpg\"><img loading=\"lazy\" decoding=\"async\" aria-describedby=\"caption-attachment-15013\" class=\" wp-image-15013\" src=\"https:\/\/comunidadtextil.com\/wpnews\/wp-content\/uploads\/2023\/10\/Luciano-Galfione-presidente-de-la-Fundacion-ProTejer-pronuncio-el-discurso-de-apretura.-_5b--235x300.jpg\" alt=\"\" width=\"148\" height=\"189\" srcset=\"https:\/\/comunidadtextil.com\/wpnews\/wp-content\/uploads\/2023\/10\/Luciano-Galfione-presidente-de-la-Fundacion-ProTejer-pronuncio-el-discurso-de-apretura.-_5b--235x300.jpg 235w, https:\/\/comunidadtextil.com\/wpnews\/wp-content\/uploads\/2023\/10\/Luciano-Galfione-presidente-de-la-Fundacion-ProTejer-pronuncio-el-discurso-de-apretura.-_5b--118x150.jpg 118w, https:\/\/comunidadtextil.com\/wpnews\/wp-content\/uploads\/2023\/10\/Luciano-Galfione-presidente-de-la-Fundacion-ProTejer-pronuncio-el-discurso-de-apretura.-_5b-.jpg 275w\" sizes=\"auto, (max-width: 148px) 100vw, 148px\" \/><\/a><p id=\"caption-attachment-15013\" class=\"wp-caption-text\">Luciano Galfione, presidente de la Fundaci\u00f3n ProTejer pronunci\u00f3 el discurso de apretura.<\/p><\/div>\n<p>Este a\u00f1o, el eje del evento ser\u00e1 la reflexi\u00f3n sobre el futuro de toda la cadena de valor, en el marco de un fuerte proceso de cambio tecnol\u00f3gico de la industria a nivel mundial, que implicar\u00e1 grandes desaf\u00edos y oportunidades para nuestro sector.<\/p>\n<p>Asimismo la entidad organizadora celebrar\u00e1 los primeros 20 a\u00f1os de la Fundaci\u00f3n Pro Tejer y su gran papel como entidad que asiste, contiene e integra a toda la cadena agro-industrial textil y de confecciones de Argentina.<\/p>\n<p>La jornada ser\u00e1 el d\u00eda 9 de noviembre en el partido de Pilar, a 60 km de la ciudad de Buenos Aires, a partir de las 14 hs. Al evento asistir\u00e1n m\u00e1s de 700 personas, entre industriales, empresarios, dirigentes de entidades intermedias, periodistas, funcionarios pol\u00edticos, dise\u00f1adores, estudiantes, profesores y emprendedores de todo el pa\u00eds.<\/p>\n<p><a href=\"https:\/\/comunidadtextil.com\/wpnews\/wp-content\/uploads\/2023\/10\/2023-ProTextil.jpg\"><img loading=\"lazy\" decoding=\"async\" class=\"wp-image-15012 alignleft\" src=\"https:\/\/comunidadtextil.com\/wpnews\/wp-content\/uploads\/2023\/10\/2023-ProTextil-300x300.jpg\" alt=\"\" width=\"222\" height=\"222\" srcset=\"https:\/\/comunidadtextil.com\/wpnews\/wp-content\/uploads\/2023\/10\/2023-ProTextil-300x300.jpg 300w, https:\/\/comunidadtextil.com\/wpnews\/wp-content\/uploads\/2023\/10\/2023-ProTextil-1024x1024.jpg 1024w, https:\/\/comunidadtextil.com\/wpnews\/wp-content\/uploads\/2023\/10\/2023-ProTextil-150x150.jpg 150w, https:\/\/comunidadtextil.com\/wpnews\/wp-content\/uploads\/2023\/10\/2023-ProTextil-768x768.jpg 768w, https:\/\/comunidadtextil.com\/wpnews\/wp-content\/uploads\/2023\/10\/2023-ProTextil-80x80.jpg 80w, https:\/\/comunidadtextil.com\/wpnews\/wp-content\/uploads\/2023\/10\/2023-ProTextil.jpg 1280w\" sizes=\"auto, (max-width: 222px) 100vw, 222px\" \/><\/a>\u201cComo todos los a\u00f1os, nos proponemos brindar una Convenci\u00f3n nutrida de informaci\u00f3n econ\u00f3mica- sectorial, elaborada por el equipo profesional de la Fundaci\u00f3n proteger. Asimismo, acercar importantes exponentes id\u00f3neos en tem\u00e1ticas de inter\u00e9s a toda la cadena de valor\u201d, explica un comunicado de la entidad. Se\u00f1ala tambi\u00e9n que se proponen \u201cplasmar la potencia de nuestro sector, consolidando este espacio de intercambio como uno de los m\u00e1s importantes de la regi\u00f3n\u201d.<br \/>\n&#8212;&#8212;&#8212;&#8212;&#8212;&#8212;&#8212;&#8212;&#8212;&#8212;&#8212;&#8212;&#8212;&#8212;&#8212;&#8212;&#8212;&#8212;&#8212;<br \/>\nFundaci\u00f3n ProTejer \/ Comunidad Textil<\/p>\n<p>\u2014\u2014\u2014\u2014\u2014\u2014\u2014\u2014\u2014\u2014\u2014\u2014\u2014\u2014\u2014\u2014\u2014\u2014\u2014\u2014\u2014\u2014\u2014\u2014\u2014\u2014\u2014\u2014\u2014\u2014\u2014\u2014\u2014\u2014\u2014\u2014\u2014\u2014\u2014<\/p>\n<p dir=\"ltr\">Para comunicarse con ComunidadTextil: <span style=\"color: #3366ff;\"><a style=\"color: #3366ff;\" href=\"mailto:contacto@comunidadtextil.com\">contacto@comunidadtextil.com<\/a><\/span><\/p>\n<table border=\"0\" width=\"460\">\n<tbody>\n<tr>\n<td width=\"auto\"><a href=\"http:\/\/www.actibiz.com.ar\" target=\"_blank\" rel=\"noopener\"><img decoding=\"async\" class=\"aligncenter\" src=\"\/publicidad\/actibiz2019.jpg\" alt=\"\" width=\"290\" height=\"auto\" border=\"0\" \/><\/a><\/td>\n<td width=\"auto\">\n<div align=\"center\"><a href=\"https:\/\/www.lwc-visual.com\/\" target=\"_blank\" rel=\"noopener\"><img decoding=\"async\" class=\"aligncenter\" src=\"\/publicidad\/manegtext.jpg\" width=\"290\" height=\"auto\" \/><\/a><\/div>\n<\/td>\n<\/tr>\n<\/tbody>\n<\/table>\n","protected":false},"excerpt":{"rendered":"<p>Una vez m\u00e1s se prepara en Argentina la convenci\u00f3n anual PRO TEXTIL, que se ha convertido en un cl\u00e1sico punto de encuentro de la cadena de la agro-industria textil y de indumentaria. La actividad es realizada por la Fundaci\u00f3n proteger, que este a\u00f1o cumple sus 20 a\u00f1os. El encuentro tiene como finalidad compartir entre empresarios, [&hellip;]<\/p>\n","protected":false},"author":1924,"featured_media":0,"comment_status":"closed","ping_status":"closed","sticky":false,"template":"","format":"standard","meta":{"footnotes":""},"categories":[8,43,58],"tags":[],"class_list":["post-15024","post","type-post","status-publish","format-standard","hentry","category-argentina","category-industria","category-noticias-de-america-latina","count-0","even alt","author-adminct","last"],"_links":{"self":[{"href":"https:\/\/comunidadtextil.com\/wpnews\/wp-json\/wp\/v2\/posts\/15024","targetHints":{"allow":["GET"]}}],"collection":[{"href":"https:\/\/comunidadtextil.com\/wpnews\/wp-json\/wp\/v2\/posts"}],"about":[{"href":"https:\/\/comunidadtextil.com\/wpnews\/wp-json\/wp\/v2\/types\/post"}],"author":[{"embeddable":true,"href":"https:\/\/comunidadtextil.com\/wpnews\/wp-json\/wp\/v2\/users\/1924"}],"replies":[{"embeddable":true,"href":"https:\/\/comunidadtextil.com\/wpnews\/wp-json\/wp\/v2\/comments?post=15024"}],"version-history":[{"count":12,"href":"https:\/\/comunidadtextil.com\/wpnews\/wp-json\/wp\/v2\/posts\/15024\/revisions"}],"predecessor-version":[{"id":15036,"href":"https:\/\/comunidadtextil.com\/wpnews\/wp-json\/wp\/v2\/posts\/15024\/revisions\/15036"}],"wp:attachment":[{"href":"https:\/\/comunidadtextil.com\/wpnews\/wp-json\/wp\/v2\/media?parent=15024"}],"wp:term":[{"taxonomy":"category","embeddable":true,"href":"https:\/\/comunidadtextil.com\/wpnews\/wp-json\/wp\/v2\/categories?post=15024"},{"taxonomy":"post_tag","embeddable":true,"href":"https:\/\/comunidadtextil.com\/wpnews\/wp-json\/wp\/v2\/tags?post=15024"}],"curies":[{"name":"wp","href":"https:\/\/api.w.org\/{rel}","templated":true}]}}