{"id":14939,"date":"2023-10-05T10:16:49","date_gmt":"2023-10-05T13:16:49","guid":{"rendered":"http:\/\/comunidadtextil.com\/wpnews\/?p=14939"},"modified":"2023-10-05T10:16:49","modified_gmt":"2023-10-05T13:16:49","slug":"inditex-se-une-a-la-international-apparel-federation-en-busca-de-cambiar-la-industria-textil","status":"publish","type":"post","link":"https:\/\/comunidadtextil.com\/wpnews\/2023\/10\/inditex-se-une-a-la-international-apparel-federation-en-busca-de-cambiar-la-industria-textil\/","title":{"rendered":"Inditex se une a la International Apparel Federation en busca de \u201ccambiar la industria textil\u201d"},"content":{"rendered":"<div id=\"attachment_14927\" style=\"width: 260px\" class=\"wp-caption alignright\"><a href=\"https:\/\/comunidadtextil.com\/wpnews\/wp-content\/uploads\/2023\/10\/Oficinas-centrales-de-Inditex-en-Galicia.-.jpg\"><img loading=\"lazy\" decoding=\"async\" aria-describedby=\"caption-attachment-14927\" class=\" wp-image-14927\" src=\"https:\/\/comunidadtextil.com\/wpnews\/wp-content\/uploads\/2023\/10\/Oficinas-centrales-de-Inditex-en-Galicia.--300x107.jpg\" alt=\"\" width=\"250\" height=\"89\" srcset=\"https:\/\/comunidadtextil.com\/wpnews\/wp-content\/uploads\/2023\/10\/Oficinas-centrales-de-Inditex-en-Galicia.--300x107.jpg 300w, https:\/\/comunidadtextil.com\/wpnews\/wp-content\/uploads\/2023\/10\/Oficinas-centrales-de-Inditex-en-Galicia.--768x274.jpg 768w, https:\/\/comunidadtextil.com\/wpnews\/wp-content\/uploads\/2023\/10\/Oficinas-centrales-de-Inditex-en-Galicia.--150x54.jpg 150w, https:\/\/comunidadtextil.com\/wpnews\/wp-content\/uploads\/2023\/10\/Oficinas-centrales-de-Inditex-en-Galicia.-.jpg 980w\" sizes=\"auto, (max-width: 250px) 100vw, 250px\" \/><\/a><p id=\"caption-attachment-14927\" class=\"wp-caption-text\">Oficinas centrales de Inditex en Galicia.<\/p><\/div>\n<p>La empresa de origen espa\u00f1ol y la instituci\u00f3n de comercio internacional forjaron una alianza para \u201cimpulsar una transformaci\u00f3n significativa\u201d que involucre a la totalidad del sector, incluidas sus cadenas de suministro. El fin de este acuerdo de Inditex y la International Apparel Federation (IAF), es \u201cavanzar en pr\u00e1cticas \u00e9ticas y sostenibles\u201d.<\/p>\n<p>La mencionada alianza buscar\u00e1 implementar proyectos que apunten a mejorar las condiciones laborales, seguramente como eco de los fuertes reclamos de su personal que la empresa espa\u00f1ola enfrent\u00f3 en los \u00faltimos tiempos. Asimismo, se ocupar\u00e1 de proteger el ambiente, potenciar la circularidad y promover la transparencia y trazabilidad en la cadena de suministro.<\/p>\n<p>En relaci\u00f3n a este proyecto en com\u00fan, el Consejero Delegado de Inditex, Oscar Garc\u00eda Maceiras, manifest\u00f3 que \u201ces clave para impulsar un cambio que alcance a toda la industria textil, superando tanto los retos sociales como medioambientales\u201d. Seg\u00fan el ejecutivo la acci\u00f3n conjunta con IAF ayudar\u00e1 \u201ca elevar los est\u00e1ndares y la competitividad de la industria en su conjunto\u201d.<\/p>\n<div id=\"attachment_14926\" style=\"width: 260px\" class=\"wp-caption alignleft\"><a href=\"https:\/\/comunidadtextil.com\/wpnews\/wp-content\/uploads\/2023\/10\/El-consejero-delegado-de-Inditex-Oscar-Garcia-Maceiras-y-el-presidente-de-IAF-Cem-Altan..jpg\"><img loading=\"lazy\" decoding=\"async\" aria-describedby=\"caption-attachment-14926\" class=\" wp-image-14926\" src=\"https:\/\/comunidadtextil.com\/wpnews\/wp-content\/uploads\/2023\/10\/El-consejero-delegado-de-Inditex-Oscar-Garcia-Maceiras-y-el-presidente-de-IAF-Cem-Altan.-300x169.jpg\" alt=\"\" width=\"250\" height=\"141\" srcset=\"https:\/\/comunidadtextil.com\/wpnews\/wp-content\/uploads\/2023\/10\/El-consejero-delegado-de-Inditex-Oscar-Garcia-Maceiras-y-el-presidente-de-IAF-Cem-Altan.-300x169.jpg 300w, https:\/\/comunidadtextil.com\/wpnews\/wp-content\/uploads\/2023\/10\/El-consejero-delegado-de-Inditex-Oscar-Garcia-Maceiras-y-el-presidente-de-IAF-Cem-Altan.-1024x576.jpg 1024w, https:\/\/comunidadtextil.com\/wpnews\/wp-content\/uploads\/2023\/10\/El-consejero-delegado-de-Inditex-Oscar-Garcia-Maceiras-y-el-presidente-de-IAF-Cem-Altan.-768x432.jpg 768w, https:\/\/comunidadtextil.com\/wpnews\/wp-content\/uploads\/2023\/10\/El-consejero-delegado-de-Inditex-Oscar-Garcia-Maceiras-y-el-presidente-de-IAF-Cem-Altan.-1536x864.jpg 1536w, https:\/\/comunidadtextil.com\/wpnews\/wp-content\/uploads\/2023\/10\/El-consejero-delegado-de-Inditex-Oscar-Garcia-Maceiras-y-el-presidente-de-IAF-Cem-Altan.-150x84.jpg 150w, https:\/\/comunidadtextil.com\/wpnews\/wp-content\/uploads\/2023\/10\/El-consejero-delegado-de-Inditex-Oscar-Garcia-Maceiras-y-el-presidente-de-IAF-Cem-Altan..jpg 1706w\" sizes=\"auto, (max-width: 250px) 100vw, 250px\" \/><\/a><p id=\"caption-attachment-14926\" class=\"wp-caption-text\">El consejero delegado de Inditex, \u00d3scar Garc\u00eda Maceiras, y el presidente de IAF, Cem Altan.<\/p><\/div>\n<p>El presidente de la IAF, Cem Altan, comparti\u00f3 los ambiciosos objetivos que se plante\u00f3 la alianza y asegur\u00f3 que est\u00e1n \u201cencantados de compartir con Inditex su visi\u00f3n sobre la importancia de unir fuerzas en toda la cadena de suministro e impulsar un cambio transformador y sostenible en la industria de la confecci\u00f3n\u201d.<\/p>\n<p>Las \u00e1reas en las que tienen pensado dirigir sus esfuerzos son el desarrollo industrial de los pa\u00edses productores y la transici\u00f3n hacia una industria que convierta los residuos en nuevas materias primas. Adem\u00e1s, planean avanzar en la neutralidad de emisiones a trav\u00e9s del uso de energ\u00edas renovables y la implementaci\u00f3n de procesos productivos con menor impacto ambiental.<\/p>\n<p>Otro eje en el que se basa el acuerdo es la mejora de las condiciones laborales, la salud y seguridad en el trabajo, la protecci\u00f3n social o la diversidad e inclusi\u00f3n, medidas que mayormente desde hace d\u00e9cadas est\u00e1n estipuladas por la Organizaci\u00f3n Internacional del Trabajo, OIT.<\/p>\n<p>En cuanto a la parte productiva, Inditex y IAF buscar\u00e1n la creaci\u00f3n de un sistema unificado para medir el impacto de la industria textil, las pr\u00e1cticas transparentes, la comunicaci\u00f3n fluida entre los sistemas de informaci\u00f3n, la digitalizaci\u00f3n y la eficiencia de las cadenas de suministro globales.<br \/>\n&#8212;&#8212;&#8212;&#8212;&#8212;&#8212;&#8212;&#8212;&#8212;&#8212;&#8212;&#8212;&#8212;&#8212;&#8212;&#8212;&#8212;&#8211;<br \/>\nFashion Network \/ Comunidad Textil<\/p>\n<p>\u2014\u2014\u2014\u2014\u2014\u2014\u2014\u2014\u2014\u2014\u2014\u2014\u2014\u2014\u2014\u2014\u2014\u2014\u2014\u2014\u2014\u2014\u2014\u2014\u2014\u2014\u2014\u2014\u2014\u2014\u2014\u2014\u2014\u2014\u2014\u2014\u2014\u2014\u2014<\/p>\n<p dir=\"ltr\">Para comunicarse con ComunidadTextil: <span style=\"color: #3366ff;\"><a style=\"color: #3366ff;\" href=\"mailto:contacto@comunidadtextil.com\">contacto@comunidadtextil.com<\/a><\/span><\/p>\n<table border=\"0\" width=\"460\">\n<tbody>\n<tr>\n<td width=\"auto\">\n<div align=\"center\"><a href=\"http:\/\/www.actibiz.com.ar\" target=\"_blank\" rel=\"noopener\"><img decoding=\"async\" class=\"aligncenter\" src=\"\/publicidad\/actibiz2019.jpg\" alt=\"\" width=\"290\" height=\"auto\" border=\"0\" \/><\/a><\/div>\n<\/td>\n<td width=\"auto\">\n<div align=\"center\"><a href=\"http:\/\/www.tikvatex.com.ar\" target=\"_blank\" rel=\"noopener\"><img decoding=\"async\" class=\"aligncenter\" src=\"\/publicidad\/tikvatex062020.png\" alt=\"\" width=\"290\" height=\"auto\" border=\"0\" \/><\/a><\/div>\n<\/td>\n<\/tr>\n<\/tbody>\n<\/table>\n","protected":false},"excerpt":{"rendered":"<p>La empresa de origen espa\u00f1ol y la instituci\u00f3n de comercio internacional forjaron una alianza para \u201cimpulsar una transformaci\u00f3n significativa\u201d que involucre a la totalidad del sector, incluidas sus cadenas de suministro. El fin de este acuerdo de Inditex y la International Apparel Federation (IAF), es \u201cavanzar en pr\u00e1cticas \u00e9ticas y sostenibles\u201d. La mencionada alianza buscar\u00e1 [&hellip;]<\/p>\n","protected":false},"author":1924,"featured_media":0,"comment_status":"closed","ping_status":"closed","sticky":false,"template":"","format":"standard","meta":{"footnotes":""},"categories":[84,56],"tags":[],"class_list":["post-14939","post","type-post","status-publish","format-standard","hentry","category-diversidad-equidad-inclusion","category-medio-ambiente","count-0","even alt","author-adminct","last"],"_links":{"self":[{"href":"https:\/\/comunidadtextil.com\/wpnews\/wp-json\/wp\/v2\/posts\/14939","targetHints":{"allow":["GET"]}}],"collection":[{"href":"https:\/\/comunidadtextil.com\/wpnews\/wp-json\/wp\/v2\/posts"}],"about":[{"href":"https:\/\/comunidadtextil.com\/wpnews\/wp-json\/wp\/v2\/types\/post"}],"author":[{"embeddable":true,"href":"https:\/\/comunidadtextil.com\/wpnews\/wp-json\/wp\/v2\/users\/1924"}],"replies":[{"embeddable":true,"href":"https:\/\/comunidadtextil.com\/wpnews\/wp-json\/wp\/v2\/comments?post=14939"}],"version-history":[{"count":2,"href":"https:\/\/comunidadtextil.com\/wpnews\/wp-json\/wp\/v2\/posts\/14939\/revisions"}],"predecessor-version":[{"id":14941,"href":"https:\/\/comunidadtextil.com\/wpnews\/wp-json\/wp\/v2\/posts\/14939\/revisions\/14941"}],"wp:attachment":[{"href":"https:\/\/comunidadtextil.com\/wpnews\/wp-json\/wp\/v2\/media?parent=14939"}],"wp:term":[{"taxonomy":"category","embeddable":true,"href":"https:\/\/comunidadtextil.com\/wpnews\/wp-json\/wp\/v2\/categories?post=14939"},{"taxonomy":"post_tag","embeddable":true,"href":"https:\/\/comunidadtextil.com\/wpnews\/wp-json\/wp\/v2\/tags?post=14939"}],"curies":[{"name":"wp","href":"https:\/\/api.w.org\/{rel}","templated":true}]}}