{"id":14689,"date":"2023-08-24T10:29:48","date_gmt":"2023-08-24T13:29:48","guid":{"rendered":"http:\/\/comunidadtextil.com\/wpnews\/?p=14689"},"modified":"2023-08-24T10:29:48","modified_gmt":"2023-08-24T13:29:48","slug":"cuales-son-los-cuatro-temas-que-marcaran-las-tendencias-en-la-proxima-temporada-2024","status":"publish","type":"post","link":"https:\/\/comunidadtextil.com\/wpnews\/2023\/08\/cuales-son-los-cuatro-temas-que-marcaran-las-tendencias-en-la-proxima-temporada-2024\/","title":{"rendered":"Cu\u00e1les son los cuatro temas que marcar\u00e1n las tendencias en la pr\u00f3xima temporada 2024"},"content":{"rendered":"<p>La vicepresidenta y directora creativa de Fashion Snoops se\u00f1al\u00f3 las narrativas en las que se inspirar\u00e1 la moda femenina. El gusto por lo artesanal y el deseo de escapar de la realidad influyen en la mirada de los dise\u00f1adores al momento de crear sus colecciones.<\/p>\n<table>\n<tbody>\n<tr>\n<td><a href=\"https:\/\/comunidadtextil.com\/wpnews\/wp-content\/uploads\/2023\/08\/Culto-Gaia-_2.jpg\"><img loading=\"lazy\" decoding=\"async\" class=\"size-medium wp-image-14679 aligncenter\" src=\"https:\/\/comunidadtextil.com\/wpnews\/wp-content\/uploads\/2023\/08\/Culto-Gaia-_2-222x300.jpg\" alt=\"\" width=\"222\" height=\"300\" srcset=\"https:\/\/comunidadtextil.com\/wpnews\/wp-content\/uploads\/2023\/08\/Culto-Gaia-_2-222x300.jpg 222w, https:\/\/comunidadtextil.com\/wpnews\/wp-content\/uploads\/2023\/08\/Culto-Gaia-_2-111x150.jpg 111w, https:\/\/comunidadtextil.com\/wpnews\/wp-content\/uploads\/2023\/08\/Culto-Gaia-_2.jpg 500w\" sizes=\"auto, (max-width: 222px) 100vw, 222px\" \/><\/a><\/td>\n<td><a href=\"https:\/\/comunidadtextil.com\/wpnews\/wp-content\/uploads\/2023\/08\/Dark-Park-.jpg\"><img loading=\"lazy\" decoding=\"async\" class=\"size-medium wp-image-14680 aligncenter\" src=\"https:\/\/comunidadtextil.com\/wpnews\/wp-content\/uploads\/2023\/08\/Dark-Park--225x300.jpg\" alt=\"\" width=\"225\" height=\"300\" srcset=\"https:\/\/comunidadtextil.com\/wpnews\/wp-content\/uploads\/2023\/08\/Dark-Park--225x300.jpg 225w, https:\/\/comunidadtextil.com\/wpnews\/wp-content\/uploads\/2023\/08\/Dark-Park--112x150.jpg 112w, https:\/\/comunidadtextil.com\/wpnews\/wp-content\/uploads\/2023\/08\/Dark-Park-.jpg 500w\" sizes=\"auto, (max-width: 225px) 100vw, 225px\" \/><\/a><\/td>\n<td><a href=\"https:\/\/comunidadtextil.com\/wpnews\/wp-content\/uploads\/2023\/08\/Ludovico-De-Saint-Sernin-.jpg\"><img loading=\"lazy\" decoding=\"async\" class=\"size-medium wp-image-14681 aligncenter\" src=\"https:\/\/comunidadtextil.com\/wpnews\/wp-content\/uploads\/2023\/08\/Ludovico-De-Saint-Sernin--200x300.jpg\" alt=\"\" width=\"200\" height=\"300\" srcset=\"https:\/\/comunidadtextil.com\/wpnews\/wp-content\/uploads\/2023\/08\/Ludovico-De-Saint-Sernin--200x300.jpg 200w, https:\/\/comunidadtextil.com\/wpnews\/wp-content\/uploads\/2023\/08\/Ludovico-De-Saint-Sernin--100x150.jpg 100w, https:\/\/comunidadtextil.com\/wpnews\/wp-content\/uploads\/2023\/08\/Ludovico-De-Saint-Sernin-.jpg 500w\" sizes=\"auto, (max-width: 200px) 100vw, 200px\" \/><\/a><\/td>\n<\/tr>\n<\/tbody>\n<\/table>\n<p>De acuerdo al an\u00e1lisis de la ejecutiva de la agencia de moda y tendencias Melissa Moylan, los temas que marcar\u00e1n la moda femenina en la pr\u00f3xima temporada son: Divinidad, Curiosidad, L\u00edquido y Evoluci\u00f3n.<\/p>\n<p>Seg\u00fan Moylan, \u201cla gente busca m\u00e1s la gu\u00eda de maestros espirituales que de sanadores. Tambi\u00e9n estamos viendo ciencia aplicada a estudios de conciencia que abren el camino al descubrimiento\u201d. Esta tendencia se conecta con la b\u00fasqueda de bienestar y la recuperaci\u00f3n de las tradiciones olvidadas.<\/p>\n<p>Estas ideas se traducen en prendas tejidas hechas en denim para el uso diario y piezas sastre para ocasiones especiales. Los b\u00e1sicos de este tema son los vestidos largos de punto, las faltas largas de denim, los jeans tipo cargo, conjuntos con combinaci\u00f3n de tonos, blusas de frente abierto y chaquetas de campo. La paleta de colores abarca los tonos c\u00e1lidos con estampados bot\u00e1nicos que dan un look \u201cnueva bohemia\u201d.<\/p>\n<p>La Curiosidad lleva a los consumidores a ejercer el derecho a la autoexpresi\u00f3n y a vestirse de manera audaz y original. Las prendas de esta narrativa incluyen tops de bustier de denim, pantalones estampados, tops recortados, vestidos fruncidos, minifaldas y prendas que destaquen por su color o textura. Los estampados sobresalen con corazones, guardas psicod\u00e9licas y motivos isle\u00f1os en colores intensos como el rojo y el amarillo.<\/p>\n<table>\n<tbody>\n<tr>\n<td><a href=\"https:\/\/comunidadtextil.com\/wpnews\/wp-content\/uploads\/2023\/08\/Tory-Burch-.jpg\"><img loading=\"lazy\" decoding=\"async\" class=\"size-medium wp-image-14682 aligncenter\" src=\"https:\/\/comunidadtextil.com\/wpnews\/wp-content\/uploads\/2023\/08\/Tory-Burch--200x300.jpg\" alt=\"\" width=\"200\" height=\"300\" srcset=\"https:\/\/comunidadtextil.com\/wpnews\/wp-content\/uploads\/2023\/08\/Tory-Burch--200x300.jpg 200w, https:\/\/comunidadtextil.com\/wpnews\/wp-content\/uploads\/2023\/08\/Tory-Burch--100x150.jpg 100w, https:\/\/comunidadtextil.com\/wpnews\/wp-content\/uploads\/2023\/08\/Tory-Burch-.jpg 500w\" sizes=\"auto, (max-width: 200px) 100vw, 200px\" \/><\/a><\/td>\n<td><a href=\"https:\/\/comunidadtextil.com\/wpnews\/wp-content\/uploads\/2023\/08\/AnderssonBell.jpg\"><img loading=\"lazy\" decoding=\"async\" class=\"size-medium wp-image-14678 aligncenter\" src=\"https:\/\/comunidadtextil.com\/wpnews\/wp-content\/uploads\/2023\/08\/AnderssonBell-225x300.jpg\" alt=\"\" width=\"225\" height=\"300\" srcset=\"https:\/\/comunidadtextil.com\/wpnews\/wp-content\/uploads\/2023\/08\/AnderssonBell-225x300.jpg 225w, https:\/\/comunidadtextil.com\/wpnews\/wp-content\/uploads\/2023\/08\/AnderssonBell-112x150.jpg 112w, https:\/\/comunidadtextil.com\/wpnews\/wp-content\/uploads\/2023\/08\/AnderssonBell.jpg 500w\" sizes=\"auto, (max-width: 225px) 100vw, 225px\" \/><\/a><\/td>\n<\/tr>\n<\/tbody>\n<\/table>\n<p>El elemento L\u00edquido refleja un estilo de vida m\u00e1s relajado y sencillo inclinado al ambientalismo. Los colores son tranquilos y relajantes como la menta y la sal marina. La tendencia de este tema es la suavidad que se expresa en faldas columna de denim y camisetas sin mangas. Las transparencias, el brillo y los tirantes de los sujetadores expuestos completan la narrativa.<\/p>\n<p>En Evoluci\u00f3n hay una b\u00fasqueda por integrar la tecnolog\u00eda sin dejar de lado los valores tradicionales. El inter\u00e9s por \u201csoluciones tecnol\u00f3gicas que tengan un enfoque humano\u201d reinterpreta la herencia cultural para que se sienta c\u00f3moda y con toques innovadores. Este tema nos trae prendas como camisas de campamento, pantalones cargo elevados, camisetas sin mangas recortadas, chaquetas bomber y jeans holgados de tiro bajo. Las texturas incluyen patchwork, acabados sucios, animal print y camuflaje.<br \/>\n&#8212;&#8212;&#8212;&#8212;&#8212;&#8212;&#8212;&#8212;&#8212;&#8212;&#8212;&#8212;&#8212;&#8212;&#8212;&#8212;&#8212;&#8212;<br \/>\nSourcing Journal \/ Comunidad Textil<\/p>\n<p>\u2014\u2014\u2014\u2014\u2014\u2014\u2014\u2014\u2014\u2014\u2014\u2014\u2014\u2014\u2014\u2014\u2014\u2014\u2014\u2014\u2014\u2014\u2014\u2014\u2014\u2014\u2014\u2014\u2014\u2014\u2014\u2014\u2014\u2014\u2014\u2014\u2014\u2014\u2014<\/p>\n<p dir=\"ltr\">Para comunicarse con ComunidadTextil: <span style=\"color: #3366ff;\"><a style=\"color: #3366ff;\" href=\"mailto:contacto@comunidadtextil.com\">contacto@comunidadtextil.com<\/a><\/span><\/p>\n<table border=\"0\" width=\"460\">\n<tbody>\n<tr>\n<td width=\"auto\"><a href=\"https:\/\/algoselanflandria.com.ar\/\" target=\"_blank\" rel=\"noopener\"><img decoding=\"async\" class=\"aligncenter\" src=\"http:\/\/comunidadtextil.com\/publicidad\/af-2020-300x200px.gif\" alt=\"\" width=\"290\" height=\"auto\" border=\"0\" \/><\/a><\/td>\n<td width=\"auto\">\n<div align=\"center\"><a href=\"https:\/\/www.aplf.com\/fashion-access-fair-details\/\"><img loading=\"lazy\" decoding=\"async\" class=\"aligncenter\" src=\"http:\/\/cueroamerica.info\/img\/publicidad\/2023\/fa_2023-03-300x200px.gif\" alt=\"\" width=\"290\" height=\"200\" \/><\/a><\/div>\n<\/td>\n<\/tr>\n<\/tbody>\n<\/table>\n","protected":false},"excerpt":{"rendered":"<p>La vicepresidenta y directora creativa de Fashion Snoops se\u00f1al\u00f3 las narrativas en las que se inspirar\u00e1 la moda femenina. El gusto por lo artesanal y el deseo de escapar de la realidad influyen en la mirada de los dise\u00f1adores al momento de crear sus colecciones. De acuerdo al an\u00e1lisis de la ejecutiva de la agencia [&hellip;]<\/p>\n","protected":false},"author":1924,"featured_media":0,"comment_status":"closed","ping_status":"closed","sticky":false,"template":"","format":"standard","meta":{"footnotes":""},"categories":[44],"tags":[],"class_list":["post-14689","post","type-post","status-publish","format-standard","hentry","category-tendencias","count-0","even alt","author-adminct","last"],"_links":{"self":[{"href":"https:\/\/comunidadtextil.com\/wpnews\/wp-json\/wp\/v2\/posts\/14689","targetHints":{"allow":["GET"]}}],"collection":[{"href":"https:\/\/comunidadtextil.com\/wpnews\/wp-json\/wp\/v2\/posts"}],"about":[{"href":"https:\/\/comunidadtextil.com\/wpnews\/wp-json\/wp\/v2\/types\/post"}],"author":[{"embeddable":true,"href":"https:\/\/comunidadtextil.com\/wpnews\/wp-json\/wp\/v2\/users\/1924"}],"replies":[{"embeddable":true,"href":"https:\/\/comunidadtextil.com\/wpnews\/wp-json\/wp\/v2\/comments?post=14689"}],"version-history":[{"count":1,"href":"https:\/\/comunidadtextil.com\/wpnews\/wp-json\/wp\/v2\/posts\/14689\/revisions"}],"predecessor-version":[{"id":14690,"href":"https:\/\/comunidadtextil.com\/wpnews\/wp-json\/wp\/v2\/posts\/14689\/revisions\/14690"}],"wp:attachment":[{"href":"https:\/\/comunidadtextil.com\/wpnews\/wp-json\/wp\/v2\/media?parent=14689"}],"wp:term":[{"taxonomy":"category","embeddable":true,"href":"https:\/\/comunidadtextil.com\/wpnews\/wp-json\/wp\/v2\/categories?post=14689"},{"taxonomy":"post_tag","embeddable":true,"href":"https:\/\/comunidadtextil.com\/wpnews\/wp-json\/wp\/v2\/tags?post=14689"}],"curies":[{"name":"wp","href":"https:\/\/api.w.org\/{rel}","templated":true}]}}