{"id":14290,"date":"2023-06-15T10:17:32","date_gmt":"2023-06-15T13:17:32","guid":{"rendered":"http:\/\/comunidadtextil.com\/wpnews\/?p=14290"},"modified":"2023-06-15T10:17:41","modified_gmt":"2023-06-15T13:17:41","slug":"colombiatex-y-colombiamoda-brindan-en-medellin-un-nuevo-encuentro-de-moda-y-textiles","status":"publish","type":"post","link":"https:\/\/comunidadtextil.com\/wpnews\/2023\/06\/colombiatex-y-colombiamoda-brindan-en-medellin-un-nuevo-encuentro-de-moda-y-textiles\/","title":{"rendered":"Colombiatex y Colombiamoda brindan en Medell\u00edn un nuevo encuentro de moda y textiles"},"content":{"rendered":"<p><a href=\"https:\/\/comunidadtextil.com\/wpnews\/wp-content\/uploads\/2023\/06\/JDA_8100-1-scaled-.jpg\"><img loading=\"lazy\" decoding=\"async\" class=\"alignleft wp-image-14287\" src=\"https:\/\/comunidadtextil.com\/wpnews\/wp-content\/uploads\/2023\/06\/JDA_8100-1-scaled--300x200.jpg\" alt=\"\" width=\"244\" height=\"164\" srcset=\"https:\/\/comunidadtextil.com\/wpnews\/wp-content\/uploads\/2023\/06\/JDA_8100-1-scaled--300x200.jpg 300w, https:\/\/comunidadtextil.com\/wpnews\/wp-content\/uploads\/2023\/06\/JDA_8100-1-scaled--768x513.jpg 768w, https:\/\/comunidadtextil.com\/wpnews\/wp-content\/uploads\/2023\/06\/JDA_8100-1-scaled--150x100.jpg 150w, https:\/\/comunidadtextil.com\/wpnews\/wp-content\/uploads\/2023\/06\/JDA_8100-1-scaled-.jpg 1000w\" sizes=\"auto, (max-width: 244px) 100vw, 244px\" \/><\/a>Los salones de la industria textil y de la confecci\u00f3n de Colombia se realizar\u00e1n del 25 al 27 de julio, en conjunto con un desfile de moda en el predio Plaza Mayor. El lema de este a\u00f1o es \u201cTrasciende\u201d y propone una transformaci\u00f3n social con compromiso ambiental y desarrollo econ\u00f3mico.<\/p>\n<p>Colombiatex es la feria de textiles, insumos, maquinaria y moda m\u00e1s grande de Colombia y ser\u00e1 del 24 al 26 de enero en el recinto ferial de Plaza Mayor de la ciudad de Medell\u00edn.<br \/>\nAll\u00ed se espera recibir a unos 12.000 compradores especializados, que se conectar\u00e1n con m\u00e1s de 400 exponentes de la moda, desde los insumos y textiles hasta el producto terminado. .<\/p>\n<p><a href=\"https:\/\/comunidadtextil.com\/wpnews\/wp-content\/uploads\/2023\/06\/3-.jpg\"><img loading=\"lazy\" decoding=\"async\" class=\" wp-image-14286 alignright\" src=\"https:\/\/comunidadtextil.com\/wpnews\/wp-content\/uploads\/2023\/06\/3--300x200.jpg\" alt=\"\" width=\"245\" height=\"165\" \/><\/a>Seg\u00fan inform\u00f3 la empresa organizadora Inexmoda, la pr\u00f3xima edici\u00f3n de Colombiatex tendr\u00e1 un aspecto renovado y din\u00e1mico. \u201cLas marcas de la industria textil, confecci\u00f3n y moda, se re\u00fanen con compradores de Colombia y el mundo, en una muestra comercial m\u00e1s org\u00e1nica en donde se refresc\u00f3, actualiz\u00f3 y pens\u00f3 este espacio como eje para generar oportunidades comerciales de distribuci\u00f3n, ventas mayoristas y exportaci\u00f3n\u201d se\u00f1al\u00f3 en un comunicado.<\/p>\n<p>Este a\u00f1o, el sal\u00f3n tendr\u00e1 m\u00e1s espacio de integraci\u00f3n, negocios y aprendizaje y se realizar\u00e1 en simult\u00e1neo con Colombiamoda, la gran pasarela que trae las \u00faltimas tendencias. \u201cEl eje de tendencias \u201cTrasciende\u201d sirve para evidenciar, a trav\u00e9s de las pasarelas, que la moda es expresi\u00f3n de la cultura y transformaci\u00f3n social. Circularidad, talento joven, colaboraciones y el futuro del dise\u00f1o se tomar\u00e1n el eje de Expresiones de moda en esta edici\u00f3n de Colombiamoda + Colombiatex\u201d informaron.<\/p>\n<p><a href=\"https:\/\/comunidadtextil.com\/wpnews\/wp-content\/uploads\/2023\/06\/JDA_8128-1-scaled-.jpg\"><img loading=\"lazy\" decoding=\"async\" class=\"alignleft wp-image-14288\" src=\"https:\/\/comunidadtextil.com\/wpnews\/wp-content\/uploads\/2023\/06\/JDA_8128-1-scaled--300x200.jpg\" alt=\"\" width=\"245\" height=\"165\" srcset=\"https:\/\/comunidadtextil.com\/wpnews\/wp-content\/uploads\/2023\/06\/JDA_8128-1-scaled--768x513.jpg 768w, https:\/\/comunidadtextil.com\/wpnews\/wp-content\/uploads\/2023\/06\/JDA_8128-1-scaled--150x100.jpg 150w, https:\/\/comunidadtextil.com\/wpnews\/wp-content\/uploads\/2023\/06\/JDA_8128-1-scaled-.jpg 1000w\" sizes=\"auto, (max-width: 245px) 100vw, 245px\" \/><\/a>Entre los dise\u00f1adores confirmados figura el tolimense Diego Guarnizo que, con su colecci\u00f3n, rendir\u00e1 tributo a la selva colombiana y llamar\u00e1 a la protecci\u00f3n de los bosques. Disney, junto con marcas locales, presentar\u00e1 \u201cReflections of Wonder\u201d para celebrar sus 100 a\u00f1os de historia.<\/p>\n<p>La dise\u00f1adora Adriana Orosco en conjunto con la Fundaci\u00f3n Alma Rosa y la empresa Vicunha promover\u00e1n la prevenci\u00f3n temprana del c\u00e1ncer de mama. Andr\u00e9s Paj\u00f3n celebrar\u00e1 sus diez a\u00f1os con la moda y Chamela llevar\u00e1 su nueva colecci\u00f3n de trajes de ba\u00f1o. Por \u00faltimo, Mercedes Campusano presentar\u00e1 su propuesta de resort wear y sus reconocidos zapatos y bolsos.<br \/>\n&#8212;&#8212;&#8212;&#8212;&#8212;&#8212;&#8212;&#8212;&#8212;&#8212;&#8212;&#8212;&#8212;&#8212;&#8212;&#8212;&#8212;&#8212;&#8212;<br \/>\nFashion Network \/ Comunidad Textil<\/p>\n<p>\u2014\u2014\u2014\u2014\u2014\u2014\u2014\u2014\u2014\u2014\u2014\u2014\u2014\u2014\u2014\u2014\u2014\u2014\u2014\u2014\u2014\u2014\u2014\u2014\u2014\u2014\u2014\u2014\u2014\u2014\u2014\u2014\u2014\u2014\u2014\u2014\u2014\u2014\u2014<\/p>\n<p dir=\"ltr\">Para comunicarse con ComunidadTextil: <span style=\"color: #3366ff;\"><a style=\"color: #3366ff;\" href=\"mailto:contacto@comunidadtextil.com\">contacto@comunidadtextil.com<\/a><\/span><\/p>\n<table border=\"0\" width=\"460\">\n<tbody>\n<tr>\n<td width=\"auto\"><a href=\"https:\/\/epson.com.ar\/Para-el-trabajo\/Impresoras\/Gran-Formato\/c\/w140?q=%3Aname-asc%3AdiscontinuedFlag%3Afalse%3APro+Imaging+Facets%2CProfessional+Printer+Series%3ASureColor+F%7E102Series&amp;text=#scrollTgt_onRefresh\" target=\"_blank\" rel=\"noopener\"><img loading=\"lazy\" decoding=\"async\" class=\"aligncenter\" src=\"\/publicidad\/2023\/2088435_epson_300x200.gif\" alt=\"\" width=\"300\" height=\"200\" \/><\/a><\/td>\n<td width=\"auto\"><a href=\"https:\/\/algoselanflandria.com.ar\/\" target=\"_blank\" rel=\"noopener\"><img decoding=\"async\" class=\"aligncenter\" src=\"http:\/\/comunidadtextil.com\/publicidad\/af-2020-300x200px.gif\" alt=\"\" width=\"auto\" height=\"auto\" border=\"0\" \/><\/a><\/td>\n<\/tr>\n<\/tbody>\n<\/table>\n","protected":false},"excerpt":{"rendered":"<p>Los salones de la industria textil y de la confecci\u00f3n de Colombia se realizar\u00e1n del 25 al 27 de julio, en conjunto con un desfile de moda en el predio Plaza Mayor. El lema de este a\u00f1o es \u201cTrasciende\u201d y propone una transformaci\u00f3n social con compromiso ambiental y desarrollo econ\u00f3mico. Colombiatex es la feria de [&hellip;]<\/p>\n","protected":false},"author":1924,"featured_media":0,"comment_status":"closed","ping_status":"closed","sticky":false,"template":"","format":"standard","meta":{"footnotes":""},"categories":[9],"tags":[],"class_list":["post-14290","post","type-post","status-publish","format-standard","hentry","category-ferias","count-0","even alt","author-adminct","last"],"_links":{"self":[{"href":"https:\/\/comunidadtextil.com\/wpnews\/wp-json\/wp\/v2\/posts\/14290","targetHints":{"allow":["GET"]}}],"collection":[{"href":"https:\/\/comunidadtextil.com\/wpnews\/wp-json\/wp\/v2\/posts"}],"about":[{"href":"https:\/\/comunidadtextil.com\/wpnews\/wp-json\/wp\/v2\/types\/post"}],"author":[{"embeddable":true,"href":"https:\/\/comunidadtextil.com\/wpnews\/wp-json\/wp\/v2\/users\/1924"}],"replies":[{"embeddable":true,"href":"https:\/\/comunidadtextil.com\/wpnews\/wp-json\/wp\/v2\/comments?post=14290"}],"version-history":[{"count":1,"href":"https:\/\/comunidadtextil.com\/wpnews\/wp-json\/wp\/v2\/posts\/14290\/revisions"}],"predecessor-version":[{"id":14291,"href":"https:\/\/comunidadtextil.com\/wpnews\/wp-json\/wp\/v2\/posts\/14290\/revisions\/14291"}],"wp:attachment":[{"href":"https:\/\/comunidadtextil.com\/wpnews\/wp-json\/wp\/v2\/media?parent=14290"}],"wp:term":[{"taxonomy":"category","embeddable":true,"href":"https:\/\/comunidadtextil.com\/wpnews\/wp-json\/wp\/v2\/categories?post=14290"},{"taxonomy":"post_tag","embeddable":true,"href":"https:\/\/comunidadtextil.com\/wpnews\/wp-json\/wp\/v2\/tags?post=14290"}],"curies":[{"name":"wp","href":"https:\/\/api.w.org\/{rel}","templated":true}]}}