{"id":14224,"date":"2023-06-13T10:39:02","date_gmt":"2023-06-13T13:39:02","guid":{"rendered":"http:\/\/comunidadtextil.com\/wpnews\/?p=14224"},"modified":"2023-06-13T10:39:02","modified_gmt":"2023-06-13T13:39:02","slug":"tres-tendencias-que-marcan-la-moda-del-proximo-ano-en-la-opinion-de-fashion-snoops","status":"publish","type":"post","link":"https:\/\/comunidadtextil.com\/wpnews\/2023\/06\/tres-tendencias-que-marcan-la-moda-del-proximo-ano-en-la-opinion-de-fashion-snoops\/","title":{"rendered":"Tres tendencias que marcan la moda del pr\u00f3ximo a\u00f1o en la opini\u00f3n de Fashion Snoops"},"content":{"rendered":"<div id=\"attachment_14214\" style=\"width: 175px\" class=\"wp-caption alignleft\"><a href=\"https:\/\/comunidadtextil.com\/wpnews\/wp-content\/uploads\/2023\/06\/Jaye-Anna-Mize-es-una-de-las-directoras-de-Fashion-Snoops.-.png\"><img loading=\"lazy\" decoding=\"async\" aria-describedby=\"caption-attachment-14214\" class=\" wp-image-14214\" src=\"https:\/\/comunidadtextil.com\/wpnews\/wp-content\/uploads\/2023\/06\/Jaye-Anna-Mize-es-una-de-las-directoras-de-Fashion-Snoops.-.png\" alt=\"\" width=\"165\" height=\"198\" srcset=\"https:\/\/comunidadtextil.com\/wpnews\/wp-content\/uploads\/2023\/06\/Jaye-Anna-Mize-es-una-de-las-directoras-de-Fashion-Snoops.-.png 208w, https:\/\/comunidadtextil.com\/wpnews\/wp-content\/uploads\/2023\/06\/Jaye-Anna-Mize-es-una-de-las-directoras-de-Fashion-Snoops.--125x150.png 125w\" sizes=\"auto, (max-width: 165px) 100vw, 165px\" \/><\/a><p id=\"caption-attachment-14214\" class=\"wp-caption-text\">Jaye Anna Mize es una de las directoras de Fashion Snoops.<\/p><\/div>\n<p>Los analistas de moda ya tienen el ojo puesto en la primavera verano 2024. Teniendo en cuenta los eventos globales, el comportamiento del consumidor y los cambios sociales, la agencia de an\u00e1lisis de tendencias de moda public\u00f3 un informe sobre lo que se viene en cuanto al color, las texturas y los modelos.<\/p>\n<p>De acuerdo al trabajo dado a conocer por Fashion Snoop, la moda del a\u00f1o venidero estar\u00e1 marcada por la b\u00fasqueda de la suavidad, la comodidad y la conexi\u00f3n con la naturaleza. \u201dTodav\u00eda sentimos mucho malestar e imprevisibilidad en todo el mundo y nos vemos obligados a buscar suavidad en nuestras propias vidas\u201d se\u00f1al\u00f3 Jaye Anna Mize, una de las directoras de la agencia.<\/p>\n<p>La suavidad buscada se ver\u00e1 reflejada en la paleta de colores del pr\u00f3ximo a\u00f1o. Seg\u00fan Mize, el protagonismo lo tendr\u00e1 la gama del azul acompa\u00f1ado por el verde aceituna, el amarillo vintage y el turquesa. Los colores tierra tambi\u00e9n se suman a la tendencia. \u201cYa no vivimos en grises, y realmente estamos empezando a ver cu\u00e1n c\u00e1lida se est\u00e1 volviendo la paleta con todos estos marrones que son como tonos de piel\u201d a\u00f1adi\u00f3 la ejecutiva.<\/p>\n<p><a href=\"https:\/\/comunidadtextil.com\/wpnews\/wp-content\/uploads\/2023\/06\/Givenchy1.jpg\"><img loading=\"lazy\" decoding=\"async\" class=\" wp-image-14215 alignright\" src=\"https:\/\/comunidadtextil.com\/wpnews\/wp-content\/uploads\/2023\/06\/Givenchy1-200x300.jpg\" alt=\"\" width=\"157\" height=\"233\" \/><\/a>Las texturas aportar\u00e1n la comodidad y la calma necesaria para lograr un estado de bienestar f\u00edsico y emocional. La industria tomar\u00e1 nota de esta tendencia y proporcionar\u00e1 las telas adecuadas. \u201cA medida que los materiales contin\u00faan movi\u00e9ndose hacia la ligereza y la facilidad, las f\u00e1bricas responden con fibras de bienestar m\u00e1s innovadoras y m\u00e1s construcciones centradas en la comodidad\u201d explic\u00f3 Mize. \u201cLos tejidos de punto se aflojan para adoptar una sensaci\u00f3n m\u00e1s ligera y flexible, mientras que otros tejidos buscan inspiraciones m\u00e1s suaves y naturales con texturas afelpadas y coloraciones nubladas\u201d agreg\u00f3.<\/p>\n<p>En el pr\u00f3ximo a\u00f1o, las fibras m\u00e1s requeridas ser\u00e1n las naturales como el algod\u00f3n y el c\u00e1\u00f1amo que se utilizar\u00e1n para producir telas m\u00e1s saludables que contengan la menor cantidad de productos qu\u00edmicos. El denim continuar\u00e1 su carrera ascendente en el gusto de los consumidores y ampliar\u00e1 su reinado en el pr\u00f3ximo verano europeo.<\/p>\n<p><a href=\"https:\/\/comunidadtextil.com\/wpnews\/wp-content\/uploads\/2023\/06\/Neutrals-Bash1.jpg\"><img loading=\"lazy\" decoding=\"async\" class=\"alignleft wp-image-14216\" src=\"https:\/\/comunidadtextil.com\/wpnews\/wp-content\/uploads\/2023\/06\/Neutrals-Bash1-240x300.jpg\" alt=\"\" width=\"172\" height=\"214\" srcset=\"https:\/\/comunidadtextil.com\/wpnews\/wp-content\/uploads\/2023\/06\/Neutrals-Bash1-240x300.jpg 240w, https:\/\/comunidadtextil.com\/wpnews\/wp-content\/uploads\/2023\/06\/Neutrals-Bash1-819x1024.jpg 819w, https:\/\/comunidadtextil.com\/wpnews\/wp-content\/uploads\/2023\/06\/Neutrals-Bash1-768x960.jpg 768w, https:\/\/comunidadtextil.com\/wpnews\/wp-content\/uploads\/2023\/06\/Neutrals-Bash1-120x150.jpg 120w, https:\/\/comunidadtextil.com\/wpnews\/wp-content\/uploads\/2023\/06\/Neutrals-Bash1.jpg 1000w\" sizes=\"auto, (max-width: 172px) 100vw, 172px\" \/><\/a>Los dise\u00f1os del 2024 estar\u00e1n inspirados en la naturaleza y el mar. Las ondas y los c\u00edrculos junto con las rayas y flores en versiones acuosas le dar\u00e1n al patr\u00f3n un flujo m\u00e1s suave para inspirar la calma y el relax. \u201cLos patrones son impulsados por efectos de tinturas al agua y motivos centrales que han sido revividos con una visi\u00f3n acuosa\u201d explic\u00f3 Mize.<\/p>\n<p>En simult\u00e1neo con la ligereza visual que aporta el mundo acu\u00e1tico, los patrones cl\u00e1sicos tambi\u00e9n tendr\u00e1n su espacio en la primavera verano 2024. El escoc\u00e9s, los cuadrados y los floreados tendr\u00e1n su reversi\u00f3n modernizada. \u201cEstamos viendo la aplicaci\u00f3n de materiales y patrones que tiene un giro de los a\u00f1os 70, pero es m\u00e1s moderno de lo que hemos visto antes. Es este hermoso encanto del viejo mundo en un estilo moderno\u201d se\u00f1al\u00f3 la especialista en tendencias.<\/p>\n<p>Mize mencion\u00f3, adem\u00e1s, que el ciclo de cambios se est\u00e1 desacelerando y, si bien seguir\u00e1n surgiendo nuevas modas, la rotaci\u00f3n entre tendencias se ha ralentizado \u201ccreando una mezcla de lo antiguo y lo nuevo\u201d.<br \/>\n&#8212;&#8212;&#8212;&#8212;&#8212;&#8212;&#8212;&#8212;&#8212;&#8212;&#8212;&#8212;&#8212;&#8212;&#8212;&#8212;&#8212;&#8212;<br \/>\nSourcing Journal \/ Comunidad Textil<\/p>\n<p>\u2014\u2014\u2014\u2014\u2014\u2014\u2014\u2014\u2014\u2014\u2014\u2014\u2014\u2014\u2014\u2014\u2014\u2014\u2014\u2014\u2014\u2014\u2014\u2014\u2014\u2014\u2014\u2014\u2014\u2014\u2014\u2014\u2014\u2014\u2014\u2014\u2014\u2014\u2014<\/p>\n<p dir=\"ltr\">Para comunicarse con ComunidadTextil: <span style=\"color: #3366ff;\"><a style=\"color: #3366ff;\" href=\"mailto:contacto@comunidadtextil.com\">contacto@comunidadtextil.com<\/a><\/span><\/p>\n<table border=\"0\" width=\"460\">\n<tbody>\n<tr>\n<td width=\"auto\"><a href=\"http:\/\/www.tikvatex.com.ar\" target=\"_blank\" rel=\"noopener\"><img loading=\"lazy\" decoding=\"async\" class=\"aligncenter\" src=\"\/publicidad\/tikvatex062020.png\" alt=\"\" width=\"300\" height=\"190\" border=\"0\" \/><\/a><\/td>\n<td width=\"auto\">\n<div align=\"center\"><a href=\"https:\/\/www.aplf.com\/fashion-access-fair-details\/\"><img loading=\"lazy\" decoding=\"async\" class=\"aligncenter\" src=\"http:\/\/cueroamerica.info\/img\/publicidad\/2023\/fa_2023-03-300x200px.gif\" alt=\"\" width=\"300\" height=\"200\" \/><\/a><\/div>\n<\/td>\n<\/tr>\n<\/tbody>\n<\/table>\n","protected":false},"excerpt":{"rendered":"<p>Los analistas de moda ya tienen el ojo puesto en la primavera verano 2024. Teniendo en cuenta los eventos globales, el comportamiento del consumidor y los cambios sociales, la agencia de an\u00e1lisis de tendencias de moda public\u00f3 un informe sobre lo que se viene en cuanto al color, las texturas y los modelos. De acuerdo [&hellip;]<\/p>\n","protected":false},"author":1924,"featured_media":0,"comment_status":"closed","ping_status":"closed","sticky":false,"template":"","format":"standard","meta":{"footnotes":""},"categories":[44],"tags":[],"class_list":["post-14224","post","type-post","status-publish","format-standard","hentry","category-tendencias","count-0","even alt","author-adminct","last"],"_links":{"self":[{"href":"https:\/\/comunidadtextil.com\/wpnews\/wp-json\/wp\/v2\/posts\/14224","targetHints":{"allow":["GET"]}}],"collection":[{"href":"https:\/\/comunidadtextil.com\/wpnews\/wp-json\/wp\/v2\/posts"}],"about":[{"href":"https:\/\/comunidadtextil.com\/wpnews\/wp-json\/wp\/v2\/types\/post"}],"author":[{"embeddable":true,"href":"https:\/\/comunidadtextil.com\/wpnews\/wp-json\/wp\/v2\/users\/1924"}],"replies":[{"embeddable":true,"href":"https:\/\/comunidadtextil.com\/wpnews\/wp-json\/wp\/v2\/comments?post=14224"}],"version-history":[{"count":4,"href":"https:\/\/comunidadtextil.com\/wpnews\/wp-json\/wp\/v2\/posts\/14224\/revisions"}],"predecessor-version":[{"id":14228,"href":"https:\/\/comunidadtextil.com\/wpnews\/wp-json\/wp\/v2\/posts\/14224\/revisions\/14228"}],"wp:attachment":[{"href":"https:\/\/comunidadtextil.com\/wpnews\/wp-json\/wp\/v2\/media?parent=14224"}],"wp:term":[{"taxonomy":"category","embeddable":true,"href":"https:\/\/comunidadtextil.com\/wpnews\/wp-json\/wp\/v2\/categories?post=14224"},{"taxonomy":"post_tag","embeddable":true,"href":"https:\/\/comunidadtextil.com\/wpnews\/wp-json\/wp\/v2\/tags?post=14224"}],"curies":[{"name":"wp","href":"https:\/\/api.w.org\/{rel}","templated":true}]}}