{"id":14182,"date":"2023-05-31T12:22:12","date_gmt":"2023-05-31T15:22:12","guid":{"rendered":"https:\/\/comunidadtextil.com\/wpnews\/?p=14182"},"modified":"2023-06-01T10:38:07","modified_gmt":"2023-06-01T13:38:07","slug":"en-sublimacion-epson-brinda-una-solucion-especifica-para-cada-tamano-de-empresa","status":"publish","type":"post","link":"https:\/\/comunidadtextil.com\/wpnews\/2023\/05\/en-sublimacion-epson-brinda-una-solucion-especifica-para-cada-tamano-de-empresa\/","title":{"rendered":"En sublimaci\u00f3n Epson brinda una soluci\u00f3n espec\u00edfica para cada tama\u00f1o de empresa"},"content":{"rendered":"<figure id=\"attachment_14188\" aria-describedby=\"caption-attachment-14188\" style=\"width: 239px\" class=\"wp-caption alignleft\"><a href=\"https:\/\/comunidadtextil.com\/wpnews\/wp-content\/uploads\/2023\/05\/F571a.jpg\"><img decoding=\"async\" class=\" wp-image-14188\" src=\"https:\/\/comunidadtextil.com\/wpnews\/wp-content\/uploads\/2023\/05\/F571a-300x153.jpg\" alt=\"\" width=\"239\" height=\"122\" srcset=\"https:\/\/comunidadtextil.com\/wpnews\/wp-content\/uploads\/2023\/05\/F571a-300x153.jpg 300w, https:\/\/comunidadtextil.com\/wpnews\/wp-content\/uploads\/2023\/05\/F571a-1024x523.jpg 1024w, https:\/\/comunidadtextil.com\/wpnews\/wp-content\/uploads\/2023\/05\/F571a-768x392.jpg 768w, https:\/\/comunidadtextil.com\/wpnews\/wp-content\/uploads\/2023\/05\/F571a-150x77.jpg 150w, https:\/\/comunidadtextil.com\/wpnews\/wp-content\/uploads\/2023\/05\/F571a.jpg 1400w\" sizes=\"(max-width: 239px) 100vw, 239px\" \/><\/a><figcaption id=\"caption-attachment-14188\" class=\"wp-caption-text\">Epson F571a.<\/figcaption><\/figure>\n<p>La empresa proveedora de equipos y tintas para impresi\u00f3n, present\u00f3 en la feria Emitex un abanico de soluciones t\u00e9cnicas para el sector textil que van desde las impresoras peque\u00f1as para emprendedores hasta equipos para grandes compa\u00f1\u00edas.<\/p>\n<p>La empresa de origen japon\u00e9s con m\u00e1s de 70 a\u00f1os en el mercado cuenta con una l\u00ednea de impresoras de gran versatilidad que cubre las necesidades de todo tipo de producci\u00f3n. Rossana Gil, senior channel manager de la compa\u00f1\u00eda, se\u00f1al\u00f3 que \u201cnuestra l\u00ednea de sublimaci\u00f3n comienza con la m\u00e1quina m\u00e1s chica, la F170 hasta y sigue con la 570 y 571 con tinta fluo\u201d<\/p>\n<p>Otra de las soluciones que ofrece Epson es la tecnolog\u00eda DTG (direct to garment) para impresi\u00f3n directa sobre prendas. \u201cComo novedad -explica Gil &#8211; hemos presentado la D7770 que es un equipo que est\u00e1 en el mercado t\u00e9cnico pero que puede utilizarse muy f\u00e1cilmente en molder\u00eda\u201d.<\/p>\n<figure id=\"attachment_14186\" aria-describedby=\"caption-attachment-14186\" style=\"width: 243px\" class=\"wp-caption alignright\"><a href=\"https:\/\/comunidadtextil.com\/wpnews\/wp-content\/uploads\/2023\/05\/Epson-presento-en-Emitex-su-modelo-Monna-Lisa-8000.-.jpg\"><img decoding=\"async\" class=\" wp-image-14186\" src=\"https:\/\/comunidadtextil.com\/wpnews\/wp-content\/uploads\/2023\/05\/Epson-presento-en-Emitex-su-modelo-Monna-Lisa-8000.--300x200.jpg\" alt=\"\" width=\"243\" height=\"162\" srcset=\"https:\/\/comunidadtextil.com\/wpnews\/wp-content\/uploads\/2023\/05\/Epson-presento-en-Emitex-su-modelo-Monna-Lisa-8000.--300x200.jpg 300w, https:\/\/comunidadtextil.com\/wpnews\/wp-content\/uploads\/2023\/05\/Epson-presento-en-Emitex-su-modelo-Monna-Lisa-8000.--150x100.jpg 150w, https:\/\/comunidadtextil.com\/wpnews\/wp-content\/uploads\/2023\/05\/Epson-presento-en-Emitex-su-modelo-Monna-Lisa-8000.-.jpg 690w\" sizes=\"(max-width: 243px) 100vw, 243px\" \/><\/a><figcaption id=\"caption-attachment-14186\" class=\"wp-caption-text\">Epson present\u00f3 en Emitex su modelo Monna Lisa 8000.<\/figcaption><\/figure>\n<p>Otro equipo que mostraron en la feria de Buenos Aires fue la R5070, \u201cun equipo de resina que permite imprimir s\u00edmil cuero y otros sustratos\u201d. En la l\u00ednea DTG, la empresa est\u00e1 ofreciendo el modelo Monna Lisa 8000 para impresiones de alta calidad.<\/p>\n<p>La ejecutiva se\u00f1al\u00f3 que \u201chay una revoluci\u00f3n en el poli\u00e9ster, especialmente en el sector deportivo que est\u00e1 en auge\u201d y resalt\u00f3 que \u201cEpson brinda la soluci\u00f3n para trabajar con esos materiales\u201d.<br \/>\n&#8212;&#8212;&#8212;&#8212;&#8212;&#8212;&#8212;&#8212;&#8212;&#8212;&#8212;-<br \/>\nComunidad Textil<\/p>\n<p>\u2014\u2014\u2014\u2014\u2014\u2014\u2014\u2014\u2014\u2014\u2014\u2014\u2014\u2014\u2014\u2014\u2014\u2014\u2014\u2014\u2014\u2014\u2014\u2014\u2014\u2014\u2014\u2014\u2014\u2014\u2014\u2014\u2014\u2014\u2014\u2014\u2014\u2014\u2014<\/p>\n<p dir=\"ltr\">Para comunicarse con ComunidadTextil: <span style=\"color: #3366ff;\"><a style=\"color: #3366ff;\" href=\"mailto:contacto@comunidadtextil.com\">contacto@comunidadtextil.com<\/a><\/span><\/p>\n<table border=\"0\" width=\"460\">\n<tbody>\n<tr>\n<td width=\"auto\"><a href=\"https:\/\/epson.com.ar\/Para-el-trabajo\/Impresoras\/Gran-Formato\/c\/w140?q=%3Aname-asc%3AdiscontinuedFlag%3Afalse%3APro+Imaging+Facets%2CProfessional+Printer+Series%3ASureColor+F%7E102Series&amp;text=#scrollTgt_onRefresh\" target=\"_blank\" rel=\"noopener\"><img fetchpriority=\"high\" decoding=\"async\" class=\"aligncenter\" src=\"\/publicidad\/2023\/2088435_epson_300x200.gif\" width=\"300\" height=\"200\" \/><br \/>\n<\/a><\/td>\n<td width=\"auto\"><a href=\"https:\/\/algoselanflandria.com.ar\/\" target=\"_blank\" rel=\"noopener\"><img decoding=\"async\" class=\"aligncenter\" src=\"https:\/\/comunidadtextil.com\/publicidad\/af-2020-300x200px.gif\" alt=\"\" width=\"auto\" height=\"auto\" border=\"0\" \/><\/a><\/td>\n<\/tr>\n<\/tbody>\n<\/table>\n","protected":false},"excerpt":{"rendered":"<p>La empresa proveedora de equipos y tintas para impresi\u00f3n, present\u00f3 en la feria Emitex un abanico de soluciones t\u00e9cnicas para el sector textil que van desde las impresoras peque\u00f1as para emprendedores hasta equipos para grandes compa\u00f1\u00edas. La empresa de origen japon\u00e9s con m\u00e1s de 70 a\u00f1os en el mercado cuenta con una l\u00ednea de impresoras [&hellip;]<\/p>\n","protected":false},"author":1924,"featured_media":0,"comment_status":"closed","ping_status":"closed","sticky":false,"template":"","format":"standard","meta":{"footnotes":""},"categories":[49],"tags":[],"class_list":["post-14182","post","type-post","status-publish","format-standard","hentry","category-empresas-negocios"],"_links":{"self":[{"href":"https:\/\/comunidadtextil.com\/wpnews\/wp-json\/wp\/v2\/posts\/14182","targetHints":{"allow":["GET"]}}],"collection":[{"href":"https:\/\/comunidadtextil.com\/wpnews\/wp-json\/wp\/v2\/posts"}],"about":[{"href":"https:\/\/comunidadtextil.com\/wpnews\/wp-json\/wp\/v2\/types\/post"}],"author":[{"embeddable":true,"href":"https:\/\/comunidadtextil.com\/wpnews\/wp-json\/wp\/v2\/users\/1924"}],"replies":[{"embeddable":true,"href":"https:\/\/comunidadtextil.com\/wpnews\/wp-json\/wp\/v2\/comments?post=14182"}],"version-history":[{"count":0,"href":"https:\/\/comunidadtextil.com\/wpnews\/wp-json\/wp\/v2\/posts\/14182\/revisions"}],"wp:attachment":[{"href":"https:\/\/comunidadtextil.com\/wpnews\/wp-json\/wp\/v2\/media?parent=14182"}],"wp:term":[{"taxonomy":"category","embeddable":true,"href":"https:\/\/comunidadtextil.com\/wpnews\/wp-json\/wp\/v2\/categories?post=14182"},{"taxonomy":"post_tag","embeddable":true,"href":"https:\/\/comunidadtextil.com\/wpnews\/wp-json\/wp\/v2\/tags?post=14182"}],"curies":[{"name":"wp","href":"https:\/\/api.w.org\/{rel}","templated":true}]}}