{"id":13878,"date":"2023-04-11T10:01:06","date_gmt":"2023-04-11T13:01:06","guid":{"rendered":"http:\/\/comunidadtextil.com\/wpnews\/?p=13878"},"modified":"2023-04-11T13:56:00","modified_gmt":"2023-04-11T16:56:00","slug":"emitex-del-25-al-27-de-abril-diversifica-su-oferta-con-mas-espacio-y-nuevos-expositores","status":"publish","type":"post","link":"https:\/\/comunidadtextil.com\/wpnews\/2023\/04\/emitex-del-25-al-27-de-abril-diversifica-su-oferta-con-mas-espacio-y-nuevos-expositores\/","title":{"rendered":"EMITEX, del 25 al 27 de abril, diversifica su oferta con m\u00e1s espacio y nuevos expositores"},"content":{"rendered":"<p><a href=\"https:\/\/comunidadtextil.com\/wpnews\/wp-content\/uploads\/2023\/04\/Cottonel-.jpg\"><img loading=\"lazy\" decoding=\"async\" class=\"wp-image-13853 alignleft\" src=\"https:\/\/comunidadtextil.com\/wpnews\/wp-content\/uploads\/2023\/04\/Cottonel--300x225.jpg\" alt=\"\" width=\"246\" height=\"186\" srcset=\"https:\/\/comunidadtextil.com\/wpnews\/wp-content\/uploads\/2023\/04\/Cottonel--300x225.jpg 300w, https:\/\/comunidadtextil.com\/wpnews\/wp-content\/uploads\/2023\/04\/Cottonel--1024x768.jpg 1024w, https:\/\/comunidadtextil.com\/wpnews\/wp-content\/uploads\/2023\/04\/Cottonel--768x576.jpg 768w, https:\/\/comunidadtextil.com\/wpnews\/wp-content\/uploads\/2023\/04\/Cottonel--1536x1152.jpg 1536w, https:\/\/comunidadtextil.com\/wpnews\/wp-content\/uploads\/2023\/04\/Cottonel--150x113.jpg 150w, https:\/\/comunidadtextil.com\/wpnews\/wp-content\/uploads\/2023\/04\/Cottonel-.jpg 2000w\" sizes=\"auto, (max-width: 246px) 100vw, 246px\" \/><\/a>La exposici\u00f3n referente indiscutida para los confeccionistas, profesionales y empresarios de la industria textil de Argentina tendr\u00e1 su pr\u00f3xima edici\u00f3n del 25 al 27 de abril 2023, en el Centro Costa Salguero de la ciudad de Buenos Aires, Argentina. Durante tres d\u00edas, el gran encuentro del sector textil, la vidriera de las \u00faltimas tendencias y avances de la industria, contar\u00e1 con m\u00e1s de 100 empresas expositoras y la visita de 9.000 profesionales y compradores.<\/p>\n<p>Las empresas expositoras exhibir\u00e1n fibras elastom\u00e9ricas, telas planas, av\u00edos, tejidos de punto, m\u00e1quinas de estampaci\u00f3n digital, plotters para tizada y robots de corte, adem\u00e1s de servicios para la confecci\u00f3n. As\u00ed, Emitex 2023 se convertir\u00e1 en el escenario ideal para que los confeccionistas puedan generar nuevos contactos y obtener informaci\u00f3n imprescindible acerca de d\u00f3nde abastecerse para sus pr\u00f3ximas colecciones.<\/p>\n<p><a href=\"https:\/\/comunidadtextil.com\/wpnews\/wp-content\/uploads\/2023\/04\/Nico-Buttons-.jpg\"><img loading=\"lazy\" decoding=\"async\" class=\"wp-image-13862 alignright\" src=\"https:\/\/comunidadtextil.com\/wpnews\/wp-content\/uploads\/2023\/04\/Nico-Buttons--300x225.jpg\" alt=\"\" width=\"245\" height=\"185\" srcset=\"https:\/\/comunidadtextil.com\/wpnews\/wp-content\/uploads\/2023\/04\/Nico-Buttons--300x225.jpg 300w, https:\/\/comunidadtextil.com\/wpnews\/wp-content\/uploads\/2023\/04\/Nico-Buttons--1024x768.jpg 1024w, https:\/\/comunidadtextil.com\/wpnews\/wp-content\/uploads\/2023\/04\/Nico-Buttons--768x576.jpg 768w, https:\/\/comunidadtextil.com\/wpnews\/wp-content\/uploads\/2023\/04\/Nico-Buttons--1536x1152.jpg 1536w, https:\/\/comunidadtextil.com\/wpnews\/wp-content\/uploads\/2023\/04\/Nico-Buttons--150x113.jpg 150w, https:\/\/comunidadtextil.com\/wpnews\/wp-content\/uploads\/2023\/04\/Nico-Buttons-.jpg 2000w\" sizes=\"auto, (max-width: 245px) 100vw, 245px\" \/><\/a>Seg\u00fan Andrea Lippi, directora de Emitex, \u201cen esta edici\u00f3n pusimos especial empe\u00f1o en diversificar la oferta de los expositores convocando a mayor cantidad de empresas de av\u00edos y de tejidos, que no participan habitualmente\u201d. La ejecutiva asegur\u00f3 que \u201clos visitantes encontrar\u00e1n, adem\u00e1s de los \u00faltimos desarrollos de los expositores que todos los a\u00f1os participan, m\u00e1s de veinte proveedores nuevos que enriquecer\u00e1n el abanico de productos\u201d.<\/p>\n<p>Lippi tambi\u00e9n destac\u00f3 que \u201cel sector del denim, que es muy importante dentro de la industria y merece un espacio de intercambio propio, en esta edici\u00f3n inauguraremos la DENIM STATION\u201d. En este espacio, a trav\u00e9s de las distintas estaciones se explorar\u00e1n las innovaciones fundamentales que se deben conocer e incluir en el abordaje de una colecci\u00f3n de jeanswear\u201d,<\/p>\n<p><a href=\"https:\/\/comunidadtextil.com\/wpnews\/wp-content\/uploads\/2023\/04\/5-Emitex-2023-9.jpg\"><img loading=\"lazy\" decoding=\"async\" class=\"alignleft wp-image-13849 \" src=\"https:\/\/comunidadtextil.com\/wpnews\/wp-content\/uploads\/2023\/04\/5-Emitex-2023-9-300x199.jpg\" alt=\"\" width=\"246\" height=\"165\" \/><\/a>DENIM STATION fue creado especialmente para mostrar la importancia del segmento denim wear tanto en la moda como en la industria. A trav\u00e9s de un recorrido circular, estaci\u00f3n por estaci\u00f3n, se podr\u00e1 conocer, ver y aprender sobre el circuito productivo y de dise\u00f1o del Jeanswear, que incluye telas, realizaci\u00f3n de la prenda, lavados, tendencia y dise\u00f1o y reciclado: desde la fibra hasta el producto terminado, todos los eslabones que participan en la compleja y apasionante cadena de valor.<\/p>\n<p>Comunidad Textil estar\u00e1 presente en el stand 3G-69 para recibir a sus lectores de toda Am\u00e9rica latina.<\/p>\n<p>Quienes deseen asistir a Emitex 2023, ya pueden pre acreditarse en la web de la exposici\u00f3n. All\u00ed deber\u00e1n completar un formulario con sus datos y, una vez finalizado el proceso, recibir\u00e1n una confirmaci\u00f3n que deben presentar en el ingreso de la exposici\u00f3n, junto con el DNI.<\/p>\n<p>La web para registrase es: https:\/\/emitex.ar.messefrankfurt.com\/buenosaires\/es\/acreditacion.html La acreditaci\u00f3n tambi\u00e9n puede hacerse de forma presencial durante los d\u00edas que se realice la exposici\u00f3n.<\/p>\n<p><strong><u><a href=\"https:\/\/comunidadtextil.com\/wpnews\/wp-content\/uploads\/2023\/04\/2-Emitex-2023-2.jpg\"><img loading=\"lazy\" decoding=\"async\" class=\" wp-image-13848 alignright\" src=\"https:\/\/comunidadtextil.com\/wpnews\/wp-content\/uploads\/2023\/04\/2-Emitex-2023-2-300x199.jpg\" alt=\"\" width=\"246\" height=\"165\" \/><\/a>Datos Clave:<\/u><\/strong><br \/>\nFeria: Emitex 2023<br \/>\nSe exhibir\u00e1: fibras elastom\u00e9ricas, hilados, telas planas, av\u00edos, tejidos de punto, diversas m\u00e1quinas entre ellas de coser, de estampaci\u00f3n digital, plotters para tizada, robots de corte, etc., diversos servicios para la industria de la confecci\u00f3n.<br \/>\nFecha: Del martes 25 al jueves 27 de abril de 2023<br \/>\nHorario: De 14 a 20 hs<br \/>\nLugar: Centro Costa Salguero de Buenos Aires, Argentina<br \/>\nOrganizador: Messe Frankfurt Argentina S.A.<\/p>\n<p>\u2014\u2014\u2014\u2014\u2014\u2014\u2014\u2014\u2014\u2014\u2014\u2014\u2014\u2014\u2014\u2014\u2014\u2014\u2014\u2014\u2014\u2014\u2014\u2014\u2014\u2014\u2014\u2014\u2014\u2014\u2014\u2014\u2014\u2014\u2014\u2014\u2014\u2014\u2014<\/p>\n<p dir=\"ltr\">Para comunicarse con ComunidadTextil: <span style=\"color: #3366ff;\"><a style=\"color: #3366ff;\" href=\"mailto:contacto@comunidadtextil.com\">contacto@comunidadtextil.com<\/a><\/span><\/p>\n<table border=\"0\" width=\"460\">\n<tbody>\n<tr>\n<td width=\"auto\"><a href=\"https:\/\/epson.com.ar\/Para-el-trabajo\/Impresoras\/Gran-Formato\/c\/w140?q=%3Aname-asc%3AdiscontinuedFlag%3Afalse%3APro+Imaging+Facets%2CProfessional+Printer+Series%3ASureColor+F%7E102Series&amp;text=#scrollTgt_onRefresh\" target=\"_blank\" rel=\"noopener\"><img decoding=\"async\" class=\"aligncenter\" src=\"\/publicidad\/2022\/epson_lfp-300x200.gif\" alt=\"\" width=\"290\" height=\"auto\" \/><\/a><\/td>\n<td width=\"auto\"><a href=\"https:\/\/emitex.ar.messefrankfurt.com\/buenosaires\/es.html\" target=\"_blank\" rel=\"noopener\"><img decoding=\"async\" class=\"aligncenter\" src=\"http:\/\/comunidadtextil.com\/publicidad\/2023\/23_04_emitex_xs.png\" alt=\"\" width=\"auto\" height=\"auto\" border=\"0\" \/><\/a><\/td>\n<\/tr>\n<\/tbody>\n<\/table>\n","protected":false},"excerpt":{"rendered":"<p>La exposici\u00f3n referente indiscutida para los confeccionistas, profesionales y empresarios de la industria textil de Argentina tendr\u00e1 su pr\u00f3xima edici\u00f3n del 25 al 27 de abril 2023, en el Centro Costa Salguero de la ciudad de Buenos Aires, Argentina. Durante tres d\u00edas, el gran encuentro del sector textil, la vidriera de las \u00faltimas tendencias y [&hellip;]<\/p>\n","protected":false},"author":1924,"featured_media":0,"comment_status":"closed","ping_status":"closed","sticky":false,"template":"","format":"standard","meta":{"footnotes":""},"categories":[8,50],"tags":[],"class_list":["post-13878","post","type-post","status-publish","format-standard","hentry","category-argentina","category-ferias-proximas","count-0","even alt","author-adminct","last"],"_links":{"self":[{"href":"https:\/\/comunidadtextil.com\/wpnews\/wp-json\/wp\/v2\/posts\/13878","targetHints":{"allow":["GET"]}}],"collection":[{"href":"https:\/\/comunidadtextil.com\/wpnews\/wp-json\/wp\/v2\/posts"}],"about":[{"href":"https:\/\/comunidadtextil.com\/wpnews\/wp-json\/wp\/v2\/types\/post"}],"author":[{"embeddable":true,"href":"https:\/\/comunidadtextil.com\/wpnews\/wp-json\/wp\/v2\/users\/1924"}],"replies":[{"embeddable":true,"href":"https:\/\/comunidadtextil.com\/wpnews\/wp-json\/wp\/v2\/comments?post=13878"}],"version-history":[{"count":5,"href":"https:\/\/comunidadtextil.com\/wpnews\/wp-json\/wp\/v2\/posts\/13878\/revisions"}],"predecessor-version":[{"id":13920,"href":"https:\/\/comunidadtextil.com\/wpnews\/wp-json\/wp\/v2\/posts\/13878\/revisions\/13920"}],"wp:attachment":[{"href":"https:\/\/comunidadtextil.com\/wpnews\/wp-json\/wp\/v2\/media?parent=13878"}],"wp:term":[{"taxonomy":"category","embeddable":true,"href":"https:\/\/comunidadtextil.com\/wpnews\/wp-json\/wp\/v2\/categories?post=13878"},{"taxonomy":"post_tag","embeddable":true,"href":"https:\/\/comunidadtextil.com\/wpnews\/wp-json\/wp\/v2\/tags?post=13878"}],"curies":[{"name":"wp","href":"https:\/\/api.w.org\/{rel}","templated":true}]}}