{"id":13819,"date":"2023-03-28T10:14:32","date_gmt":"2023-03-28T13:14:32","guid":{"rendered":"http:\/\/comunidadtextil.com\/wpnews\/?p=13819"},"modified":"2023-03-28T10:14:52","modified_gmt":"2023-03-28T13:14:52","slug":"la-industria-textil-global-en-un-momento-de-baja-demanda-pero-con-buenas-perspectivas","status":"publish","type":"post","link":"https:\/\/comunidadtextil.com\/wpnews\/2023\/03\/la-industria-textil-global-en-un-momento-de-baja-demanda-pero-con-buenas-perspectivas\/","title":{"rendered":"La industria textil global en un momento de baja demanda pero con buenas perspectivas"},"content":{"rendered":"<p><a href=\"https:\/\/comunidadtextil.com\/wpnews\/wp-content\/uploads\/2023\/03\/41353318-2301385.jpg\"><img loading=\"lazy\" decoding=\"async\" class=\"alignleft  wp-image-13801\" src=\"https:\/\/comunidadtextil.com\/wpnews\/wp-content\/uploads\/2023\/03\/41353318-2301385-300x197.jpg\" alt=\"\" width=\"246\" height=\"163\" srcset=\"https:\/\/comunidadtextil.com\/wpnews\/wp-content\/uploads\/2023\/03\/41353318-2301385-300x197.jpg 300w, https:\/\/comunidadtextil.com\/wpnews\/wp-content\/uploads\/2023\/03\/41353318-2301385-150x98.jpg 150w\" sizes=\"auto, (max-width: 246px) 100vw, 246px\" \/><\/a>Seg\u00fan la International Textile Manufacturers Federation (ITMF), la inflaci\u00f3n gener\u00f3 una ca\u00edda en la demanda de los consumidores, desde fines de 2021. A\u00fan la 18\u00b0 encuesta global de la industria textil, elaborada por la entidad mundial, dice que \u201clos fabricantes estiman que la situaci\u00f3n se revertir\u00e1 a mitad de a\u00f1o\u201d.<\/p>\n<p>El estudio elaborado anualmente por ITMF, marca que desde noviembre de 2021 las \u00f3rdenes de compra de las empresas est\u00e1n en constante disminuci\u00f3n. Destaca que en enero de 2023, los indicadores siguen siendo negativos, a excepci\u00f3n de Norte y Centro Am\u00e9rica en la categor\u00eda fibras. Sostiene que luego de una demanda alta por parte de las empresas, los pedidos cayeron o directamente han sido cancelados.<\/p>\n<p><a href=\"https:\/\/comunidadtextil.com\/wpnews\/wp-content\/uploads\/2023\/03\/Confecciones-.jpg\"><img loading=\"lazy\" decoding=\"async\" class=\" wp-image-13802 alignright\" src=\"https:\/\/comunidadtextil.com\/wpnews\/wp-content\/uploads\/2023\/03\/Confecciones--300x190.jpg\" alt=\"\" width=\"233\" height=\"149\" srcset=\"https:\/\/comunidadtextil.com\/wpnews\/wp-content\/uploads\/2023\/03\/Confecciones--300x190.jpg 300w, https:\/\/comunidadtextil.com\/wpnews\/wp-content\/uploads\/2023\/03\/Confecciones--150x95.jpg 150w, https:\/\/comunidadtextil.com\/wpnews\/wp-content\/uploads\/2023\/03\/Confecciones-.jpg 710w\" sizes=\"auto, (max-width: 233px) 100vw, 233px\" \/><\/a>\u201cCuando se eliminaron las restricciones producto de la pandemia, los consumidores comenzaron a usar el dinero que no hab\u00edan podido gastar durante el confinamiento. Esto llev\u00f3 a que las empresas aumentaran fuertemente sus stocks para responder a la demanda\u201d. Pero considera que con el aumento de la inflaci\u00f3n, especialmente luego de la guerra en Ucrania, el consumo cay\u00f3 y las empresas quedaron con gran cantidad de mercader\u00eda en sus dep\u00f3sitos.<\/p>\n<p>El informe asegura que los primeros meses de este a\u00f1o se perfilan como una etapa de bajo consumo y menor cantidad de \u00f3rdenes de compra por parte de las compa\u00f1\u00edas. Sin embargo, los empresarios tienen buenas expectativas para el segundo semestre, explica.<\/p>\n<p><a href=\"https:\/\/comunidadtextil.com\/wpnews\/wp-content\/uploads\/2023\/03\/descarga-2.jpg\"><img loading=\"lazy\" decoding=\"async\" class=\"alignleft  wp-image-13803\" src=\"https:\/\/comunidadtextil.com\/wpnews\/wp-content\/uploads\/2023\/03\/descarga-2.jpg\" alt=\"\" width=\"221\" height=\"166\" srcset=\"https:\/\/comunidadtextil.com\/wpnews\/wp-content\/uploads\/2023\/03\/descarga-2.jpg 260w, https:\/\/comunidadtextil.com\/wpnews\/wp-content\/uploads\/2023\/03\/descarga-2-150x112.jpg 150w\" sizes=\"auto, (max-width: 221px) 100vw, 221px\" \/><\/a>El trabajo de ITMF estima que, en primer lugar, la situaci\u00f3n energ\u00e9tica mejorar\u00e1 porque el invierno europeo no fue tan crudo y el precio de los combustibles volver\u00e1n a los niveles previos a la guerra, arriesga. En segundo t\u00e9rmino, dice que el levantamiento de las restricciones de circulaci\u00f3n en China fortalecer\u00e1 la demanda de productos en ese pa\u00eds. Adem\u00e1s, los encuestados creen que la econom\u00eda global crecer\u00e1 m\u00e1s de lo esperado y que esto beneficiar\u00e1 a la industria textil.<br \/>\n&#8212;&#8212;&#8212;&#8212;&#8212;&#8212;&#8212;&#8212;&#8212;&#8212;&#8212;&#8212;&#8212;&#8212;-<br \/>\nITMF \/ Comunidad Textil<\/p>\n<p>\u2014\u2014\u2014\u2014\u2014\u2014\u2014\u2014\u2014\u2014\u2014\u2014\u2014\u2014\u2014\u2014\u2014\u2014\u2014\u2014\u2014\u2014\u2014\u2014\u2014\u2014\u2014\u2014\u2014\u2014\u2014\u2014\u2014\u2014\u2014\u2014\u2014\u2014\u2014<\/p>\n<p dir=\"ltr\">Para comunicarse con ComunidadTextil: <span style=\"color: #3366ff;\"><a style=\"color: #3366ff;\" href=\"mailto:contacto@comunidadtextil.com\">contacto@comunidadtextil.com<\/a><\/span><\/p>\n<table border=\"0\" width=\"460\">\n<tbody>\n<tr>\n<td width=\"auto\"><a href=\"https:\/\/epson.com.ar\/Para-el-trabajo\/Impresoras\/Gran-Formato\/c\/w140?q=%3Aname-asc%3AdiscontinuedFlag%3Afalse%3APro+Imaging+Facets%2CProfessional+Printer+Series%3ASureColor+F%7E102Series&amp;text=#scrollTgt_onRefresh\" target=\"_blank\" rel=\"noopener\"><img decoding=\"async\" class=\"aligncenter\" src=\"\/publicidad\/2022\/epson_lfp-300x200.gif\" alt=\"\" width=\"290\" height=\"auto\" \/><\/a><\/td>\n<td width=\"auto\"><a href=\"http:\/\/www.tikvatex.com.ar\" target=\"_blank\" rel=\"noopener\"><img decoding=\"async\" class=\"aligncenter\" src=\"\/publicidad\/tikvatex062020.png\" alt=\"\" width=\"290\" height=\"auto\" border=\"0\" \/><\/a><\/td>\n<\/tr>\n<\/tbody>\n<\/table>\n","protected":false},"excerpt":{"rendered":"<p>Seg\u00fan la International Textile Manufacturers Federation (ITMF), la inflaci\u00f3n gener\u00f3 una ca\u00edda en la demanda de los consumidores, desde fines de 2021. A\u00fan la 18\u00b0 encuesta global de la industria textil, elaborada por la entidad mundial, dice que \u201clos fabricantes estiman que la situaci\u00f3n se revertir\u00e1 a mitad de a\u00f1o\u201d. El estudio elaborado anualmente por [&hellip;]<\/p>\n","protected":false},"author":1924,"featured_media":0,"comment_status":"closed","ping_status":"closed","sticky":false,"template":"","format":"standard","meta":{"footnotes":""},"categories":[43,57],"tags":[],"class_list":["post-13819","post","type-post","status-publish","format-standard","hentry","category-industria","category-mercados","count-0","even alt","author-adminct","last"],"_links":{"self":[{"href":"https:\/\/comunidadtextil.com\/wpnews\/wp-json\/wp\/v2\/posts\/13819","targetHints":{"allow":["GET"]}}],"collection":[{"href":"https:\/\/comunidadtextil.com\/wpnews\/wp-json\/wp\/v2\/posts"}],"about":[{"href":"https:\/\/comunidadtextil.com\/wpnews\/wp-json\/wp\/v2\/types\/post"}],"author":[{"embeddable":true,"href":"https:\/\/comunidadtextil.com\/wpnews\/wp-json\/wp\/v2\/users\/1924"}],"replies":[{"embeddable":true,"href":"https:\/\/comunidadtextil.com\/wpnews\/wp-json\/wp\/v2\/comments?post=13819"}],"version-history":[{"count":4,"href":"https:\/\/comunidadtextil.com\/wpnews\/wp-json\/wp\/v2\/posts\/13819\/revisions"}],"predecessor-version":[{"id":13823,"href":"https:\/\/comunidadtextil.com\/wpnews\/wp-json\/wp\/v2\/posts\/13819\/revisions\/13823"}],"wp:attachment":[{"href":"https:\/\/comunidadtextil.com\/wpnews\/wp-json\/wp\/v2\/media?parent=13819"}],"wp:term":[{"taxonomy":"category","embeddable":true,"href":"https:\/\/comunidadtextil.com\/wpnews\/wp-json\/wp\/v2\/categories?post=13819"},{"taxonomy":"post_tag","embeddable":true,"href":"https:\/\/comunidadtextil.com\/wpnews\/wp-json\/wp\/v2\/tags?post=13819"}],"curies":[{"name":"wp","href":"https:\/\/api.w.org\/{rel}","templated":true}]}}