{"id":13625,"date":"2023-02-09T12:38:24","date_gmt":"2023-02-09T15:38:24","guid":{"rendered":"http:\/\/comunidadtextil.com\/wpnews\/?p=13625"},"modified":"2023-02-09T12:38:24","modified_gmt":"2023-02-09T15:38:24","slug":"la-edicion-35-de-colombiatex-genero-record-de-visitantes-y-us-6m-por-ventas-en-la-feria","status":"publish","type":"post","link":"https:\/\/comunidadtextil.com\/wpnews\/2023\/02\/la-edicion-35-de-colombiatex-genero-record-de-visitantes-y-us-6m-por-ventas-en-la-feria\/","title":{"rendered":"La edici\u00f3n 35 de Colombiatex gener\u00f3 r\u00e9cord de visitantes y US$ 6M por ventas en la feria"},"content":{"rendered":"<p>La \u00faltima edici\u00f3n del sal\u00f3n de la industria textil y confecci\u00f3n Colombiatex se llev\u00f3 a cabo entre el 24 y 26 de enero en Plaza Mayor, Medell\u00edn, Colombia. El evento dedicado a la industria textil recibi\u00f3 a m\u00e1s de 27.000 visitantes, cifra un 11% mayor que la edici\u00f3n de 2020. De los 18.000 compradores, unos 2.000 llegaron de pa\u00edses como Ecuador, Per\u00fa, M\u00e9xico, Estados Unidos y Venezuela.<\/p>\n<table>\n<tbody>\n<tr>\n<td><a href=\"https:\/\/comunidadtextil.com\/wpnews\/wp-content\/uploads\/2023\/02\/Colombiatex-2022-_3.jpg\"><img loading=\"lazy\" decoding=\"async\" class=\"size-medium wp-image-13609 aligncenter\" src=\"https:\/\/comunidadtextil.com\/wpnews\/wp-content\/uploads\/2023\/02\/Colombiatex-2022-_3-300x200.jpg\" alt=\"\" width=\"300\" height=\"200\" srcset=\"https:\/\/comunidadtextil.com\/wpnews\/wp-content\/uploads\/2023\/02\/Colombiatex-2022-_3-300x200.jpg 300w, https:\/\/comunidadtextil.com\/wpnews\/wp-content\/uploads\/2023\/02\/Colombiatex-2022-_3-768x512.jpg 768w, https:\/\/comunidadtextil.com\/wpnews\/wp-content\/uploads\/2023\/02\/Colombiatex-2022-_3-150x100.jpg 150w, https:\/\/comunidadtextil.com\/wpnews\/wp-content\/uploads\/2023\/02\/Colombiatex-2022-_3.jpg 1000w\" sizes=\"auto, (max-width: 300px) 100vw, 300px\" \/><\/a><\/td>\n<td><a href=\"https:\/\/comunidadtextil.com\/wpnews\/wp-content\/uploads\/2023\/02\/colombiatex23A-.jpg\"><img loading=\"lazy\" decoding=\"async\" class=\" wp-image-13612 aligncenter\" src=\"https:\/\/comunidadtextil.com\/wpnews\/wp-content\/uploads\/2023\/02\/colombiatex23A--300x232.jpg\" alt=\"\" width=\"259\" height=\"200\" srcset=\"https:\/\/comunidadtextil.com\/wpnews\/wp-content\/uploads\/2023\/02\/colombiatex23A--300x232.jpg 300w, https:\/\/comunidadtextil.com\/wpnews\/wp-content\/uploads\/2023\/02\/colombiatex23A--768x593.jpg 768w, https:\/\/comunidadtextil.com\/wpnews\/wp-content\/uploads\/2023\/02\/colombiatex23A--150x116.jpg 150w, https:\/\/comunidadtextil.com\/wpnews\/wp-content\/uploads\/2023\/02\/colombiatex23A-.jpg 800w\" sizes=\"auto, (max-width: 259px) 100vw, 259px\" \/><\/a><\/td>\n<\/tr>\n<\/tbody>\n<\/table>\n<p>Por otra parte, seg\u00fan datos aportados por ProColombia, el reporte parcial de ventas inmediatas arroj\u00f3 un volumen de negocios de US$ 6 millones. \u201cColombiatex de las Am\u00e9ricas 2023 reflej\u00f3 el dinamismo y potencial de crecimiento de la industria de la moda, ratificando a nuestro pa\u00eds como epicentro de conocimiento y relacionamiento de toda su cadena de valor. Somos testigos que estas plataformas conectan a Colombia con nuevos mercados, propiciando nuevas oportunidades de negocios\u201d se\u00f1al\u00f3 durante el cierre de la feria Sebasti\u00e1n Diez, presidente ejecutivo de Inexmoda.<\/p>\n<p>Esta edici\u00f3n de Colombiatex puso el foco en la producci\u00f3n circular y la sostenibilidad. Inexmoda, organizadora del evento, inform\u00f3 en un comunicado que \u201clos empresarios del Sistema Moda reflejaron la importancia de la \u2018Consciencia Circular\u2019 en la industria, a trav\u00e9s de procesos y pr\u00e1cticas cada vez m\u00e1s sostenibles, como: agua limpia y saneamiento, energ\u00eda asequible y no contaminante, producci\u00f3n y consumo responsable, entre otras\u201d. La entidad agreg\u00f3 que sector \u201cLa Ruta de la Sostenibilidad, cont\u00f3 con la participaci\u00f3n de 85 empresas expositoras, que destacaron sus innovaciones y aporte en el cuidado del medioambiente\u201d.<\/p>\n<table>\n<tbody>\n<tr>\n<td><a href=\"https:\/\/comunidadtextil.com\/wpnews\/wp-content\/uploads\/2023\/02\/Colombiatex-2022-_4-.jpg\"><img loading=\"lazy\" decoding=\"async\" class=\"wp-image-13610 aligncenter\" src=\"https:\/\/comunidadtextil.com\/wpnews\/wp-content\/uploads\/2023\/02\/Colombiatex-2022-_4--300x225.jpg\" alt=\"\" width=\"224\" height=\"169\" srcset=\"https:\/\/comunidadtextil.com\/wpnews\/wp-content\/uploads\/2023\/02\/Colombiatex-2022-_4--300x225.jpg 300w, https:\/\/comunidadtextil.com\/wpnews\/wp-content\/uploads\/2023\/02\/Colombiatex-2022-_4--150x113.jpg 150w, https:\/\/comunidadtextil.com\/wpnews\/wp-content\/uploads\/2023\/02\/Colombiatex-2022-_4-.jpg 700w\" sizes=\"auto, (max-width: 224px) 100vw, 224px\" \/><\/a><\/td>\n<td><a href=\"https:\/\/comunidadtextil.com\/wpnews\/wp-content\/uploads\/2023\/02\/colombiatex22-1.jpg\"><img loading=\"lazy\" decoding=\"async\" class=\"size-medium wp-image-13611 aligncenter\" src=\"https:\/\/comunidadtextil.com\/wpnews\/wp-content\/uploads\/2023\/02\/colombiatex22-1-300x169.jpg\" alt=\"\" width=\"300\" height=\"169\" srcset=\"https:\/\/comunidadtextil.com\/wpnews\/wp-content\/uploads\/2023\/02\/colombiatex22-1-300x169.jpg 300w, https:\/\/comunidadtextil.com\/wpnews\/wp-content\/uploads\/2023\/02\/colombiatex22-1-1024x576.jpg 1024w, https:\/\/comunidadtextil.com\/wpnews\/wp-content\/uploads\/2023\/02\/colombiatex22-1-768x432.jpg 768w, https:\/\/comunidadtextil.com\/wpnews\/wp-content\/uploads\/2023\/02\/colombiatex22-1-150x84.jpg 150w, https:\/\/comunidadtextil.com\/wpnews\/wp-content\/uploads\/2023\/02\/colombiatex22-1.jpg 1280w\" sizes=\"auto, (max-width: 300px) 100vw, 300px\" \/><\/a><\/td>\n<\/tr>\n<\/tbody>\n<\/table>\n<p>Durante la feria tambi\u00e9n hubo 15 conferencias sobre moda y tendencias y se present\u00f3 la biblioteca de materiales con innovadoras telas sostenibles. En el Pabell\u00f3n del Conocimiento se brindaron 27 charlas donde expertos del rubro dieron a conocer las novedades de la industria. La pr\u00f3xima edici\u00f3n de ColombiaTex se llevar\u00e1 a cabo del 25 al 27 de julio de este a\u00f1o.<br \/>\n&#8212;&#8212;&#8212;&#8212;&#8212;&#8212;&#8212;&#8212;&#8212;&#8212;&#8212;&#8212;&#8212;&#8212;&#8212;&#8212;&#8211;<br \/>\nFashion United \/ Comunidad Textil<\/p>\n<p>\u2014\u2014\u2014\u2014\u2014\u2014\u2014\u2014\u2014\u2014\u2014\u2014\u2014\u2014\u2014\u2014\u2014\u2014\u2014\u2014\u2014\u2014\u2014\u2014\u2014\u2014\u2014\u2014\u2014\u2014\u2014\u2014\u2014\u2014\u2014\u2014\u2014\u2014\u2014<\/p>\n<p dir=\"ltr\">Para comunicarse con ComunidadTextil: <span style=\"color: #3366ff;\"><a style=\"color: #3366ff;\" href=\"mailto:contacto@comunidadtextil.com\">contacto@comunidadtextil.com<\/a><\/span><\/p>\n<table border=\"0\" width=\"460\">\n<tbody>\n<tr>\n<td width=\"300\"><a href=\"http:\/\/www.tikvatex.com.ar\" target=\"_blank\" rel=\"noopener\"><img loading=\"lazy\" decoding=\"async\" class=\"aligncenter\" src=\"\/publicidad\/tikvatex062020.png\" alt=\"\" width=\"300\" height=\"190\" border=\"0\" \/><\/a><\/td>\n<td width=\"171\"><a href=\"https:\/\/www.fashionaccess.aplf.com\/en-us\/\" target=\"_blank\" rel=\"noopener\"><img loading=\"lazy\" decoding=\"async\" class=\"aligncenter\" src=\"\/publicidad\/2022\/FA_2023_banner_300x200px.png\" alt=\"\" width=\"300\" height=\"200\" \/><\/a><\/td>\n<\/tr>\n<\/tbody>\n<\/table>\n","protected":false},"excerpt":{"rendered":"<p>La \u00faltima edici\u00f3n del sal\u00f3n de la industria textil y confecci\u00f3n Colombiatex se llev\u00f3 a cabo entre el 24 y 26 de enero en Plaza Mayor, Medell\u00edn, Colombia. El evento dedicado a la industria textil recibi\u00f3 a m\u00e1s de 27.000 visitantes, cifra un 11% mayor que la edici\u00f3n de 2020. De los 18.000 compradores, unos [&hellip;]<\/p>\n","protected":false},"author":1924,"featured_media":0,"comment_status":"closed","ping_status":"closed","sticky":false,"template":"","format":"standard","meta":{"footnotes":""},"categories":[51],"tags":[],"class_list":["post-13625","post","type-post","status-publish","format-standard","hentry","category-ferias-realizadas","count-0","even alt","author-adminct","last"],"_links":{"self":[{"href":"https:\/\/comunidadtextil.com\/wpnews\/wp-json\/wp\/v2\/posts\/13625","targetHints":{"allow":["GET"]}}],"collection":[{"href":"https:\/\/comunidadtextil.com\/wpnews\/wp-json\/wp\/v2\/posts"}],"about":[{"href":"https:\/\/comunidadtextil.com\/wpnews\/wp-json\/wp\/v2\/types\/post"}],"author":[{"embeddable":true,"href":"https:\/\/comunidadtextil.com\/wpnews\/wp-json\/wp\/v2\/users\/1924"}],"replies":[{"embeddable":true,"href":"https:\/\/comunidadtextil.com\/wpnews\/wp-json\/wp\/v2\/comments?post=13625"}],"version-history":[{"count":2,"href":"https:\/\/comunidadtextil.com\/wpnews\/wp-json\/wp\/v2\/posts\/13625\/revisions"}],"predecessor-version":[{"id":13627,"href":"https:\/\/comunidadtextil.com\/wpnews\/wp-json\/wp\/v2\/posts\/13625\/revisions\/13627"}],"wp:attachment":[{"href":"https:\/\/comunidadtextil.com\/wpnews\/wp-json\/wp\/v2\/media?parent=13625"}],"wp:term":[{"taxonomy":"category","embeddable":true,"href":"https:\/\/comunidadtextil.com\/wpnews\/wp-json\/wp\/v2\/categories?post=13625"},{"taxonomy":"post_tag","embeddable":true,"href":"https:\/\/comunidadtextil.com\/wpnews\/wp-json\/wp\/v2\/tags?post=13625"}],"curies":[{"name":"wp","href":"https:\/\/api.w.org\/{rel}","templated":true}]}}