{"id":13581,"date":"2023-02-02T10:56:24","date_gmt":"2023-02-02T13:56:24","guid":{"rendered":"http:\/\/comunidadtextil.com\/wpnews\/?p=13581"},"modified":"2023-02-02T10:56:24","modified_gmt":"2023-02-02T13:56:24","slug":"vf-corp-inaugura-un-centro-de-diseno-y-abre-una-oficina-regional-en-la-capital-nipona","status":"publish","type":"post","link":"https:\/\/comunidadtextil.com\/wpnews\/2023\/02\/vf-corp-inaugura-un-centro-de-diseno-y-abre-una-oficina-regional-en-la-capital-nipona\/","title":{"rendered":"VF Corp. inaugura un centro de dise\u00f1o y abre una oficina regional en la capital nipona"},"content":{"rendered":"<div id=\"attachment_13546\" style=\"width: 134px\" class=\"wp-caption alignleft\"><a href=\"https:\/\/comunidadtextil.com\/wpnews\/wp-content\/uploads\/2023\/02\/Mitch-Whitaker-presidente-del-nuevo-Design-Collective-en-Tokio.-_2b.jpg\"><img loading=\"lazy\" decoding=\"async\" aria-describedby=\"caption-attachment-13546\" class=\" wp-image-13546\" src=\"https:\/\/comunidadtextil.com\/wpnews\/wp-content\/uploads\/2023\/02\/Mitch-Whitaker-presidente-del-nuevo-Design-Collective-en-Tokio.-_2b-179x300.jpg\" alt=\"\" width=\"124\" height=\"208\" srcset=\"https:\/\/comunidadtextil.com\/wpnews\/wp-content\/uploads\/2023\/02\/Mitch-Whitaker-presidente-del-nuevo-Design-Collective-en-Tokio.-_2b-179x300.jpg 179w, https:\/\/comunidadtextil.com\/wpnews\/wp-content\/uploads\/2023\/02\/Mitch-Whitaker-presidente-del-nuevo-Design-Collective-en-Tokio.-_2b-90x150.jpg 90w, https:\/\/comunidadtextil.com\/wpnews\/wp-content\/uploads\/2023\/02\/Mitch-Whitaker-presidente-del-nuevo-Design-Collective-en-Tokio.-_2b.jpg 407w\" sizes=\"auto, (max-width: 124px) 100vw, 124px\" \/><\/a><p id=\"caption-attachment-13546\" class=\"wp-caption-text\">Mitch Whitaker, presidente del nuevo Design Collective en Tokio.<\/p><\/div>\n<p>La compa\u00f1\u00eda norteamericana propietaria de las marcas de indumentaria Dickies, Timberland y Vans, fortalece su presencia en Jap\u00f3n. El Centro de Dise\u00f1o no solo se enfocar\u00e1 en el p\u00fablico local sino que ser\u00e1 el hub desde donde se enviar\u00e1n nuevos modelos al resto de los mercados.<\/p>\n<p>Con el objetivo de incorporar el dise\u00f1o japon\u00e9s a sus marcas globales VF Corp. abri\u00f3 en Tokio un Centro de Dise\u00f1o Colectivo (TDC). El hub de creativos se encuentra ubicado en Harajuku, un barrio donde se concentran las tiendas vintage y las boutiques lujosas.<\/p>\n<p>Mitch Whitaker, presidente de Design Collective, dijo que \u201ctodos estamos muy contentos con la apertura de nuestra nueva casa en el coraz\u00f3n de Harajuku y con el rol que jugar\u00e1 en nuestra \u2018estrategia Jap\u00f3n\u2019, para Jap\u00f3n y el resto del mundo\u201d. El ejecutivo a\u00f1adi\u00f3 que \u201cusaremos este centro para inspirar nuevos dise\u00f1os no solo destinados al consumidor japon\u00e9s sino tambi\u00e9n para nuestros otros mercados\u201d.<\/p>\n<div id=\"attachment_13545\" style=\"width: 158px\" class=\"wp-caption alignright\"><a href=\"https:\/\/comunidadtextil.com\/wpnews\/wp-content\/uploads\/2023\/02\/Lance-Meller-presidente-de-Dickies.-.jpg\"><img loading=\"lazy\" decoding=\"async\" aria-describedby=\"caption-attachment-13545\" class=\" wp-image-13545\" src=\"https:\/\/comunidadtextil.com\/wpnews\/wp-content\/uploads\/2023\/02\/Lance-Meller-presidente-de-Dickies.--278x300.jpg\" alt=\"\" width=\"148\" height=\"160\" srcset=\"https:\/\/comunidadtextil.com\/wpnews\/wp-content\/uploads\/2023\/02\/Lance-Meller-presidente-de-Dickies.--278x300.jpg 278w, https:\/\/comunidadtextil.com\/wpnews\/wp-content\/uploads\/2023\/02\/Lance-Meller-presidente-de-Dickies.--139x150.jpg 139w, https:\/\/comunidadtextil.com\/wpnews\/wp-content\/uploads\/2023\/02\/Lance-Meller-presidente-de-Dickies.-.jpg 370w\" sizes=\"auto, (max-width: 148px) 100vw, 148px\" \/><\/a><p id=\"caption-attachment-13545\" class=\"wp-caption-text\">Lance Meller, presidente de Dickies.<\/p><\/div>\n<p>Del nuevo TDC participar\u00e1n dise\u00f1adores free lance, artistas y marcas japonesas que trabajar\u00e1n en el desarrollo y promoci\u00f3n de una nueva moda nipona. El centro tambi\u00e9n funcionar\u00e1 como un hub y, a trav\u00e9s del programa \u201cDise\u00f1o en residencia\u201d, dise\u00f1adores de otras partes del mundo que pertenecen a la empresa podr\u00e1n ir a Jap\u00f3n para vivir, trabajar y crear.<\/p>\n<p>Lance Meller, presidente de Dickies, asegur\u00f3 que \u201cel lanzamiento del TDC es un nuevo cap\u00edtulo en la expansi\u00f3n de nuestra marca. Esperamos aprovechar el dise\u00f1o y el compromiso japon\u00e9s adem\u00e1s del gusto de los consumidores para crecer en ese y otros mercados\u201d.<br \/>\n&#8212;&#8212;&#8212;&#8212;&#8212;&#8212;&#8212;&#8212;&#8212;&#8212;&#8212;&#8212;&#8212;&#8212;&#8212;&#8212;<br \/>\nSGB online \/ Comunidad Textil<\/p>\n<p>\u2014\u2014\u2014\u2014\u2014\u2014\u2014\u2014\u2014\u2014\u2014\u2014\u2014\u2014\u2014\u2014\u2014\u2014\u2014\u2014\u2014\u2014\u2014\u2014\u2014\u2014\u2014\u2014\u2014\u2014\u2014\u2014\u2014\u2014\u2014\u2014\u2014\u2014\u2014<\/p>\n<p dir=\"ltr\">Para comunicarse con ComunidadTextil: <span style=\"color: #3366ff;\"><a style=\"color: #3366ff;\" href=\"mailto:contacto@comunidadtextil.com\">contacto@comunidadtextil.com<\/a><\/span><\/p>\n<table border=\"0\" width=\"460\">\n<tbody>\n<tr>\n<td width=\"300\"><a href=\"https:\/\/epson.com.ar\/Para-el-trabajo\/Impresoras\/Gran-Formato\/c\/w140?q=%3Aname-asc%3AdiscontinuedFlag%3Afalse%3APro+Imaging+Facets%2CProfessional+Printer+Series%3ASureColor+F%7E102Series&amp;text=#scrollTgt_onRefresh\" target=\"_blank\" rel=\"noopener\"><img loading=\"lazy\" decoding=\"async\" class=\"aligncenter\" src=\"\/publicidad\/2022\/epson_lfp-300x200.gif\" alt=\"\" width=\"300\" height=\"200\" \/><\/a><\/td>\n<td width=\"171\"><a href=\"http:\/\/bit.ly\/2qWIP7i\" target=\"_blank\" rel=\"noopener\"><img loading=\"lazy\" decoding=\"async\" class=\"aligncenter\" src=\"\/publicidad\/banner-ciai.gif\" alt=\"\" width=\"300\" height=\"153\" border=\"0\" \/><\/a><\/td>\n<\/tr>\n<\/tbody>\n<\/table>\n","protected":false},"excerpt":{"rendered":"<p>La compa\u00f1\u00eda norteamericana propietaria de las marcas de indumentaria Dickies, Timberland y Vans, fortalece su presencia en Jap\u00f3n. El Centro de Dise\u00f1o no solo se enfocar\u00e1 en el p\u00fablico local sino que ser\u00e1 el hub desde donde se enviar\u00e1n nuevos modelos al resto de los mercados. Con el objetivo de incorporar el dise\u00f1o japon\u00e9s a [&hellip;]<\/p>\n","protected":false},"author":1924,"featured_media":0,"comment_status":"closed","ping_status":"closed","sticky":false,"template":"","format":"standard","meta":{"footnotes":""},"categories":[49,60],"tags":[],"class_list":["post-13581","post","type-post","status-publish","format-standard","hentry","category-empresas-negocios","category-noticias-de-asia","count-0","even alt","author-adminct","last"],"_links":{"self":[{"href":"https:\/\/comunidadtextil.com\/wpnews\/wp-json\/wp\/v2\/posts\/13581","targetHints":{"allow":["GET"]}}],"collection":[{"href":"https:\/\/comunidadtextil.com\/wpnews\/wp-json\/wp\/v2\/posts"}],"about":[{"href":"https:\/\/comunidadtextil.com\/wpnews\/wp-json\/wp\/v2\/types\/post"}],"author":[{"embeddable":true,"href":"https:\/\/comunidadtextil.com\/wpnews\/wp-json\/wp\/v2\/users\/1924"}],"replies":[{"embeddable":true,"href":"https:\/\/comunidadtextil.com\/wpnews\/wp-json\/wp\/v2\/comments?post=13581"}],"version-history":[{"count":3,"href":"https:\/\/comunidadtextil.com\/wpnews\/wp-json\/wp\/v2\/posts\/13581\/revisions"}],"predecessor-version":[{"id":13584,"href":"https:\/\/comunidadtextil.com\/wpnews\/wp-json\/wp\/v2\/posts\/13581\/revisions\/13584"}],"wp:attachment":[{"href":"https:\/\/comunidadtextil.com\/wpnews\/wp-json\/wp\/v2\/media?parent=13581"}],"wp:term":[{"taxonomy":"category","embeddable":true,"href":"https:\/\/comunidadtextil.com\/wpnews\/wp-json\/wp\/v2\/categories?post=13581"},{"taxonomy":"post_tag","embeddable":true,"href":"https:\/\/comunidadtextil.com\/wpnews\/wp-json\/wp\/v2\/tags?post=13581"}],"curies":[{"name":"wp","href":"https:\/\/api.w.org\/{rel}","templated":true}]}}