{"id":13417,"date":"2023-01-06T15:40:41","date_gmt":"2023-01-06T18:40:41","guid":{"rendered":"http:\/\/comunidadtextil.com\/wpnews\/?p=13417"},"modified":"2023-01-06T15:40:41","modified_gmt":"2023-01-06T18:40:41","slug":"la-falda-de-cuero-se-abre-paso-en-las-pasarelas-y-se-impone-en-el-verano-2023","status":"publish","type":"post","link":"https:\/\/comunidadtextil.com\/wpnews\/2023\/01\/la-falda-de-cuero-se-abre-paso-en-las-pasarelas-y-se-impone-en-el-verano-2023\/","title":{"rendered":"La falda de cuero se abre paso en las pasarelas y se impone en el verano 2023"},"content":{"rendered":"<p>Entre las tendencias en Europa para la temporada primavera verano 2023 surge con fuerza las faldas de cuero. Desde la minifalda a la versi\u00f3n tubo, esta prenda se perfila como una de las preferidas de las consumidoras.<\/p>\n<table>\n<tbody>\n<tr>\n<td><a href=\"https:\/\/comunidadtextil.com\/wpnews\/wp-content\/uploads\/2023\/01\/black-leather-look-mini-skirt-.jpg\"><img loading=\"lazy\" decoding=\"async\" class=\"size-medium wp-image-13395 aligncenter\" src=\"https:\/\/comunidadtextil.com\/wpnews\/wp-content\/uploads\/2023\/01\/black-leather-look-mini-skirt--264x300.jpg\" alt=\"\" width=\"264\" height=\"300\" srcset=\"https:\/\/comunidadtextil.com\/wpnews\/wp-content\/uploads\/2023\/01\/black-leather-look-mini-skirt--264x300.jpg 264w, https:\/\/comunidadtextil.com\/wpnews\/wp-content\/uploads\/2023\/01\/black-leather-look-mini-skirt--132x150.jpg 132w, https:\/\/comunidadtextil.com\/wpnews\/wp-content\/uploads\/2023\/01\/black-leather-look-mini-skirt-.jpg 720w\" sizes=\"auto, (max-width: 264px) 100vw, 264px\" \/><\/a><\/td>\n<td><a href=\"https:\/\/comunidadtextil.com\/wpnews\/wp-content\/uploads\/2023\/01\/b1.jpg\"><img loading=\"lazy\" decoding=\"async\" class=\"size-medium wp-image-13401 aligncenter\" src=\"https:\/\/comunidadtextil.com\/wpnews\/wp-content\/uploads\/2023\/01\/b1-236x300.jpg\" alt=\"\" width=\"236\" height=\"300\" srcset=\"https:\/\/comunidadtextil.com\/wpnews\/wp-content\/uploads\/2023\/01\/b1-236x300.jpg 236w, https:\/\/comunidadtextil.com\/wpnews\/wp-content\/uploads\/2023\/01\/b1-118x150.jpg 118w, https:\/\/comunidadtextil.com\/wpnews\/wp-content\/uploads\/2023\/01\/b1.jpg 500w\" sizes=\"auto, (max-width: 236px) 100vw, 236px\" \/><\/a><\/td>\n<\/tr>\n<\/tbody>\n<\/table>\n<p>Las polleras de cuero fueron una de las prendas m\u00e1s vistas en las pasarelas europeas. La moda para esta primavera verano incluye modelos tubo, minifaldas y estilo biker. En las calles de Europa, el look street style tambi\u00e9n incluy\u00f3 esta tradicional vestimenta femenina.<\/p>\n<p>Si bien el cuero se asocia con temperaturas bajas, las faldas de esta temporada se confeccionan con materiales finos y en modelos cortos lo que las convierte en una prenda apta para la primavera y el verano. Al ser un cl\u00e1sico en el guardarropas, la pollera de cuero es tambi\u00e9n una prenda que se puede conservar por a\u00f1os y siempre estar a la moda.<\/p>\n<p>Las marcas Bottega Veneta y M\u00f4not presentaron dise\u00f1os elegantes y ajustados al cuerpo mientras que Isabel Marant se inclin\u00f3 por las faldas cortas tipo cintur\u00f3n en plateado y metalizado. Por su parte, Versace mezcl\u00f3 los estilos biker y barbiecore y Natasha Zinko, en un estilo m\u00e1s punk, le agreg\u00f3 detalles recortados que contrastaban con las camisas estampadas con que las combin\u00f3.<\/p>\n<table>\n<tbody>\n<tr>\n<td><a href=\"https:\/\/comunidadtextil.com\/wpnews\/wp-content\/uploads\/2023\/01\/tall-black-leather-look-mini-skirt-.jpg\"><img loading=\"lazy\" decoding=\"async\" class=\"aligncenter wp-image-13397 size-medium\" src=\"https:\/\/comunidadtextil.com\/wpnews\/wp-content\/uploads\/2023\/01\/tall-black-leather-look-mini-skirt--e1673030310751-152x300.jpg\" alt=\"\" width=\"152\" height=\"300\" srcset=\"https:\/\/comunidadtextil.com\/wpnews\/wp-content\/uploads\/2023\/01\/tall-black-leather-look-mini-skirt--e1673030310751-152x300.jpg 152w, https:\/\/comunidadtextil.com\/wpnews\/wp-content\/uploads\/2023\/01\/tall-black-leather-look-mini-skirt--e1673030310751-76x150.jpg 76w, https:\/\/comunidadtextil.com\/wpnews\/wp-content\/uploads\/2023\/01\/tall-black-leather-look-mini-skirt--e1673030310751.jpg 414w\" sizes=\"auto, (max-width: 152px) 100vw, 152px\" \/><\/a><\/td>\n<td><a href=\"https:\/\/comunidadtextil.com\/wpnews\/wp-content\/uploads\/2023\/01\/nicole-mehta--e1673030245753.jpg\"><img loading=\"lazy\" decoding=\"async\" class=\"wp-image-13396 size-medium aligncenter\" src=\"https:\/\/comunidadtextil.com\/wpnews\/wp-content\/uploads\/2023\/01\/nicole-mehta--e1673030245753-173x300.jpg\" alt=\"\" width=\"173\" height=\"300\" srcset=\"https:\/\/comunidadtextil.com\/wpnews\/wp-content\/uploads\/2023\/01\/nicole-mehta--e1673030245753-173x300.jpg 173w, https:\/\/comunidadtextil.com\/wpnews\/wp-content\/uploads\/2023\/01\/nicole-mehta--e1673030245753-591x1024.jpg 591w, https:\/\/comunidadtextil.com\/wpnews\/wp-content\/uploads\/2023\/01\/nicole-mehta--e1673030245753-87x150.jpg 87w, https:\/\/comunidadtextil.com\/wpnews\/wp-content\/uploads\/2023\/01\/nicole-mehta--e1673030245753.jpg 658w\" sizes=\"auto, (max-width: 173px) 100vw, 173px\" \/><\/a><\/td>\n<td><a href=\"https:\/\/comunidadtextil.com\/wpnews\/wp-content\/uploads\/2023\/01\/ab-.jpg\"><img loading=\"lazy\" decoding=\"async\" class=\"size-medium wp-image-13394 aligncenter\" src=\"https:\/\/comunidadtextil.com\/wpnews\/wp-content\/uploads\/2023\/01\/ab--149x300.jpg\" alt=\"\" width=\"149\" height=\"300\" srcset=\"https:\/\/comunidadtextil.com\/wpnews\/wp-content\/uploads\/2023\/01\/ab--149x300.jpg 149w, https:\/\/comunidadtextil.com\/wpnews\/wp-content\/uploads\/2023\/01\/ab--74x150.jpg 74w, https:\/\/comunidadtextil.com\/wpnews\/wp-content\/uploads\/2023\/01\/ab-.jpg 397w\" sizes=\"auto, (max-width: 149px) 100vw, 149px\" \/><\/a><\/td>\n<\/tr>\n<\/tbody>\n<\/table>\n<p>La tendencia es combinar estas polleras con chaquetas oversize en el mismo material para lograr un total look en cuero. Estas faldas combinan muy bien con telas de contraste como el denim desgastado o las blusas de seda. La idea es cortar la \u201crigidez\u201d del cuero con telas livianas con vuelo para suavizar el look o combinarlos con elementos gastados o recortados para darle un toque vanguardista.<br \/>\n&#8212;&#8212;&#8212;&#8212;&#8212;&#8212;&#8212;&#8212;&#8212;&#8212;&#8212;&#8212;&#8212;&#8212;&#8212;&#8212;&#8212;&#8212;&#8212;&#8212;&#8212;&#8212;&#8212;&#8211;<br \/>\nFashion United \/ CueroAm\u00e9rica \/ Comunidad Textil<\/p>\n<p>\u2014\u2014\u2014\u2014\u2014\u2014\u2014\u2014\u2014\u2014\u2014\u2014\u2014\u2014\u2014\u2014\u2014\u2014\u2014\u2014\u2014\u2014\u2014\u2014\u2014\u2014\u2014\u2014\u2014\u2014\u2014\u2014\u2014\u2014\u2014\u2014\u2014\u2014\u2014<\/p>\n<p dir=\"ltr\">Para comunicarse con ComunidadTextil: <span style=\"color: #3366ff;\"><a style=\"color: #3366ff;\" href=\"mailto:contacto@comunidadtextil.com\">contacto@comunidadtextil.com<\/a><\/span><\/p>\n<table border=\"0\" width=\"460\">\n<tbody>\n<tr>\n<td width=\"300\"><a href=\"http:\/\/bit.ly\/2qWIP7i\" target=\"_blank\" rel=\"noopener\"><img loading=\"lazy\" decoding=\"async\" class=\"aligncenter\" src=\"\/publicidad\/banner-ciai.gif\" alt=\"\" width=\"300\" height=\"153\" border=\"0\" \/><\/a><\/td>\n<td width=\"171\"><a href=\"https:\/\/www.lwc-visual.com\/\" target=\"_blank\" rel=\"noopener\"><img loading=\"lazy\" decoding=\"async\" class=\"aligncenter\" src=\"\/publicidad\/manegtext.jpg\" width=\"300\" height=\"200\" \/><\/a><\/td>\n<\/tr>\n<\/tbody>\n<\/table>\n","protected":false},"excerpt":{"rendered":"<p>Entre las tendencias en Europa para la temporada primavera verano 2023 surge con fuerza las faldas de cuero. Desde la minifalda a la versi\u00f3n tubo, esta prenda se perfila como una de las preferidas de las consumidoras. Las polleras de cuero fueron una de las prendas m\u00e1s vistas en las pasarelas europeas. La moda para [&hellip;]<\/p>\n","protected":false},"author":1924,"featured_media":0,"comment_status":"closed","ping_status":"closed","sticky":false,"template":"","format":"standard","meta":{"footnotes":""},"categories":[76],"tags":[],"class_list":["post-13417","post","type-post","status-publish","format-standard","hentry","category-materias-primas","count-0","even alt","author-adminct","last"],"_links":{"self":[{"href":"https:\/\/comunidadtextil.com\/wpnews\/wp-json\/wp\/v2\/posts\/13417","targetHints":{"allow":["GET"]}}],"collection":[{"href":"https:\/\/comunidadtextil.com\/wpnews\/wp-json\/wp\/v2\/posts"}],"about":[{"href":"https:\/\/comunidadtextil.com\/wpnews\/wp-json\/wp\/v2\/types\/post"}],"author":[{"embeddable":true,"href":"https:\/\/comunidadtextil.com\/wpnews\/wp-json\/wp\/v2\/users\/1924"}],"replies":[{"embeddable":true,"href":"https:\/\/comunidadtextil.com\/wpnews\/wp-json\/wp\/v2\/comments?post=13417"}],"version-history":[{"count":3,"href":"https:\/\/comunidadtextil.com\/wpnews\/wp-json\/wp\/v2\/posts\/13417\/revisions"}],"predecessor-version":[{"id":13460,"href":"https:\/\/comunidadtextil.com\/wpnews\/wp-json\/wp\/v2\/posts\/13417\/revisions\/13460"}],"wp:attachment":[{"href":"https:\/\/comunidadtextil.com\/wpnews\/wp-json\/wp\/v2\/media?parent=13417"}],"wp:term":[{"taxonomy":"category","embeddable":true,"href":"https:\/\/comunidadtextil.com\/wpnews\/wp-json\/wp\/v2\/categories?post=13417"},{"taxonomy":"post_tag","embeddable":true,"href":"https:\/\/comunidadtextil.com\/wpnews\/wp-json\/wp\/v2\/tags?post=13417"}],"curies":[{"name":"wp","href":"https:\/\/api.w.org\/{rel}","templated":true}]}}