{"id":13325,"date":"2022-12-20T10:14:53","date_gmt":"2022-12-20T13:14:53","guid":{"rendered":"http:\/\/comunidadtextil.com\/wpnews\/?p=13325"},"modified":"2022-12-20T10:14:53","modified_gmt":"2022-12-20T13:14:53","slug":"alliance-invertira-us-20-m-en-paraguay-para-montar-una-hilanderia-solo-para-exportar","status":"publish","type":"post","link":"https:\/\/comunidadtextil.com\/wpnews\/2022\/12\/alliance-invertira-us-20-m-en-paraguay-para-montar-una-hilanderia-solo-para-exportar\/","title":{"rendered":"Alliance invertir\u00e1 US$ 20 M. en Paraguay para montar una hilander\u00eda s\u00f3lo para exportar"},"content":{"rendered":"<p><a href=\"https:\/\/comunidadtextil.com\/wpnews\/wp-content\/uploads\/2022\/12\/Textil-.jpg\"><img loading=\"lazy\" decoding=\"async\" class=\" wp-image-13313 alignright\" src=\"https:\/\/comunidadtextil.com\/wpnews\/wp-content\/uploads\/2022\/12\/Textil--300x170.jpg\" alt=\"\" width=\"245\" height=\"141\" \/><\/a>La fabricante brasilera de hilados se instalar\u00e1 en el departamento paraguayo de Alto Paran\u00e1 donde invertir\u00eda US$ 20 millones y contratar\u00e1, en la primera etapa, a cien trabajadores. Aseguran que la planta comenzar\u00eda a funcionar en 2024.<\/p>\n<p>El ministro de Industria y Comercio de Paraguay (MIC), Luis Alberto Castiglioni se reuni\u00f3 con el director de la firma textil Alliance de Brasil, Fernando Fadel. Al t\u00e9rmino del encuentro, el empresario brasilero anunci\u00f3 que instalar\u00e1 una planta textil a orillas del r\u00edo Monday en Alto Paran\u00e1.<\/p>\n<p>El proyecto consta de cuatro etapas y comenzar\u00e1 a producir en 2024. En la primera fase la producci\u00f3n comenzar\u00eda con un plantel de 100 operarios. En esta instancia, la nueva f\u00e1brica producir\u00e1 hilos de algod\u00f3n, viscosa y poli\u00e9ster, para los mercados de Am\u00e9rica Latina y Brasil. En la segunda etapa, las ventas se extender\u00e1n a Estados Unidos y Europa.<\/p>\n<div id=\"attachment_13312\" style=\"width: 257px\" class=\"wp-caption alignleft\"><a href=\"https:\/\/comunidadtextil.com\/wpnews\/wp-content\/uploads\/2022\/12\/El-ministro-de-Industria-y-Comercio-MIC-de-Paraguay-Luis-Alberto-Castiglioni-recibio-al-director-de-la-firma-textil-Alliance-de-Brasil-Fernando-Fadel.-.jpg\"><img loading=\"lazy\" decoding=\"async\" aria-describedby=\"caption-attachment-13312\" class=\" wp-image-13312\" src=\"https:\/\/comunidadtextil.com\/wpnews\/wp-content\/uploads\/2022\/12\/El-ministro-de-Industria-y-Comercio-MIC-de-Paraguay-Luis-Alberto-Castiglioni-recibio-al-director-de-la-firma-textil-Alliance-de-Brasil-Fernando-Fadel.--300x169.jpg\" alt=\"\" width=\"247\" height=\"139\" srcset=\"https:\/\/comunidadtextil.com\/wpnews\/wp-content\/uploads\/2022\/12\/El-ministro-de-Industria-y-Comercio-MIC-de-Paraguay-Luis-Alberto-Castiglioni-recibio-al-director-de-la-firma-textil-Alliance-de-Brasil-Fernando-Fadel.--300x169.jpg 300w, https:\/\/comunidadtextil.com\/wpnews\/wp-content\/uploads\/2022\/12\/El-ministro-de-Industria-y-Comercio-MIC-de-Paraguay-Luis-Alberto-Castiglioni-recibio-al-director-de-la-firma-textil-Alliance-de-Brasil-Fernando-Fadel.--150x84.jpg 150w, https:\/\/comunidadtextil.com\/wpnews\/wp-content\/uploads\/2022\/12\/El-ministro-de-Industria-y-Comercio-MIC-de-Paraguay-Luis-Alberto-Castiglioni-recibio-al-director-de-la-firma-textil-Alliance-de-Brasil-Fernando-Fadel.-.jpg 600w\" sizes=\"auto, (max-width: 247px) 100vw, 247px\" \/><\/a><p id=\"caption-attachment-13312\" class=\"wp-caption-text\">El ministro de Industria y Comercio (MIC) de Paraguay, Luis Alberto Castiglioni, recibi\u00f3 al director de la firma textil Alliance, de Brasil, Fernando Fadel.<\/p><\/div>\n<p>Al comienzo, la empresa planea producir dos millones de kilos de hilos al mes. En la cuarta y \u00faltima parte del proyecto \u201ctransformaremos los hilos en mallas, llegando a operar con m\u00e1s de 600 colaboradores\u201d adelant\u00f3 Fadel.<\/p>\n<p>En cuanto a los motivos que llevaron a Alliance a instalarse en Paraguay, Fadel se\u00f1al\u00f3 que \u201cteniendo en cuenta que es una industria que consume mucha energ\u00eda y el costo de \u00e9sta en Paraguay es bastante atractivo, por la represa de Itaip\u00fa. Tambi\u00e9n por el r\u00e9gimen de maquila, que es un gran incentivo para la inversi\u00f3n, y por \u00faltimo la mano de obra paraguaya, ya que estudiamos el mercado y tenemos referencias bastante positivas\u201d.<\/p>\n<p>La empresa ya ha adquirido un predio de 44 hect\u00e1reas en el kil\u00f3metro 12 en la costa del r\u00edo Monday. Las obras est\u00e1n en proceso y en febrero comenzar\u00edan a llegar las primeras m\u00e1quinas.<br \/>\n&#8212;&#8212;&#8212;&#8212;&#8212;&#8212;&#8212;&#8212;&#8212;&#8212;&#8212;&#8212;&#8212;&#8212;&#8212;-<br \/>\nIP Paraguay \/ Comunidad Textil<\/p>\n<p>\u2014\u2014\u2014\u2014\u2014\u2014\u2014\u2014\u2014\u2014\u2014\u2014\u2014\u2014\u2014\u2014\u2014\u2014\u2014\u2014\u2014\u2014\u2014\u2014\u2014\u2014\u2014\u2014\u2014\u2014\u2014\u2014\u2014\u2014\u2014\u2014\u2014\u2014\u2014<\/p>\n<p dir=\"ltr\">Para comunicarse con ComunidadTextil: <span style=\"color: #3366ff;\"><a style=\"color: #3366ff;\" href=\"mailto:contacto@comunidadtextil.com\">contacto@comunidadtextil.com<\/a><\/span><\/p>\n<table border=\"0\" width=\"460\">\n<tbody>\n<tr>\n<td width=\"300\"><a href=\"https:\/\/www.fashionaccess.aplf.com\/en-us\/\" target=\"_blank\" rel=\"noopener\"><img loading=\"lazy\" decoding=\"async\" class=\"aligncenter\" src=\"\/publicidad\/2022\/FA_2023_banner_300x200px.png\" alt=\"\" width=\"300\" height=\"200\" \/><\/a><\/td>\n<td width=\"171\"><a href=\"https:\/\/www.lwc-visual.com\/\" target=\"_blank\" rel=\"noopener\"><img loading=\"lazy\" decoding=\"async\" class=\"aligncenter\" src=\"\/publicidad\/manegtext.jpg\" width=\"300\" height=\"200\" \/><\/a><\/td>\n<\/tr>\n<\/tbody>\n<\/table>\n","protected":false},"excerpt":{"rendered":"<p>La fabricante brasilera de hilados se instalar\u00e1 en el departamento paraguayo de Alto Paran\u00e1 donde invertir\u00eda US$ 20 millones y contratar\u00e1, en la primera etapa, a cien trabajadores. Aseguran que la planta comenzar\u00eda a funcionar en 2024. El ministro de Industria y Comercio de Paraguay (MIC), Luis Alberto Castiglioni se reuni\u00f3 con el director de [&hellip;]<\/p>\n","protected":false},"author":1924,"featured_media":0,"comment_status":"closed","ping_status":"closed","sticky":false,"template":"","format":"standard","meta":{"footnotes":""},"categories":[49,58],"tags":[],"class_list":["post-13325","post","type-post","status-publish","format-standard","hentry","category-empresas-negocios","category-noticias-de-america-latina","count-0","even alt","author-adminct","last"],"_links":{"self":[{"href":"https:\/\/comunidadtextil.com\/wpnews\/wp-json\/wp\/v2\/posts\/13325","targetHints":{"allow":["GET"]}}],"collection":[{"href":"https:\/\/comunidadtextil.com\/wpnews\/wp-json\/wp\/v2\/posts"}],"about":[{"href":"https:\/\/comunidadtextil.com\/wpnews\/wp-json\/wp\/v2\/types\/post"}],"author":[{"embeddable":true,"href":"https:\/\/comunidadtextil.com\/wpnews\/wp-json\/wp\/v2\/users\/1924"}],"replies":[{"embeddable":true,"href":"https:\/\/comunidadtextil.com\/wpnews\/wp-json\/wp\/v2\/comments?post=13325"}],"version-history":[{"count":1,"href":"https:\/\/comunidadtextil.com\/wpnews\/wp-json\/wp\/v2\/posts\/13325\/revisions"}],"predecessor-version":[{"id":13331,"href":"https:\/\/comunidadtextil.com\/wpnews\/wp-json\/wp\/v2\/posts\/13325\/revisions\/13331"}],"wp:attachment":[{"href":"https:\/\/comunidadtextil.com\/wpnews\/wp-json\/wp\/v2\/media?parent=13325"}],"wp:term":[{"taxonomy":"category","embeddable":true,"href":"https:\/\/comunidadtextil.com\/wpnews\/wp-json\/wp\/v2\/categories?post=13325"},{"taxonomy":"post_tag","embeddable":true,"href":"https:\/\/comunidadtextil.com\/wpnews\/wp-json\/wp\/v2\/tags?post=13325"}],"curies":[{"name":"wp","href":"https:\/\/api.w.org\/{rel}","templated":true}]}}