{"id":13181,"date":"2022-11-22T12:47:41","date_gmt":"2022-11-22T15:47:41","guid":{"rendered":"http:\/\/comunidadtextil.com\/wpnews\/?p=13181"},"modified":"2022-11-22T12:47:41","modified_gmt":"2022-11-22T15:47:41","slug":"inauguran-una-nueva-planta-de-las-marcas-desiderata-system-y-portsaid-en-la-rioja","status":"publish","type":"post","link":"https:\/\/comunidadtextil.com\/wpnews\/2022\/11\/inauguran-una-nueva-planta-de-las-marcas-desiderata-system-y-portsaid-en-la-rioja\/","title":{"rendered":"Inauguran una nueva planta de las marcas Desiderata, System y Portsaid en La Rioja"},"content":{"rendered":"<div id=\"attachment_13164\" style=\"width: 257px\" class=\"wp-caption alignright\"><a href=\"https:\/\/comunidadtextil.com\/wpnews\/wp-content\/uploads\/2022\/11\/Llegada-de-equipamiento-para-la-nueva-planta-de-Mezalosa-S.A.-en-el-Parque-Industrial-de-La-Rioja.-.jpg\"><img loading=\"lazy\" decoding=\"async\" aria-describedby=\"caption-attachment-13164\" class=\" wp-image-13164\" src=\"https:\/\/comunidadtextil.com\/wpnews\/wp-content\/uploads\/2022\/11\/Llegada-de-equipamiento-para-la-nueva-planta-de-Mezalosa-S.A.-en-el-Parque-Industrial-de-La-Rioja.--300x169.jpg\" alt=\"\" width=\"247\" height=\"139\" srcset=\"https:\/\/comunidadtextil.com\/wpnews\/wp-content\/uploads\/2022\/11\/Llegada-de-equipamiento-para-la-nueva-planta-de-Mezalosa-S.A.-en-el-Parque-Industrial-de-La-Rioja.--300x169.jpg 300w, https:\/\/comunidadtextil.com\/wpnews\/wp-content\/uploads\/2022\/11\/Llegada-de-equipamiento-para-la-nueva-planta-de-Mezalosa-S.A.-en-el-Parque-Industrial-de-La-Rioja.--1024x575.jpg 1024w, https:\/\/comunidadtextil.com\/wpnews\/wp-content\/uploads\/2022\/11\/Llegada-de-equipamiento-para-la-nueva-planta-de-Mezalosa-S.A.-en-el-Parque-Industrial-de-La-Rioja.--768x431.jpg 768w, https:\/\/comunidadtextil.com\/wpnews\/wp-content\/uploads\/2022\/11\/Llegada-de-equipamiento-para-la-nueva-planta-de-Mezalosa-S.A.-en-el-Parque-Industrial-de-La-Rioja.--150x84.jpg 150w, https:\/\/comunidadtextil.com\/wpnews\/wp-content\/uploads\/2022\/11\/Llegada-de-equipamiento-para-la-nueva-planta-de-Mezalosa-S.A.-en-el-Parque-Industrial-de-La-Rioja.-.jpg 1200w\" sizes=\"auto, (max-width: 247px) 100vw, 247px\" \/><\/a><p id=\"caption-attachment-13164\" class=\"wp-caption-text\">Llegada de equipamiento para la nueva planta de Mezalosa S.A. en el Parque Industrial de La Rioja.<\/p><\/div>\n<p>La compa\u00f1\u00eda textil argentina Mazalosa S.A anunci\u00f3 que comenzar\u00e1 a operar en el mes de diciembre en La Rioja, provincia situada al noreste de Argentina. La empresa producir\u00e1 para las marcas Desiderata, Portsaid y System.<\/p>\n<p>En el Parque Industrial ubicado en la capital de la provincia de La Rioja, la empresa textil Mazalosa S.A. comenzar\u00e1 a producir en el mes de diciembre prendas para Desiderata, Portsaid y System. En la primera etapa, la compa\u00f1\u00eda generar\u00e1 27 nuevos puestos de trabajo. Los nuevos empleados fueron capacitados en tareas textiles en la \u201cUsina de Industrias\u201d, organizaci\u00f3n dedicada a promover la industria de la provincia.<\/p>\n<table>\n<tbody>\n<tr>\n<td><a href=\"https:\/\/comunidadtextil.com\/wpnews\/wp-content\/uploads\/2022\/11\/Mezalosa-S.A.-.jpg\"><img loading=\"lazy\" decoding=\"async\" class=\" wp-image-13165 aligncenter\" src=\"https:\/\/comunidadtextil.com\/wpnews\/wp-content\/uploads\/2022\/11\/Mezalosa-S.A.--300x168.jpg\" alt=\"\" width=\"259\" height=\"145\" srcset=\"https:\/\/comunidadtextil.com\/wpnews\/wp-content\/uploads\/2022\/11\/Mezalosa-S.A.--300x168.jpg 300w, https:\/\/comunidadtextil.com\/wpnews\/wp-content\/uploads\/2022\/11\/Mezalosa-S.A.--1024x573.jpg 1024w, https:\/\/comunidadtextil.com\/wpnews\/wp-content\/uploads\/2022\/11\/Mezalosa-S.A.--768x430.jpg 768w, https:\/\/comunidadtextil.com\/wpnews\/wp-content\/uploads\/2022\/11\/Mezalosa-S.A.--150x84.jpg 150w, https:\/\/comunidadtextil.com\/wpnews\/wp-content\/uploads\/2022\/11\/Mezalosa-S.A.-.jpg 1401w\" sizes=\"auto, (max-width: 259px) 100vw, 259px\" \/><\/a><\/td>\n<td><a href=\"https:\/\/comunidadtextil.com\/wpnews\/wp-content\/uploads\/2022\/11\/Porsaid-.jpg\"><img decoding=\"async\" class=\" wp-image-13167 aligncenter\" src=\"https:\/\/comunidadtextil.com\/wpnews\/wp-content\/uploads\/2022\/11\/Porsaid--300x148.jpg\" alt=\"\" width=\"auto\" height=\"auto\" srcset=\"https:\/\/comunidadtextil.com\/wpnews\/wp-content\/uploads\/2022\/11\/Porsaid--300x148.jpg 300w, https:\/\/comunidadtextil.com\/wpnews\/wp-content\/uploads\/2022\/11\/Porsaid--1024x507.jpg 1024w, https:\/\/comunidadtextil.com\/wpnews\/wp-content\/uploads\/2022\/11\/Porsaid--768x380.jpg 768w, https:\/\/comunidadtextil.com\/wpnews\/wp-content\/uploads\/2022\/11\/Porsaid--150x74.jpg 150w, https:\/\/comunidadtextil.com\/wpnews\/wp-content\/uploads\/2022\/11\/Porsaid-.jpg 1170w\" sizes=\"(max-width: 300px) 100vw, 300px\" \/><\/a><\/td>\n<\/tr>\n<\/tbody>\n<\/table>\n<p>Mazalosa S.A. lleva m\u00e1s de 50 a\u00f1os en el mercado y tiene programado aumentar su flamante planta riojana contratando 30 operarios m\u00e1s en la pr\u00f3xima etapa. Actualmente, la empresa cuenta, adem\u00e1s, con un Centro de Producci\u00f3n y Distribuci\u00f3n en la localidad de Munro en la provincia de Buenos Aires. Desde all\u00ed, la fabricante textil abastece a su red de 80 locales y sus 250 clientes mayoristas.<br \/>\n&#8212;&#8212;&#8212;&#8212;&#8212;&#8212;&#8212;&#8212;&#8212;&#8212;&#8212;&#8212;&#8212;&#8212;&#8212;&#8212;&#8212;&#8212;<br \/>\nFashion Network \/ Comunidad Textil<\/p>\n<p>\u2014\u2014\u2014\u2014\u2014\u2014\u2014\u2014\u2014\u2014\u2014\u2014\u2014\u2014\u2014\u2014\u2014\u2014\u2014\u2014\u2014\u2014\u2014\u2014\u2014\u2014\u2014\u2014\u2014\u2014\u2014\u2014\u2014\u2014\u2014\u2014\u2014\u2014\u2014<\/p>\n<p dir=\"ltr\">Para comunicarse con ComunidadTextil: <span style=\"color: #3366ff;\"><a style=\"color: #3366ff;\" href=\"mailto:contacto@comunidadtextil.com\">contacto@comunidadtextil.com<\/a><\/span><\/p>\n<table border=\"0\" width=\"460\">\n<tbody>\n<tr>\n<td width=\"300\"><a href=\"https:\/\/algoselanflandria.com.ar\/\" target=\"_blank\" rel=\"noopener\"><img decoding=\"async\" class=\"aligncenter\" src=\"http:\/\/comunidadtextil.com\/publicidad\/af-2020-300x200px.gif\" alt=\"\" width=\"auto\" height=\"auto\" border=\"0\" \/><\/a><\/td>\n<td width=\"171\"><a href=\"http:\/\/www.tintoreanatur.com.ar\" target=\"_blank\" rel=\"noopener\"><img loading=\"lazy\" decoding=\"async\" class=\"aligncenter\" src=\"\/publicidad\/tintoreanatur-banner-300x200_2021.jpg\" alt=\"\" width=\"301\" height=\"201\" \/><\/a><\/td>\n<\/tr>\n<\/tbody>\n<\/table>\n","protected":false},"excerpt":{"rendered":"<p>La compa\u00f1\u00eda textil argentina Mazalosa S.A anunci\u00f3 que comenzar\u00e1 a operar en el mes de diciembre en La Rioja, provincia situada al noreste de Argentina. La empresa producir\u00e1 para las marcas Desiderata, Portsaid y System. En el Parque Industrial ubicado en la capital de la provincia de La Rioja, la empresa textil Mazalosa S.A. comenzar\u00e1 [&hellip;]<\/p>\n","protected":false},"author":1924,"featured_media":0,"comment_status":"closed","ping_status":"closed","sticky":false,"template":"","format":"standard","meta":{"footnotes":""},"categories":[8,49],"tags":[],"class_list":["post-13181","post","type-post","status-publish","format-standard","hentry","category-argentina","category-empresas-negocios","count-0","even alt","author-adminct","last"],"_links":{"self":[{"href":"https:\/\/comunidadtextil.com\/wpnews\/wp-json\/wp\/v2\/posts\/13181","targetHints":{"allow":["GET"]}}],"collection":[{"href":"https:\/\/comunidadtextil.com\/wpnews\/wp-json\/wp\/v2\/posts"}],"about":[{"href":"https:\/\/comunidadtextil.com\/wpnews\/wp-json\/wp\/v2\/types\/post"}],"author":[{"embeddable":true,"href":"https:\/\/comunidadtextil.com\/wpnews\/wp-json\/wp\/v2\/users\/1924"}],"replies":[{"embeddable":true,"href":"https:\/\/comunidadtextil.com\/wpnews\/wp-json\/wp\/v2\/comments?post=13181"}],"version-history":[{"count":5,"href":"https:\/\/comunidadtextil.com\/wpnews\/wp-json\/wp\/v2\/posts\/13181\/revisions"}],"predecessor-version":[{"id":13186,"href":"https:\/\/comunidadtextil.com\/wpnews\/wp-json\/wp\/v2\/posts\/13181\/revisions\/13186"}],"wp:attachment":[{"href":"https:\/\/comunidadtextil.com\/wpnews\/wp-json\/wp\/v2\/media?parent=13181"}],"wp:term":[{"taxonomy":"category","embeddable":true,"href":"https:\/\/comunidadtextil.com\/wpnews\/wp-json\/wp\/v2\/categories?post=13181"},{"taxonomy":"post_tag","embeddable":true,"href":"https:\/\/comunidadtextil.com\/wpnews\/wp-json\/wp\/v2\/tags?post=13181"}],"curies":[{"name":"wp","href":"https:\/\/api.w.org\/{rel}","templated":true}]}}